{"id":68309,"date":"2022-01-03T15:29:58","date_gmt":"2022-01-03T18:29:58","guid":{"rendered":"https:\/\/radiosolaris.com.br\/beta\/?p=68309"},"modified":"2022-01-03T15:30:00","modified_gmt":"2022-01-03T18:30:00","slug":"prefeitura-de-caxias-lamenta-falecimento-do-medico-edmundo-dias-de-oliveira","status":"publish","type":"post","link":"https:\/\/radiosolaris.com.br\/beta\/prefeitura-de-caxias-lamenta-falecimento-do-medico-edmundo-dias-de-oliveira\/","title":{"rendered":"Prefeitura de Caxias lamenta falecimento do m\u00e9dico Edmundo Dias de Oliveira"},"content":{"rendered":"\n<h4 id=\"o-velorio-ocorre-na-capela-a-do-memorial-sao-jose-e-a-cremacao-esta-marcada-para-as-20h\" class=\"wp-block-heading\">O vel\u00f3rio ocorre na Capela A do Memorial S\u00e3o Jos\u00e9 e a crema\u00e7\u00e3o est\u00e1 marcada para as 20h <\/h4>\n\n\n\n<p>A Prefeitura de Caxias do Sul, por meio da Secretaria Municipal da Sa\u00fade, lamenta o falecimento do m\u00e9dico Edmundo Dias de Oliveira, ocorrido no domingo (2). Formado em Medicina em 1971, realizou especializa\u00e7\u00e3o em hematologia. Nos \u00faltimos tempos, estava ligado \u00e0 Unidade B\u00e1sica de Sa\u00fade (UBS) Vila Lobos como m\u00e9dico de Estrat\u00e9gia de Sa\u00fade da Fam\u00edlia, mas estava afastado por problemas de sa\u00fade. O Dr. Dias de Oliveira tamb\u00e9m trabalhou por muitos anos na UBS S\u00e3o Jos\u00e9 e em outras unidades.<\/p>\n\n\n\n<p>O vel\u00f3rio ocorre na Capela A do Memorial S\u00e3o Jos\u00e9 e a cerim\u00f4nia de crema\u00e7\u00e3o est\u00e1 marcada para as 20h desta segunda, no Memorial Cremat\u00f3rio S\u00e3o Jos\u00e9 de Caxias do Sul. A Prefeitura se solidariza aos familiares e amigos por essa irrepar\u00e1vel perda.<\/p>\n\n\n\n<figure class=\"wp-block-gallery columns-1 is-cropped wp-block-gallery-1 is-layout-flex wp-block-gallery-is-layout-flex\"><ul class=\"blocks-gallery-grid\"><li class=\"blocks-gallery-item\"><figure><img  loading=\"lazy\"  decoding=\"async\"  width=\"836\"  height=\"1024\"  src=\"data:image\/png;base64,iVBORw0KGgoAAAANSUhEUgAAAAEAAAABAQMAAAAl21bKAAAAA1BMVEUAAP+KeNJXAAAAAXRSTlMAQObYZgAAAAlwSFlzAAAOxAAADsQBlSsOGwAAAApJREFUCNdjYAAAAAIAAeIhvDMAAAAASUVORK5CYII=\"  alt=\"\"  data-id=\"68311\"  data-full-url=\"https:\/\/radiosolaris.com.br\/beta\/wp-content\/uploads\/2022\/01\/29da780b-0d2f-486f-87db-20619f98cd3c_1000.jpg\"  data-link=\"https:\/\/radiosolaris.com.br\/beta\/?attachment_id=68311\"  class=\"wp-image-68311 pk-lazyload\"  data-pk-sizes=\"auto\"  data-ls-sizes=\"auto, (max-width: 836px) 100vw, 836px\"  data-pk-src=\"https:\/\/radiosolaris.com.br\/beta\/wp-content\/uploads\/2022\/01\/29da780b-0d2f-486f-87db-20619f98cd3c_1000-836x1024.jpg\"  data-pk-srcset=\"https:\/\/radiosolaris.com.br\/beta\/wp-content\/uploads\/2022\/01\/29da780b-0d2f-486f-87db-20619f98cd3c_1000-836x1024.jpg 836w, https:\/\/radiosolaris.com.br\/beta\/wp-content\/uploads\/2022\/01\/29da780b-0d2f-486f-87db-20619f98cd3c_1000-800x980.jpg 800w, https:\/\/radiosolaris.com.br\/beta\/wp-content\/uploads\/2022\/01\/29da780b-0d2f-486f-87db-20619f98cd3c_1000-768x941.jpg 768w, https:\/\/radiosolaris.com.br\/beta\/wp-content\/uploads\/2022\/01\/29da780b-0d2f-486f-87db-20619f98cd3c_1000.jpg 1000w\" ><\/figure><\/li><\/ul><\/figure>\n\n\n\n<figure class=\"wp-block-gallery columns-1 is-cropped wp-block-gallery-2 is-layout-flex wp-block-gallery-is-layout-flex\"><ul class=\"blocks-gallery-grid\"><li class=\"blocks-gallery-item\"><figure><a href=\"https:\/\/radiosolaris.com.br\/beta\/wp-content\/uploads\/2022\/01\/01695f96-97bb-4bb1-be90-64cdfc9073b9_1000.jpg\"><img  loading=\"lazy\"  decoding=\"async\"  width=\"1000\"  height=\"667\"  src=\"data:image\/png;base64,iVBORw0KGgoAAAANSUhEUgAAAAEAAAABAQMAAAAl21bKAAAAA1BMVEUAAP+KeNJXAAAAAXRSTlMAQObYZgAAAAlwSFlzAAAOxAAADsQBlSsOGwAAAApJREFUCNdjYAAAAAIAAeIhvDMAAAAASUVORK5CYII=\"  alt=\"\"  data-id=\"68312\"  data-full-url=\"https:\/\/radiosolaris.com.br\/beta\/wp-content\/uploads\/2022\/01\/01695f96-97bb-4bb1-be90-64cdfc9073b9_1000.jpg\"  data-link=\"https:\/\/radiosolaris.com.br\/beta\/?attachment_id=68312\"  class=\"wp-image-68312 pk-lazyload\"  data-pk-sizes=\"auto\"  data-ls-sizes=\"auto, (max-width: 1000px) 100vw, 1000px\"  data-pk-src=\"https:\/\/radiosolaris.com.br\/beta\/wp-content\/uploads\/2022\/01\/01695f96-97bb-4bb1-be90-64cdfc9073b9_1000.jpg\"  data-pk-srcset=\"https:\/\/radiosolaris.com.br\/beta\/wp-content\/uploads\/2022\/01\/01695f96-97bb-4bb1-be90-64cdfc9073b9_1000.jpg 1000w, https:\/\/radiosolaris.com.br\/beta\/wp-content\/uploads\/2022\/01\/01695f96-97bb-4bb1-be90-64cdfc9073b9_1000-800x534.jpg 800w\" ><\/a><figcaption class=\"blocks-gallery-item__caption\">Cerim\u00f4nia realizada em 2015 quando o Dr. Dias de Oliveira (ao centro) foi um dos premiados com o reconhecimento pelo trabalho na sa\u00fade<\/figcaption><\/figure><\/li><\/ul><\/figure>\n","protected":false},"excerpt":{"rendered":"<p>O vel\u00f3rio ocorre na Capela A do Memorial S\u00e3o Jos\u00e9 e a crema\u00e7\u00e3o est\u00e1 marcada para as 20h A Prefeitura de Caxias do Sul, por meio da Secretaria Municipal da&hellip;<\/p>\n","protected":false},"author":17,"featured_media":68314,"comment_status":"closed","ping_status":"closed","sticky":false,"template":"","format":"standard","meta":{"_lmt_disableupdate":"","_lmt_disable":"","footnotes":""},"categories":[83],"tags":[148,3242],"powerkit_post_featured":[],"class_list":{"0":"post-68309","1":"post","2":"type-post","3":"status-publish","4":"format-standard","5":"has-post-thumbnail","7":"category-serra-gaucha","8":"tag-caxias-do-sul","9":"tag-medico-2"},"modified_by":"Igor Panzenhagen","_links":{"self":[{"href":"https:\/\/radiosolaris.com.br\/beta\/wp-json\/wp\/v2\/posts\/68309","targetHints":{"allow":["GET"]}}],"collection":[{"href":"https:\/\/radiosolaris.com.br\/beta\/wp-json\/wp\/v2\/posts"}],"about":[{"href":"https:\/\/radiosolaris.com.br\/beta\/wp-json\/wp\/v2\/types\/post"}],"author":[{"embeddable":true,"href":"https:\/\/radiosolaris.com.br\/beta\/wp-json\/wp\/v2\/users\/17"}],"replies":[{"embeddable":true,"href":"https:\/\/radiosolaris.com.br\/beta\/wp-json\/wp\/v2\/comments?post=68309"}],"version-history":[{"count":0,"href":"https:\/\/radiosolaris.com.br\/beta\/wp-json\/wp\/v2\/posts\/68309\/revisions"}],"wp:featuredmedia":[{"embeddable":true,"href":"https:\/\/radiosolaris.com.br\/beta\/wp-json\/wp\/v2\/media\/68314"}],"wp:attachment":[{"href":"https:\/\/radiosolaris.com.br\/beta\/wp-json\/wp\/v2\/media?parent=68309"}],"wp:term":[{"taxonomy":"category","embeddable":true,"href":"https:\/\/radiosolaris.com.br\/beta\/wp-json\/wp\/v2\/categories?post=68309"},{"taxonomy":"post_tag","embeddable":true,"href":"https:\/\/radiosolaris.com.br\/beta\/wp-json\/wp\/v2\/tags?post=68309"},{"taxonomy":"powerkit_post_featured","embeddable":true,"href":"https:\/\/radiosolaris.com.br\/beta\/wp-json\/wp\/v2\/powerkit_post_featured?post=68309"}],"curies":[{"name":"wp","href":"https:\/\/api.w.org\/{rel}","templated":true}]}}