{"id":68270,"date":"2022-01-03T09:13:48","date_gmt":"2022-01-03T12:13:48","guid":{"rendered":"https:\/\/radiosolaris.com.br\/beta\/?p=68270"},"modified":"2022-01-03T09:13:50","modified_gmt":"2022-01-03T12:13:50","slug":"salario-minimo-tem-aumento-de-r-11200","status":"publish","type":"post","link":"https:\/\/radiosolaris.com.br\/beta\/salario-minimo-tem-aumento-de-r-11200\/","title":{"rendered":"Sal\u00e1rio M\u00ednimo tem aumento de R$ 112,00"},"content":{"rendered":"\n<h4 id=\"o-valor-diario-do-salario-minimo-correspondera-a-r-4040\" class=\"wp-block-heading\">O valor di\u00e1rio do sal\u00e1rio m\u00ednimo corresponder\u00e1 a R$ 40,40<\/h4>\n\n\n\n<p>O&nbsp;Di\u00e1rio Oficial da Uni\u00e3o&nbsp;publicou no \u00faltimo dia de 2021, nesta sexta-feira (31), a&nbsp;<a href=\"https:\/\/www.in.gov.br\/web\/dou\/-\/medida-provisoria-n-1.091-de-30-de-dezembro-de-2021-371512885\" target=\"_blank\" rel=\"noreferrer noopener\">Medida Provis\u00f3ria n\u00ba 1.091<\/a>, de 30 de dezembro de 2021, assinada pelo presidente da Rep\u00fablica, Jair Bolsonaro. A medida define o novo valor do sal\u00e1rio m\u00ednimo, a partir de 1\u00ba de janeiro de 2022, que passa dos R$ 1.100 para R$ 1.212, um aumento de 10,18%.<\/p>\n\n\n\n<p>A portaria informa ainda que o valor di\u00e1rio do sal\u00e1rio m\u00ednimo corresponder\u00e1 a R$ 40,40 e de R$ 5,51, o valor hor\u00e1rio.<\/p>\n\n\n\n<p>Em seu pronunciamento em rede social na noite de quinta-feira (30) o Jair Bolsonaro &nbsp;j\u00e1 havia anunciado o novo valor do sal\u00e1rio m\u00ednimo para 2022.<\/p>\n\n\n\n<p>Informa\u00e7\u00f5es Agencia Brasil<\/p>\n\n\n\n<figure class=\"wp-block-image size-full is-style-default\"><img  loading=\"lazy\"  decoding=\"async\"  width=\"620\"  height=\"430\"  src=\"data:image\/png;base64,iVBORw0KGgoAAAANSUhEUgAAAAEAAAABAQMAAAAl21bKAAAAA1BMVEUAAP+KeNJXAAAAAXRSTlMAQObYZgAAAAlwSFlzAAAOxAAADsQBlSsOGwAAAApJREFUCNdjYAAAAAIAAeIhvDMAAAAASUVORK5CYII=\"  alt=\"\"  class=\"wp-image-68271 pk-lazyload\"  data-pk-sizes=\"auto\"  data-pk-src=\"https:\/\/radiosolaris.com.br\/beta\/wp-content\/uploads\/2022\/01\/Dinheiro.jpg\" ><\/figure>\n\n\n\n<p>Imagem Ilustrativa<\/p>\n","protected":false},"excerpt":{"rendered":"<p>O valor di\u00e1rio do sal\u00e1rio m\u00ednimo corresponder\u00e1 a R$ 40,40 O&nbsp;Di\u00e1rio Oficial da Uni\u00e3o&nbsp;publicou no \u00faltimo dia de 2021, nesta sexta-feira (31), a&nbsp;Medida Provis\u00f3ria n\u00ba 1.091, de 30 de dezembro&hellip;<\/p>\n","protected":false},"author":1,"featured_media":68271,"comment_status":"closed","ping_status":"closed","sticky":false,"template":"","format":"standard","meta":{"_lmt_disableupdate":"","_lmt_disable":"","footnotes":""},"categories":[84],"tags":[4924,574,607],"powerkit_post_featured":[],"class_list":{"0":"post-68270","1":"post","2":"type-post","3":"status-publish","4":"format-standard","5":"has-post-thumbnail","7":"category-brasil","8":"tag-presidente-bolsonaro","9":"tag-reajuste","10":"tag-salario"},"modified_by":null,"_links":{"self":[{"href":"https:\/\/radiosolaris.com.br\/beta\/wp-json\/wp\/v2\/posts\/68270","targetHints":{"allow":["GET"]}}],"collection":[{"href":"https:\/\/radiosolaris.com.br\/beta\/wp-json\/wp\/v2\/posts"}],"about":[{"href":"https:\/\/radiosolaris.com.br\/beta\/wp-json\/wp\/v2\/types\/post"}],"author":[{"embeddable":true,"href":"https:\/\/radiosolaris.com.br\/beta\/wp-json\/wp\/v2\/users\/1"}],"replies":[{"embeddable":true,"href":"https:\/\/radiosolaris.com.br\/beta\/wp-json\/wp\/v2\/comments?post=68270"}],"version-history":[{"count":0,"href":"https:\/\/radiosolaris.com.br\/beta\/wp-json\/wp\/v2\/posts\/68270\/revisions"}],"wp:featuredmedia":[{"embeddable":true,"href":"https:\/\/radiosolaris.com.br\/beta\/wp-json\/wp\/v2\/media\/68271"}],"wp:attachment":[{"href":"https:\/\/radiosolaris.com.br\/beta\/wp-json\/wp\/v2\/media?parent=68270"}],"wp:term":[{"taxonomy":"category","embeddable":true,"href":"https:\/\/radiosolaris.com.br\/beta\/wp-json\/wp\/v2\/categories?post=68270"},{"taxonomy":"post_tag","embeddable":true,"href":"https:\/\/radiosolaris.com.br\/beta\/wp-json\/wp\/v2\/tags?post=68270"},{"taxonomy":"powerkit_post_featured","embeddable":true,"href":"https:\/\/radiosolaris.com.br\/beta\/wp-json\/wp\/v2\/powerkit_post_featured?post=68270"}],"curies":[{"name":"wp","href":"https:\/\/api.w.org\/{rel}","templated":true}]}}