{"id":67443,"date":"2021-12-18T11:15:07","date_gmt":"2021-12-18T14:15:07","guid":{"rendered":"https:\/\/radiosolaris.com.br\/beta\/?p=67443"},"modified":"2021-12-18T11:16:05","modified_gmt":"2021-12-18T14:16:05","slug":"idoso-e-preso-por-incendiar-residencia-de-ex-companheira-em-sao-marcos","status":"publish","type":"post","link":"https:\/\/radiosolaris.com.br\/beta\/idoso-e-preso-por-incendiar-residencia-de-ex-companheira-em-sao-marcos\/","title":{"rendered":"Idoso \u00e9 preso por incendiar resid\u00eancia de ex-companheira em S\u00e3o Marcos"},"content":{"rendered":"\n<h4 id=\"segundo-a-brigada-militar-o-homem-de-78-anos-ainda-tentou-se-suicidar\" class=\"wp-block-heading\">Segundo a Brigada Militar, o homem de 78 anos ainda tentou se suicidar<\/h4>\n\n\n\n<p>Um idoso de 78 anos foi preso por incendiar a casa de sua ex-companheira e tentar se suicidar na BR 116, em Pedras Brancas, S\u00e3o Marcos. A ocorr\u00eancia foi registrada pela Brigada Militar por volta das 2h30min deste s\u00e1bado (18).<\/p>\n\n\n\n<p>Segundo a BM, a v\u00edtima, mulher de 73 anos, alegou que seu ex-companheiro estaria amea\u00e7ando colocar fogo em sua resid\u00eancia e que ela havia fugido do local. Ao chegar na resid\u00eancia, a guarni\u00e7\u00e3o visualizou o im\u00f3vel em chamas.<\/p>\n\n\n\n<p>Logo ap\u00f3s, a BM recebeu outro chamado que o indiv\u00edduo j\u00e1 havia sa\u00eddo do local e que estaria pr\u00f3ximo \u00e0 casa de parentes, em um matagal tentando cometer suic\u00eddio por meio de enforcamento. Ao adentrar a mata, a guarni\u00e7\u00e3o se deparou com o homem com uma corda do pesco\u00e7o e amarrada em uma \u00e1rvore.<\/p>\n\n\n\n<p>Os policiais cortaram a corda e impediram que o indiv\u00edduo se matasse. O mesmo foi contido e conduzido \u00e0 Delegacia de Pol\u00edcia de Pronto Atendimento (DPPA) para registro da ocorr\u00eancia de descumprimento de medida protetiva, inc\u00eandio e tentativa de suic\u00eddio.<\/p>\n\n\n\n<p>O idoso possui antecedentes por amea\u00e7a e descumprimento de medida protetiva. O Corpo de Bombeiros esteve na resid\u00eancia para conter as chamas. No inc\u00eandio ningu\u00e9m ficou ferido.<\/p>\n","protected":false},"excerpt":{"rendered":"<p>Segundo a Brigada Militar, o homem de 78 anos ainda tentou se suicidar Um idoso de 78 anos foi preso por incendiar a casa de sua ex-companheira e tentar se&hellip;<\/p>\n","protected":false},"author":16,"featured_media":18821,"comment_status":"closed","ping_status":"closed","sticky":false,"template":"","format":"standard","meta":{"_lmt_disableupdate":"","_lmt_disable":"","footnotes":""},"categories":[83],"tags":[1182,158,555,8800,9288,624,992,283,4754,9289],"powerkit_post_featured":[],"class_list":{"0":"post-67443","1":"post","2":"type-post","3":"status-publish","4":"format-standard","5":"has-post-thumbnail","7":"category-serra-gaucha","8":"tag-br-116-2","9":"tag-crime","10":"tag-incendio","11":"tag-pedras-brancas","12":"tag-pedras-brancas-em-sao-marcos","13":"tag-sao-marcos","14":"tag-serra","15":"tag-serra-gaucha","16":"tag-suicidio","17":"tag-tentativa-de-suicidio"},"modified_by":"Bruna Picinini","_links":{"self":[{"href":"https:\/\/radiosolaris.com.br\/beta\/wp-json\/wp\/v2\/posts\/67443","targetHints":{"allow":["GET"]}}],"collection":[{"href":"https:\/\/radiosolaris.com.br\/beta\/wp-json\/wp\/v2\/posts"}],"about":[{"href":"https:\/\/radiosolaris.com.br\/beta\/wp-json\/wp\/v2\/types\/post"}],"author":[{"embeddable":true,"href":"https:\/\/radiosolaris.com.br\/beta\/wp-json\/wp\/v2\/users\/16"}],"replies":[{"embeddable":true,"href":"https:\/\/radiosolaris.com.br\/beta\/wp-json\/wp\/v2\/comments?post=67443"}],"version-history":[{"count":0,"href":"https:\/\/radiosolaris.com.br\/beta\/wp-json\/wp\/v2\/posts\/67443\/revisions"}],"wp:featuredmedia":[{"embeddable":true,"href":"https:\/\/radiosolaris.com.br\/beta\/wp-json\/wp\/v2\/media\/18821"}],"wp:attachment":[{"href":"https:\/\/radiosolaris.com.br\/beta\/wp-json\/wp\/v2\/media?parent=67443"}],"wp:term":[{"taxonomy":"category","embeddable":true,"href":"https:\/\/radiosolaris.com.br\/beta\/wp-json\/wp\/v2\/categories?post=67443"},{"taxonomy":"post_tag","embeddable":true,"href":"https:\/\/radiosolaris.com.br\/beta\/wp-json\/wp\/v2\/tags?post=67443"},{"taxonomy":"powerkit_post_featured","embeddable":true,"href":"https:\/\/radiosolaris.com.br\/beta\/wp-json\/wp\/v2\/powerkit_post_featured?post=67443"}],"curies":[{"name":"wp","href":"https:\/\/api.w.org\/{rel}","templated":true}]}}