{"id":67360,"date":"2021-12-17T10:51:36","date_gmt":"2021-12-17T13:51:36","guid":{"rendered":"https:\/\/radiosolaris.com.br\/beta\/?p=67360"},"modified":"2021-12-17T11:32:42","modified_gmt":"2021-12-17T14:32:42","slug":"carreta-que-transportava-oito-caminhonetes-sai-da-pista-na-ers-122-em-caxias-do-sul","status":"publish","type":"post","link":"https:\/\/radiosolaris.com.br\/beta\/carreta-que-transportava-oito-caminhonetes-sai-da-pista-na-ers-122-em-caxias-do-sul\/","title":{"rendered":"Carreta que transportava oito caminhonetes, sai da pista na ERS-122, em Caxias do Sul"},"content":{"rendered":"\n<h4 id=\"acidente-foi-registrado-no-km-87-da-rodovia-pouco-antes-das-10h-desta-sexta-feira-17\" class=\"wp-block-heading\">Acidente foi registrado no km 87 da rodovia pouco antes das 10h desta sexta-feira (17)<\/h4>\n\n\n\n<p>Uma carreta Mercedes-Benz do tipo \u201ccegonha\u201d, que trafegava no km 87 da ERS-122, saiu da pista na manh\u00e3 desta sexta-feira (17), em Caxias do Sul. O ve\u00edculo, que transportava oito caminhonetes Ford Ranger 0km, seguia no sentido Flores da Cunha-Caxias, quando nas proximidades da empresa Eaton, por motivos desconhecidos, acabou saindo da pista e caiu dentro da valeta.<\/p>\n\n\n\n<p>De acordo com a Pol\u00edcia Rodovi\u00e1ria Estadual (PRE), que atende a ocorr\u00eancia, o acidente foi registrado pouco antes das 10h. Neste momento, uma das tr\u00eas faixas da rodovia est\u00e1 obstru\u00edda pois o ve\u00edculo permanece na pista. O condutor da carreta, com placas de S\u00e3o Caetano do Sul (SP), n\u00e3o se feriu. N\u00e3o h\u00e1 previs\u00e3o para retirada do caminh\u00e3o do local.<\/p>\n\n\n\n<figure class=\"wp-block-gallery columns-1 is-cropped wp-block-gallery-1 is-layout-flex wp-block-gallery-is-layout-flex\"><ul class=\"blocks-gallery-grid\"><li class=\"blocks-gallery-item\"><figure><a href=\"https:\/\/radiosolaris.com.br\/beta\/wp-content\/uploads\/2021\/12\/Carreta-que-transportava-oito-caminhonetes-sai-da-pista-na-ERS-122-em-Caxias-do-Sul-1.jpeg\"><img  decoding=\"async\"  src=\"data:image\/png;base64,iVBORw0KGgoAAAANSUhEUgAAAAEAAAABAQMAAAAl21bKAAAAA1BMVEUAAP+KeNJXAAAAAXRSTlMAQObYZgAAAAlwSFlzAAAOxAAADsQBlSsOGwAAAApJREFUCNdjYAAAAAIAAeIhvDMAAAAASUVORK5CYII=\"  alt=\"\"  data-id=\"67361\"  data-full-url=\"https:\/\/radiosolaris.com.br\/beta\/wp-content\/uploads\/2021\/12\/Carreta-que-transportava-oito-caminhonetes-sai-da-pista-na-ERS-122-em-Caxias-do-Sul-1.jpeg\"  data-link=\"https:\/\/radiosolaris.com.br\/beta\/?attachment_id=67361\"  class=\"wp-image-67361 pk-lazyload\"  data-pk-sizes=\"auto\"  data-pk-src=\"https:\/\/radiosolaris.com.br\/beta\/wp-content\/uploads\/2021\/12\/Carreta-que-transportava-oito-caminhonetes-sai-da-pista-na-ERS-122-em-Caxias-do-Sul-1-1024x576.jpeg\" ><\/a><\/figure><\/li><li class=\"blocks-gallery-item\"><figure><a href=\"https:\/\/radiosolaris.com.br\/beta\/wp-content\/uploads\/2021\/12\/Carreta-que-transportava-oito-caminhonetes-sai-da-pista-na-ERS-122-em-Caxias-do-Sul-2.jpeg\"><img  decoding=\"async\"  src=\"data:image\/png;base64,iVBORw0KGgoAAAANSUhEUgAAAAEAAAABAQMAAAAl21bKAAAAA1BMVEUAAP+KeNJXAAAAAXRSTlMAQObYZgAAAAlwSFlzAAAOxAAADsQBlSsOGwAAAApJREFUCNdjYAAAAAIAAeIhvDMAAAAASUVORK5CYII=\"  alt=\"\"  data-id=\"67362\"  data-full-url=\"https:\/\/radiosolaris.com.br\/beta\/wp-content\/uploads\/2021\/12\/Carreta-que-transportava-oito-caminhonetes-sai-da-pista-na-ERS-122-em-Caxias-do-Sul-2.jpeg\"  data-link=\"https:\/\/radiosolaris.com.br\/beta\/?attachment_id=67362\"  class=\"wp-image-67362 pk-lazyload\"  data-pk-sizes=\"auto\"  data-pk-src=\"https:\/\/radiosolaris.com.br\/beta\/wp-content\/uploads\/2021\/12\/Carreta-que-transportava-oito-caminhonetes-sai-da-pista-na-ERS-122-em-Caxias-do-Sul-2-1024x576.jpeg\" ><\/a><\/figure><\/li><li class=\"blocks-gallery-item\"><figure><a href=\"https:\/\/radiosolaris.com.br\/beta\/wp-content\/uploads\/2021\/12\/Carreta-que-transportava-oito-caminhonetes-sai-da-pista-na-ERS-122-em-Caxias-do-Sul-3.jpeg\"><img  decoding=\"async\"  src=\"data:image\/png;base64,iVBORw0KGgoAAAANSUhEUgAAAAEAAAABAQMAAAAl21bKAAAAA1BMVEUAAP+KeNJXAAAAAXRSTlMAQObYZgAAAAlwSFlzAAAOxAAADsQBlSsOGwAAAApJREFUCNdjYAAAAAIAAeIhvDMAAAAASUVORK5CYII=\"  alt=\"\"  data-id=\"67363\"  data-full-url=\"https:\/\/radiosolaris.com.br\/beta\/wp-content\/uploads\/2021\/12\/Carreta-que-transportava-oito-caminhonetes-sai-da-pista-na-ERS-122-em-Caxias-do-Sul-3.jpeg\"  data-link=\"https:\/\/radiosolaris.com.br\/beta\/?attachment_id=67363\"  class=\"wp-image-67363 pk-lazyload\"  data-pk-sizes=\"auto\"  data-pk-src=\"https:\/\/radiosolaris.com.br\/beta\/wp-content\/uploads\/2021\/12\/Carreta-que-transportava-oito-caminhonetes-sai-da-pista-na-ERS-122-em-Caxias-do-Sul-3-1024x576.jpeg\" ><\/a><\/figure><\/li><\/ul><figcaption class=\"blocks-gallery-caption\">Fotos: Bruna Picinini\/ Grupo Solaris<\/figcaption><\/figure>\n","protected":false},"excerpt":{"rendered":"<p>Acidente foi registrado no km 87 da rodovia pouco antes das 10h desta sexta-feira (17) Uma carreta Mercedes-Benz do tipo \u201ccegonha\u201d, que trafegava no km 87 da ERS-122, saiu da&hellip;<\/p>\n","protected":false},"author":13,"featured_media":67363,"comment_status":"closed","ping_status":"closed","sticky":false,"template":"","format":"standard","meta":{"_lmt_disableupdate":"","_lmt_disable":"","footnotes":""},"categories":[83],"tags":[307,580,7471,904,148,522,114,6633,283],"powerkit_post_featured":[],"class_list":{"0":"post-67360","1":"post","2":"type-post","3":"status-publish","4":"format-standard","5":"has-post-thumbnail","7":"category-serra-gaucha","8":"tag-acidente","9":"tag-caminhao","10":"tag-caminhao-cegonha","11":"tag-carreta","12":"tag-caxias-do-sul","13":"tag-ers-122-2","14":"tag-flores-da-cunha","15":"tag-km-87","16":"tag-serra-gaucha"},"modified_by":"Filipe Brogliatto","_links":{"self":[{"href":"https:\/\/radiosolaris.com.br\/beta\/wp-json\/wp\/v2\/posts\/67360","targetHints":{"allow":["GET"]}}],"collection":[{"href":"https:\/\/radiosolaris.com.br\/beta\/wp-json\/wp\/v2\/posts"}],"about":[{"href":"https:\/\/radiosolaris.com.br\/beta\/wp-json\/wp\/v2\/types\/post"}],"author":[{"embeddable":true,"href":"https:\/\/radiosolaris.com.br\/beta\/wp-json\/wp\/v2\/users\/13"}],"replies":[{"embeddable":true,"href":"https:\/\/radiosolaris.com.br\/beta\/wp-json\/wp\/v2\/comments?post=67360"}],"version-history":[{"count":0,"href":"https:\/\/radiosolaris.com.br\/beta\/wp-json\/wp\/v2\/posts\/67360\/revisions"}],"wp:featuredmedia":[{"embeddable":true,"href":"https:\/\/radiosolaris.com.br\/beta\/wp-json\/wp\/v2\/media\/67363"}],"wp:attachment":[{"href":"https:\/\/radiosolaris.com.br\/beta\/wp-json\/wp\/v2\/media?parent=67360"}],"wp:term":[{"taxonomy":"category","embeddable":true,"href":"https:\/\/radiosolaris.com.br\/beta\/wp-json\/wp\/v2\/categories?post=67360"},{"taxonomy":"post_tag","embeddable":true,"href":"https:\/\/radiosolaris.com.br\/beta\/wp-json\/wp\/v2\/tags?post=67360"},{"taxonomy":"powerkit_post_featured","embeddable":true,"href":"https:\/\/radiosolaris.com.br\/beta\/wp-json\/wp\/v2\/powerkit_post_featured?post=67360"}],"curies":[{"name":"wp","href":"https:\/\/api.w.org\/{rel}","templated":true}]}}