{"id":67146,"date":"2021-12-14T17:31:33","date_gmt":"2021-12-14T20:31:33","guid":{"rendered":"https:\/\/radiosolaris.com.br\/beta\/?p=67146"},"modified":"2021-12-14T17:38:14","modified_gmt":"2021-12-14T20:38:14","slug":"caminhoneiro-morre-em-acidente-na-rota-do-sol-em-itati","status":"publish","type":"post","link":"https:\/\/radiosolaris.com.br\/beta\/caminhoneiro-morre-em-acidente-na-rota-do-sol-em-itati\/","title":{"rendered":"Caminhoneiro morre em acidente na Rota do Sol, em Itati"},"content":{"rendered":"\n<h4 id=\"corpo-da-vitima-ficou-preso-as-ferragens-do-veiculo\" class=\"wp-block-heading\">Corpo da v\u00edtima ficou preso as ferragens do ve\u00edculo<\/h4>\n\n\n\n<p>Um caminhoneiro morreu ao se acidentar por volta das 11h20min desta ter\u00e7a-feira (14) na Rota do Sol, em Itati. O motorista teria tombado o caminh\u00e3o contra um talude de pedras no km 5 da RS-486, no sentido Serra\/Litoral. A cabine do caminh\u00e3o Scania\/R124, emplacado em Os\u00f3rio, ficou totalmente destru\u00edda e o caminhoneiro ficou preso as ferragens.<\/p>\n\n\n\n<p>O Corpo de Bombeiros de Terra de Areia foi mobilizado para atender a ocorr\u00eancia. Apesar do condutor ter sido encontrado com vida pelo pelot\u00e3o, antes mesmo do trabalho de desencarceramento ele veio a \u00f3bito no local.<\/p>\n\n\n\n<p>Devido ao acidente houve bloqueio de uma das pistas para levantamento do Instituto Geral de Per\u00edcias (IGP). N\u00e3o h\u00e1 previs\u00e3o para libera\u00e7\u00e3o total da via.<\/p>\n\n\n\n<p>O nome da v\u00edtima ainda n\u00e3o foi divulgado.<\/p>\n\n\n\n<figure class=\"wp-block-gallery columns-1 is-cropped wp-block-gallery-1 is-layout-flex wp-block-gallery-is-layout-flex\"><ul class=\"blocks-gallery-grid\"><li class=\"blocks-gallery-item\"><figure><a href=\"https:\/\/radiosolaris.com.br\/beta\/wp-content\/uploads\/2021\/12\/WhatsApp-Image-2021-12-14-at-13.50.53.jpeg\"><img  loading=\"lazy\"  decoding=\"async\"  width=\"960\"  height=\"540\"  src=\"data:image\/png;base64,iVBORw0KGgoAAAANSUhEUgAAAAEAAAABAQMAAAAl21bKAAAAA1BMVEUAAP+KeNJXAAAAAXRSTlMAQObYZgAAAAlwSFlzAAAOxAAADsQBlSsOGwAAAApJREFUCNdjYAAAAAIAAeIhvDMAAAAASUVORK5CYII=\"  alt=\"\"  data-id=\"67147\"  data-full-url=\"https:\/\/radiosolaris.com.br\/beta\/wp-content\/uploads\/2021\/12\/WhatsApp-Image-2021-12-14-at-13.50.53.jpeg\"  data-link=\"https:\/\/radiosolaris.com.br\/beta\/?attachment_id=67147\"  class=\"wp-image-67147 pk-lazyload\"  data-pk-sizes=\"auto\"  data-ls-sizes=\"auto, (max-width: 960px) 100vw, 960px\"  data-pk-src=\"https:\/\/radiosolaris.com.br\/beta\/wp-content\/uploads\/2021\/12\/WhatsApp-Image-2021-12-14-at-13.50.53.jpeg\"  data-pk-srcset=\"https:\/\/radiosolaris.com.br\/beta\/wp-content\/uploads\/2021\/12\/WhatsApp-Image-2021-12-14-at-13.50.53.jpeg 960w, https:\/\/radiosolaris.com.br\/beta\/wp-content\/uploads\/2021\/12\/WhatsApp-Image-2021-12-14-at-13.50.53-800x450.jpeg 800w\" ><\/a><\/figure><\/li><li class=\"blocks-gallery-item\"><figure><a href=\"https:\/\/radiosolaris.com.br\/beta\/wp-content\/uploads\/2021\/12\/WhatsApp-Image-2021-12-14-at-13.51.48.jpeg\"><img  loading=\"lazy\"  decoding=\"async\"  width=\"768\"  height=\"579\"  src=\"data:image\/png;base64,iVBORw0KGgoAAAANSUhEUgAAAAEAAAABAQMAAAAl21bKAAAAA1BMVEUAAP+KeNJXAAAAAXRSTlMAQObYZgAAAAlwSFlzAAAOxAAADsQBlSsOGwAAAApJREFUCNdjYAAAAAIAAeIhvDMAAAAASUVORK5CYII=\"  alt=\"\"  data-id=\"67148\"  data-full-url=\"https:\/\/radiosolaris.com.br\/beta\/wp-content\/uploads\/2021\/12\/WhatsApp-Image-2021-12-14-at-13.51.48.jpeg\"  data-link=\"https:\/\/radiosolaris.com.br\/beta\/?attachment_id=67148\"  class=\"wp-image-67148 pk-lazyload\"  data-pk-sizes=\"auto\"  data-pk-src=\"https:\/\/radiosolaris.com.br\/beta\/wp-content\/uploads\/2021\/12\/WhatsApp-Image-2021-12-14-at-13.51.48.jpeg\" ><\/a><\/figure><\/li><\/ul><\/figure>\n\n\n\n<p>Fotos: Divulga\u00e7\u00e3o redes sociais <\/p>\n","protected":false},"excerpt":{"rendered":"<p>Corpo da v\u00edtima ficou preso as ferragens do ve\u00edculo Um caminhoneiro morreu ao se acidentar por volta das 11h20min desta ter\u00e7a-feira (14) na Rota do Sol, em Itati. O motorista&hellip;<\/p>\n","protected":false},"author":17,"featured_media":67147,"comment_status":"closed","ping_status":"closed","sticky":false,"template":"","format":"standard","meta":{"_lmt_disableupdate":"","_lmt_disable":"","footnotes":""},"categories":[83],"tags":[307,580,3925,1227,283],"powerkit_post_featured":[],"class_list":{"0":"post-67146","1":"post","2":"type-post","3":"status-publish","4":"format-standard","5":"has-post-thumbnail","7":"category-serra-gaucha","8":"tag-acidente","9":"tag-caminhao","10":"tag-itati","11":"tag-rota-do-sol","12":"tag-serra-gaucha"},"modified_by":"Igor Panzenhagen","_links":{"self":[{"href":"https:\/\/radiosolaris.com.br\/beta\/wp-json\/wp\/v2\/posts\/67146","targetHints":{"allow":["GET"]}}],"collection":[{"href":"https:\/\/radiosolaris.com.br\/beta\/wp-json\/wp\/v2\/posts"}],"about":[{"href":"https:\/\/radiosolaris.com.br\/beta\/wp-json\/wp\/v2\/types\/post"}],"author":[{"embeddable":true,"href":"https:\/\/radiosolaris.com.br\/beta\/wp-json\/wp\/v2\/users\/17"}],"replies":[{"embeddable":true,"href":"https:\/\/radiosolaris.com.br\/beta\/wp-json\/wp\/v2\/comments?post=67146"}],"version-history":[{"count":0,"href":"https:\/\/radiosolaris.com.br\/beta\/wp-json\/wp\/v2\/posts\/67146\/revisions"}],"wp:featuredmedia":[{"embeddable":true,"href":"https:\/\/radiosolaris.com.br\/beta\/wp-json\/wp\/v2\/media\/67147"}],"wp:attachment":[{"href":"https:\/\/radiosolaris.com.br\/beta\/wp-json\/wp\/v2\/media?parent=67146"}],"wp:term":[{"taxonomy":"category","embeddable":true,"href":"https:\/\/radiosolaris.com.br\/beta\/wp-json\/wp\/v2\/categories?post=67146"},{"taxonomy":"post_tag","embeddable":true,"href":"https:\/\/radiosolaris.com.br\/beta\/wp-json\/wp\/v2\/tags?post=67146"},{"taxonomy":"powerkit_post_featured","embeddable":true,"href":"https:\/\/radiosolaris.com.br\/beta\/wp-json\/wp\/v2\/powerkit_post_featured?post=67146"}],"curies":[{"name":"wp","href":"https:\/\/api.w.org\/{rel}","templated":true}]}}