{"id":67078,"date":"2021-12-14T10:18:18","date_gmt":"2021-12-14T13:18:18","guid":{"rendered":"https:\/\/radiosolaris.com.br\/beta\/?p=67078"},"modified":"2021-12-14T10:18:20","modified_gmt":"2021-12-14T13:18:20","slug":"cinco-pessoas-ficam-feridas-em-capotamento-na-ers-122-em-sao-vendelino","status":"publish","type":"post","link":"https:\/\/radiosolaris.com.br\/beta\/cinco-pessoas-ficam-feridas-em-capotamento-na-ers-122-em-sao-vendelino\/","title":{"rendered":"Cinco pessoas ficam feridas em capotamento na ERS-122 em S\u00e3o Vendelino"},"content":{"rendered":"\n<h4 id=\"segundo-o-corpo-de-bombeiros-voluntarios-de-sao-vendelino-o-condutor-e-passageiros-foram-encaminhados-ao-hospital-sao-carlos-de-farroupilha\" class=\"wp-block-heading\">Segundo o Corpo de Bombeiros Volunt\u00e1rios de S\u00e3o Vendelino, o condutor e passageiros foram encaminhados ao Hospital S\u00e3o Carlos de Farroupilha<\/h4>\n\n\n\n<p>Cinco pessoas que estavam em uma VW Kombi que capotou na manh\u00e3 desta ter\u00e7a-feira (14), tiveram escoria\u00e7\u00f5es leves e foram conduzidas ao Hospital S\u00e3o Carlos por uma equipe do Samu. O acidente ocorreu por volta das 8h10min, no Km 46 da ERS-122, entre Farroupilha e S\u00e3o Vendelino.<\/p>\n\n\n\n<p><br>Conforme informa\u00e7\u00f5es do Corpo de Bombeiros Volunt\u00e1rios de S\u00e3o Vendelino, o condutor perdeu o controle do ve\u00edculo e capotou \u00e0s margens da rodovia. Al\u00e9m dos Bombeiros Volunt\u00e1rios de S\u00e3o Vendelino tamb\u00e9m atenderam a ocorr\u00eancia o Corpo de Bombeiros Militar de Farroupilha. O Comando Rodovi\u00e1rio da Brigada Militar esteve no local para orientar o tr\u00e2nsito que n\u00e3o chegou a ficar bloqueado, mas houve o registro de lentid\u00e3o no trecho.<\/p>\n\n\n\n<figure class=\"wp-block-gallery columns-1 is-cropped wp-block-gallery-1 is-layout-flex wp-block-gallery-is-layout-flex\"><ul class=\"blocks-gallery-grid\"><li class=\"blocks-gallery-item\"><figure><a href=\"https:\/\/radiosolaris.com.br\/beta\/wp-content\/uploads\/2021\/12\/bombeiros-sao-vendelino.jpg\"><img  loading=\"lazy\"  decoding=\"async\"  width=\"800\"  height=\"415\"  src=\"data:image\/png;base64,iVBORw0KGgoAAAANSUhEUgAAAAEAAAABAQMAAAAl21bKAAAAA1BMVEUAAP+KeNJXAAAAAXRSTlMAQObYZgAAAAlwSFlzAAAOxAAADsQBlSsOGwAAAApJREFUCNdjYAAAAAIAAeIhvDMAAAAASUVORK5CYII=\"  alt=\"\"  data-id=\"67079\"  data-full-url=\"https:\/\/radiosolaris.com.br\/beta\/wp-content\/uploads\/2021\/12\/bombeiros-sao-vendelino.jpg\"  data-link=\"https:\/\/radiosolaris.com.br\/beta\/?attachment_id=67079\"  class=\"wp-image-67079 pk-lazyload\"  data-pk-sizes=\"auto\"  data-ls-sizes=\"auto, (max-width: 800px) 100vw, 800px\"  data-pk-src=\"https:\/\/radiosolaris.com.br\/beta\/wp-content\/uploads\/2021\/12\/bombeiros-sao-vendelino.jpg\"  data-pk-srcset=\"https:\/\/radiosolaris.com.br\/beta\/wp-content\/uploads\/2021\/12\/bombeiros-sao-vendelino.jpg 800w, https:\/\/radiosolaris.com.br\/beta\/wp-content\/uploads\/2021\/12\/bombeiros-sao-vendelino-300x156.jpg 300w, https:\/\/radiosolaris.com.br\/beta\/wp-content\/uploads\/2021\/12\/bombeiros-sao-vendelino-768x398.jpg 768w\" ><\/a><figcaption class=\"blocks-gallery-item__caption\">Foto: Divulga\u00e7\u00e3o Prefeitura de S\u00e3o Vendelino &#8211; RS<\/figcaption><\/figure><\/li><\/ul><\/figure>\n","protected":false},"excerpt":{"rendered":"<p>Segundo o Corpo de Bombeiros Volunt\u00e1rios de S\u00e3o Vendelino, o condutor e passageiros foram encaminhados ao Hospital S\u00e3o Carlos de Farroupilha Cinco pessoas que estavam em uma VW Kombi que&hellip;<\/p>\n","protected":false},"author":19,"featured_media":67079,"comment_status":"closed","ping_status":"closed","sticky":false,"template":"","format":"standard","meta":{"_lmt_disableupdate":"","_lmt_disable":"","footnotes":""},"categories":[83],"tags":[5847,500,424,1692,283],"powerkit_post_featured":[],"class_list":{"0":"post-67078","1":"post","2":"type-post","3":"status-publish","4":"format-standard","5":"has-post-thumbnail","7":"category-serra-gaucha","8":"tag-acidente-ers-122","9":"tag-bombeiros-voluntarios","10":"tag-farroupilha","11":"tag-sao-vendelino","12":"tag-serra-gaucha"},"modified_by":"Luciano Pettorini","_links":{"self":[{"href":"https:\/\/radiosolaris.com.br\/beta\/wp-json\/wp\/v2\/posts\/67078","targetHints":{"allow":["GET"]}}],"collection":[{"href":"https:\/\/radiosolaris.com.br\/beta\/wp-json\/wp\/v2\/posts"}],"about":[{"href":"https:\/\/radiosolaris.com.br\/beta\/wp-json\/wp\/v2\/types\/post"}],"author":[{"embeddable":true,"href":"https:\/\/radiosolaris.com.br\/beta\/wp-json\/wp\/v2\/users\/19"}],"replies":[{"embeddable":true,"href":"https:\/\/radiosolaris.com.br\/beta\/wp-json\/wp\/v2\/comments?post=67078"}],"version-history":[{"count":0,"href":"https:\/\/radiosolaris.com.br\/beta\/wp-json\/wp\/v2\/posts\/67078\/revisions"}],"wp:featuredmedia":[{"embeddable":true,"href":"https:\/\/radiosolaris.com.br\/beta\/wp-json\/wp\/v2\/media\/67079"}],"wp:attachment":[{"href":"https:\/\/radiosolaris.com.br\/beta\/wp-json\/wp\/v2\/media?parent=67078"}],"wp:term":[{"taxonomy":"category","embeddable":true,"href":"https:\/\/radiosolaris.com.br\/beta\/wp-json\/wp\/v2\/categories?post=67078"},{"taxonomy":"post_tag","embeddable":true,"href":"https:\/\/radiosolaris.com.br\/beta\/wp-json\/wp\/v2\/tags?post=67078"},{"taxonomy":"powerkit_post_featured","embeddable":true,"href":"https:\/\/radiosolaris.com.br\/beta\/wp-json\/wp\/v2\/powerkit_post_featured?post=67078"}],"curies":[{"name":"wp","href":"https:\/\/api.w.org\/{rel}","templated":true}]}}