{"id":66831,"date":"2021-12-10T15:01:28","date_gmt":"2021-12-10T18:01:28","guid":{"rendered":"https:\/\/radiosolaris.com.br\/beta\/?p=66831"},"modified":"2021-12-10T15:01:30","modified_gmt":"2021-12-10T18:01:30","slug":"pre-candidato-do-pt-ao-governo-do-estado-e-recebido-na-cic-caxias","status":"publish","type":"post","link":"https:\/\/radiosolaris.com.br\/beta\/pre-candidato-do-pt-ao-governo-do-estado-e-recebido-na-cic-caxias\/","title":{"rendered":"Pr\u00e9-candidato do PT ao governo do estado \u00e9 recebido na CIC Caxias"},"content":{"rendered":"\n<h4 id=\"edegar-pretto-esteve-acompanhado-de-pepe-vargas-e-visitou-a-entidade-na-manha-desta-sexta-feira-10\" class=\"wp-block-heading\">Edegar Pretto esteve acompanhado de Pepe Vargas e visitou a entidade na manh\u00e3 desta sexta-feira (10)<\/h4>\n\n\n\n<p>Em roteiro pela Serra, o deputado Edegar Pretto, pr\u00e9-candidato do Partido dos Trabalhadores (PT) a governador do estado do Rio Grande do Sul, esteve na C\u00e2mara de Ind\u00fastria, Com\u00e9rcio e Servi\u00e7os de Caxias do Sul (CIC Caxias) na manh\u00e3 desta sexta-feira (10). Acompanhado do deputado estadual Pepe Vargas (PT), Edegar Pretto foi recebido pelo presidente da entidade, Ivanir Gasparin, pela vice-presidente de Servi\u00e7os, Maristela Tomais Chiappin, pelo futuro presidente, Celestino Oscar Loro, pelo presidente do Conselho Deliberativo, Emir Jos\u00e9 Alves da Silva, e por presidentes de sindicatos patronais, al\u00e9m de diretores da Casa.<\/p>\n\n\n\n<p>Ao agradecer a acolhida, Pretto disse que colocar seu nome para disputa ao Piratini \u00e9 a maior miss\u00e3o da sua vida. \u201cSei que n\u00e3o ser\u00e1 uma tarefa f\u00e1cil, mas quero fazer isso com muito di\u00e1logo e uni\u00e3o, por uma causa maior, que \u00e9 o Rio Grande\u201d, afirmou.<\/p>\n\n\n\n<p>O deputado tamb\u00e9m ouviu as manifesta\u00e7\u00f5es dos empres\u00e1rios, que trouxeram temas voltados para o desenvolvimento da Regi\u00e3o, destacando, por exemplo, a import\u00e2ncia de o estado priorizar investimentos em infraestrutura, educa\u00e7\u00e3o e qualifica\u00e7\u00e3o de m\u00e3o de obra, al\u00e9m reestruturar a m\u00e1quina p\u00fablica para melhor servir ao cidad\u00e3o. \u201cQueremos o aparato do estado voltado para servir as pessoas, n\u00e3o para servir a si pr\u00f3prio\u201d, frisou Gasparin.<\/p>\n\n\n\n<figure class=\"wp-block-gallery columns-1 is-cropped wp-block-gallery-1 is-layout-flex wp-block-gallery-is-layout-flex\"><ul class=\"blocks-gallery-grid\"><li class=\"blocks-gallery-item\"><figure><a href=\"https:\/\/radiosolaris.com.br\/beta\/wp-content\/uploads\/2021\/12\/IMG_3971-scaled.jpg\"><img  decoding=\"async\"  src=\"data:image\/png;base64,iVBORw0KGgoAAAANSUhEUgAAAAEAAAABAQMAAAAl21bKAAAAA1BMVEUAAP+KeNJXAAAAAXRSTlMAQObYZgAAAAlwSFlzAAAOxAAADsQBlSsOGwAAAApJREFUCNdjYAAAAAIAAeIhvDMAAAAASUVORK5CYII=\"  alt=\"\"  data-id=\"66832\"  data-full-url=\"https:\/\/radiosolaris.com.br\/beta\/wp-content\/uploads\/2021\/12\/IMG_3971-scaled.jpg\"  data-link=\"https:\/\/radiosolaris.com.br\/beta\/?attachment_id=66832\"  class=\"wp-image-66832 pk-lazyload\"  data-pk-sizes=\"auto\"  data-pk-src=\"https:\/\/radiosolaris.com.br\/beta\/wp-content\/uploads\/2021\/12\/IMG_3971-1024x683.jpg\" ><\/a><\/figure><\/li><li class=\"blocks-gallery-item\"><figure><a href=\"https:\/\/radiosolaris.com.br\/beta\/wp-content\/uploads\/2021\/12\/IMG_3947-scaled.jpg\"><img  decoding=\"async\"  src=\"data:image\/png;base64,iVBORw0KGgoAAAANSUhEUgAAAAEAAAABAQMAAAAl21bKAAAAA1BMVEUAAP+KeNJXAAAAAXRSTlMAQObYZgAAAAlwSFlzAAAOxAAADsQBlSsOGwAAAApJREFUCNdjYAAAAAIAAeIhvDMAAAAASUVORK5CYII=\"  alt=\"\"  data-id=\"66833\"  data-full-url=\"https:\/\/radiosolaris.com.br\/beta\/wp-content\/uploads\/2021\/12\/IMG_3947-scaled.jpg\"  data-link=\"https:\/\/radiosolaris.com.br\/beta\/?attachment_id=66833\"  class=\"wp-image-66833 pk-lazyload\"  data-pk-sizes=\"auto\"  data-pk-src=\"https:\/\/radiosolaris.com.br\/beta\/wp-content\/uploads\/2021\/12\/IMG_3947-1024x683.jpg\" ><\/a><\/figure><\/li><\/ul><\/figure>\n\n\n\n<p>Fotos: Ana Clara Nazario\/CIC Caxias<\/p>\n","protected":false},"excerpt":{"rendered":"<p>Edegar Pretto esteve acompanhado de Pepe Vargas e visitou a entidade na manh\u00e3 desta sexta-feira (10) Em roteiro pela Serra, o deputado Edegar Pretto, pr\u00e9-candidato do Partido dos Trabalhadores (PT)&hellip;<\/p>\n","protected":false},"author":17,"featured_media":66832,"comment_status":"closed","ping_status":"closed","sticky":false,"template":"","format":"standard","meta":{"_lmt_disableupdate":"","_lmt_disable":"","footnotes":""},"categories":[83],"tags":[148,3043,4403,4810,283],"powerkit_post_featured":[],"class_list":{"0":"post-66831","1":"post","2":"type-post","3":"status-publish","4":"format-standard","5":"has-post-thumbnail","7":"category-serra-gaucha","8":"tag-caxias-do-sul","9":"tag-cic-caxias","10":"tag-edegar-pretto","11":"tag-pt","12":"tag-serra-gaucha"},"modified_by":"Igor Panzenhagen","_links":{"self":[{"href":"https:\/\/radiosolaris.com.br\/beta\/wp-json\/wp\/v2\/posts\/66831","targetHints":{"allow":["GET"]}}],"collection":[{"href":"https:\/\/radiosolaris.com.br\/beta\/wp-json\/wp\/v2\/posts"}],"about":[{"href":"https:\/\/radiosolaris.com.br\/beta\/wp-json\/wp\/v2\/types\/post"}],"author":[{"embeddable":true,"href":"https:\/\/radiosolaris.com.br\/beta\/wp-json\/wp\/v2\/users\/17"}],"replies":[{"embeddable":true,"href":"https:\/\/radiosolaris.com.br\/beta\/wp-json\/wp\/v2\/comments?post=66831"}],"version-history":[{"count":0,"href":"https:\/\/radiosolaris.com.br\/beta\/wp-json\/wp\/v2\/posts\/66831\/revisions"}],"wp:featuredmedia":[{"embeddable":true,"href":"https:\/\/radiosolaris.com.br\/beta\/wp-json\/wp\/v2\/media\/66832"}],"wp:attachment":[{"href":"https:\/\/radiosolaris.com.br\/beta\/wp-json\/wp\/v2\/media?parent=66831"}],"wp:term":[{"taxonomy":"category","embeddable":true,"href":"https:\/\/radiosolaris.com.br\/beta\/wp-json\/wp\/v2\/categories?post=66831"},{"taxonomy":"post_tag","embeddable":true,"href":"https:\/\/radiosolaris.com.br\/beta\/wp-json\/wp\/v2\/tags?post=66831"},{"taxonomy":"powerkit_post_featured","embeddable":true,"href":"https:\/\/radiosolaris.com.br\/beta\/wp-json\/wp\/v2\/powerkit_post_featured?post=66831"}],"curies":[{"name":"wp","href":"https:\/\/api.w.org\/{rel}","templated":true}]}}