{"id":66781,"date":"2021-12-10T03:36:05","date_gmt":"2021-12-10T06:36:05","guid":{"rendered":"https:\/\/radiosolaris.com.br\/beta\/?p=66781"},"modified":"2021-12-10T03:48:55","modified_gmt":"2021-12-10T06:48:55","slug":"ataque-a-tiros-deixa-dois-mortos-em-frente-ao-alfredo-jaconi-em-caxias-do-sul","status":"publish","type":"post","link":"https:\/\/radiosolaris.com.br\/beta\/ataque-a-tiros-deixa-dois-mortos-em-frente-ao-alfredo-jaconi-em-caxias-do-sul\/","title":{"rendered":"Ataque a tiros deixa dois mortos em frente ao Alfredo Jaconi, em Caxias do Sul"},"content":{"rendered":"\n<h4 id=\"pai-e-filho-morreram-e-outras-duas-pessoas-ficaram-feridas-e-foram-encaminhadas-para-hospitais-da-cidade\" class=\"wp-block-heading\">Pai e filho morreram e outras duas pessoas ficaram feridas e foram encaminhadas para hospitais da cidade<\/h4>\n\n\n\n<p>Pai e filho, ainda n\u00e3o identificados, foram executados e duas pessoas ficaram feridas ap\u00f3s um ataque a tiros no in\u00edcio da madrugada desta sexta-feira (10), em frente ao Est\u00e1dio Alfredo Jaconi, em Caxias do Sul. De acordo com a Brigada Militar (BM) por volta da 1h um ve\u00edculo Fiat\/P\u00e1lio teria passado no local, na esquina da Rua Hercules Gal\u00f3 com a Rua Borges de Medeiros, de onde desembarcaram tr\u00eas pessoas que efetuaram cerca de 15 disparos de arma de fogo. <\/p>\n\n\n\n<p>O pai morreu na hora e o filho foi encaminhado para o Hospital Pomp\u00e9ia, tendo o \u00f3bito tamb\u00e9m atestado no pronto socorro. De acordo com a BM, outras duas pessoas foram atingidas pelos disparos e foram encaminhadas para hospitais da cidade.<\/p>\n\n\n\n<p>A Per\u00edcia Criminal isolou a \u00e1rea e apura as motiva\u00e7\u00f5es do ataque. Informa\u00e7\u00f5es preliminares indicam que o alvo do ataque seriam somente pai e filho e que as outras duas pessoas foram atingidas por acaso.<\/p>\n\n\n\n<p>Naquele hor\u00e1rio muitos torcedores comemoravam a perman\u00eancia do Juventude na S\u00e9rie A, e havia muitas pessoas no local. Disputando a \u00faltima rodada do Brasileir\u00e3o, o Juventude venceu o Corinthians por 1 a 0, com est\u00e1dio lotado, ultrapassando 18 mil torcedores. Muitas pessoas estavam na rua no momento do ataque.<\/p>\n\n\n\n<figure class=\"wp-block-gallery columns-1 is-cropped wp-block-gallery-1 is-layout-flex wp-block-gallery-is-layout-flex\"><ul class=\"blocks-gallery-grid\"><li class=\"blocks-gallery-item\"><figure><a href=\"https:\/\/radiosolaris.com.br\/beta\/wp-content\/uploads\/2021\/12\/WhatsApp-Image-2021-12-10-at-03.33.11.jpeg\"><img  decoding=\"async\"  src=\"data:image\/png;base64,iVBORw0KGgoAAAANSUhEUgAAAAEAAAABAQMAAAAl21bKAAAAA1BMVEUAAP+KeNJXAAAAAXRSTlMAQObYZgAAAAlwSFlzAAAOxAAADsQBlSsOGwAAAApJREFUCNdjYAAAAAIAAeIhvDMAAAAASUVORK5CYII=\"  alt=\"\"  data-id=\"66783\"  data-full-url=\"https:\/\/radiosolaris.com.br\/beta\/wp-content\/uploads\/2021\/12\/WhatsApp-Image-2021-12-10-at-03.33.11.jpeg\"  data-link=\"https:\/\/radiosolaris.com.br\/beta\/?attachment_id=66783\"  class=\"wp-image-66783 pk-lazyload\"  data-pk-sizes=\"auto\"  data-pk-src=\"https:\/\/radiosolaris.com.br\/beta\/wp-content\/uploads\/2021\/12\/WhatsApp-Image-2021-12-10-at-03.33.11-1024x776.jpeg\" ><\/a><figcaption class=\"blocks-gallery-item__caption\">Cr\u00e9dito: Divulga\u00e7\u00e3o redes sociais<\/figcaption><\/figure><\/li><li class=\"blocks-gallery-item\"><figure><a href=\"https:\/\/radiosolaris.com.br\/beta\/wp-content\/uploads\/2021\/12\/WhatsApp-Image-2021-12-10-at-03.33.36.jpeg\"><img  decoding=\"async\"  src=\"data:image\/png;base64,iVBORw0KGgoAAAANSUhEUgAAAAEAAAABAQMAAAAl21bKAAAAA1BMVEUAAP+KeNJXAAAAAXRSTlMAQObYZgAAAAlwSFlzAAAOxAAADsQBlSsOGwAAAApJREFUCNdjYAAAAAIAAeIhvDMAAAAASUVORK5CYII=\"  alt=\"\"  data-id=\"66782\"  data-full-url=\"https:\/\/radiosolaris.com.br\/beta\/wp-content\/uploads\/2021\/12\/WhatsApp-Image-2021-12-10-at-03.33.36.jpeg\"  data-link=\"https:\/\/radiosolaris.com.br\/beta\/?attachment_id=66782\"  class=\"wp-image-66782 pk-lazyload\"  data-pk-sizes=\"auto\"  data-pk-src=\"https:\/\/radiosolaris.com.br\/beta\/wp-content\/uploads\/2021\/12\/WhatsApp-Image-2021-12-10-at-03.33.36-1024x768.jpeg\" ><\/a><figcaption class=\"blocks-gallery-item__caption\">Cr\u00e9dito: Igor Panzenhagen<\/figcaption><\/figure><\/li><\/ul><\/figure>\n\n\n\n<p><\/p>\n","protected":false},"excerpt":{"rendered":"<p>Pai e filho morreram e outras duas pessoas ficaram feridas e foram encaminhadas para hospitais da cidade Pai e filho, ainda n\u00e3o identificados, foram executados e duas pessoas ficaram feridas&hellip;<\/p>\n","protected":false},"author":17,"featured_media":66783,"comment_status":"closed","ping_status":"closed","sticky":false,"template":"","format":"standard","meta":{"_lmt_disableupdate":"","_lmt_disable":"","footnotes":""},"categories":[83],"tags":[9192,9193,148,5800,745,222,283,3504],"powerkit_post_featured":[],"class_list":{"0":"post-66781","1":"post","2":"type-post","3":"status-publish","4":"format-standard","5":"has-post-thumbnail","7":"category-serra-gaucha","8":"tag-alfredo-jaconi","9":"tag-ataque-a-tiros","10":"tag-caxias-do-sul","11":"tag-execussao","12":"tag-juventude","13":"tag-morte","14":"tag-serra-gaucha","15":"tag-tiroteio"},"modified_by":"Luciano Pettorini","_links":{"self":[{"href":"https:\/\/radiosolaris.com.br\/beta\/wp-json\/wp\/v2\/posts\/66781","targetHints":{"allow":["GET"]}}],"collection":[{"href":"https:\/\/radiosolaris.com.br\/beta\/wp-json\/wp\/v2\/posts"}],"about":[{"href":"https:\/\/radiosolaris.com.br\/beta\/wp-json\/wp\/v2\/types\/post"}],"author":[{"embeddable":true,"href":"https:\/\/radiosolaris.com.br\/beta\/wp-json\/wp\/v2\/users\/17"}],"replies":[{"embeddable":true,"href":"https:\/\/radiosolaris.com.br\/beta\/wp-json\/wp\/v2\/comments?post=66781"}],"version-history":[{"count":0,"href":"https:\/\/radiosolaris.com.br\/beta\/wp-json\/wp\/v2\/posts\/66781\/revisions"}],"wp:featuredmedia":[{"embeddable":true,"href":"https:\/\/radiosolaris.com.br\/beta\/wp-json\/wp\/v2\/media\/66783"}],"wp:attachment":[{"href":"https:\/\/radiosolaris.com.br\/beta\/wp-json\/wp\/v2\/media?parent=66781"}],"wp:term":[{"taxonomy":"category","embeddable":true,"href":"https:\/\/radiosolaris.com.br\/beta\/wp-json\/wp\/v2\/categories?post=66781"},{"taxonomy":"post_tag","embeddable":true,"href":"https:\/\/radiosolaris.com.br\/beta\/wp-json\/wp\/v2\/tags?post=66781"},{"taxonomy":"powerkit_post_featured","embeddable":true,"href":"https:\/\/radiosolaris.com.br\/beta\/wp-json\/wp\/v2\/powerkit_post_featured?post=66781"}],"curies":[{"name":"wp","href":"https:\/\/api.w.org\/{rel}","templated":true}]}}