{"id":66306,"date":"2021-12-03T11:08:36","date_gmt":"2021-12-03T14:08:36","guid":{"rendered":"https:\/\/radiosolaris.com.br\/beta\/?p=66306"},"modified":"2021-12-03T11:10:23","modified_gmt":"2021-12-03T14:10:23","slug":"soberanas-apresentam-seus-trajes-oficiais-para-festa-da-uva-2022","status":"publish","type":"post","link":"https:\/\/radiosolaris.com.br\/beta\/soberanas-apresentam-seus-trajes-oficiais-para-festa-da-uva-2022\/","title":{"rendered":"Soberanas apresentam seus trajes oficiais para Festa da Uva 2022"},"content":{"rendered":"\n<h4 id=\"a-apresentacao-dos-vestidos-ocorreu-na-noite-desta-quinta-feira-2-no-recreio-da-juventude\" class=\"wp-block-heading\">A apresenta\u00e7\u00e3o dos vestidos ocorreu na noite desta quinta-feira (2), no Recreio da Juventude<\/h4>\n\n\n\n<p>A rainha Pricila Zanol e as princesas Bianca Fabro Ott e Bruna Mallmann apresentaram ao p\u00fablico o traje oficial que ser\u00e1 utilizado por elas durante a 33\u00aa Festa da Uva de Caxias do Sul. A apresenta\u00e7\u00e3o dos vestidos ocorreu na noite desta quinta-feira (2), no Recreio da Juventude, em uma cerim\u00f4nia restrita \u00e0 convidados.<\/p>\n\n\n\n<p>O traje das soberanas homenageia os 90 anos da festa e s\u00e3o aliados a elementos que projetam o futuro. O desfile da rainha e princesas ocorreu em duas etapas. Primeiro, as soberanas mostraram ao p\u00fablico seus trajes de passeio, caracterizado em oferecer conforto e mobilidade para o dia a dia.<\/p>\n\n\n\n<figure class=\"wp-block-gallery columns-1 is-cropped wp-block-gallery-1 is-layout-flex wp-block-gallery-is-layout-flex\"><ul class=\"blocks-gallery-grid\"><li class=\"blocks-gallery-item\"><figure><a href=\"https:\/\/radiosolaris.com.br\/beta\/wp-content\/uploads\/2021\/12\/Soberanas-apresentam-seus-trajes-oficiais-para-Festa-da-Uva-2022-6.jpeg\"><img  decoding=\"async\"  src=\"data:image\/png;base64,iVBORw0KGgoAAAANSUhEUgAAAAEAAAABAQMAAAAl21bKAAAAA1BMVEUAAP+KeNJXAAAAAXRSTlMAQObYZgAAAAlwSFlzAAAOxAAADsQBlSsOGwAAAApJREFUCNdjYAAAAAIAAeIhvDMAAAAASUVORK5CYII=\"  alt=\"\"  data-id=\"66309\"  data-full-url=\"https:\/\/radiosolaris.com.br\/beta\/wp-content\/uploads\/2021\/12\/Soberanas-apresentam-seus-trajes-oficiais-para-Festa-da-Uva-2022-6.jpeg\"  data-link=\"https:\/\/radiosolaris.com.br\/beta\/?attachment_id=66309\"  class=\"wp-image-66309 pk-lazyload\"  data-pk-sizes=\"auto\"  data-pk-src=\"https:\/\/radiosolaris.com.br\/beta\/wp-content\/uploads\/2021\/12\/Soberanas-apresentam-seus-trajes-oficiais-para-Festa-da-Uva-2022-6-1024x576.jpeg\" ><\/a><\/figure><\/li><\/ul><\/figure>\n\n\n\n<p>A rainha Pricila usar\u00e1 um vestido verde, enquanto a princesa Bianca usar\u00e1 um rosa e a princesa Bruna vestir\u00e1 um azul. Os bordados dos trajes s\u00e3o feitos em linha \u00e0 m\u00e3o. O vestido da Pricila conta com um avental, com cachos de uva em p\u00e9rolas e mangas esvoa\u00e7antes. Os tr\u00eas vestidos acompanham uma bolsa em palha, com al\u00e7as em p\u00e9rola. As cores, contemplam a mesma cartela das pe\u00e7as de gala.<\/p>\n\n\n\n<p>Ap\u00f3s a apresenta\u00e7\u00e3o dos trajes de passeio, as soberanas desfilaram com os trajes oficiais de gala. Bianca foi a primeira a desfilar, vestindo traje em rosa intenso, com cachos de uva bordados na saia e com corte tradicional e mangas esvoa\u00e7antes.<\/p>\n\n\n\n<figure class=\"wp-block-gallery columns-1 is-cropped wp-block-gallery-2 is-layout-flex wp-block-gallery-is-layout-flex\"><ul class=\"blocks-gallery-grid\"><li class=\"blocks-gallery-item\"><figure><a href=\"https:\/\/radiosolaris.com.br\/beta\/wp-content\/uploads\/2021\/12\/Soberanas-apresentam-seus-trajes-oficiais-para-Festa-da-Uva-2022-5.jpeg\"><img  decoding=\"async\"  src=\"data:image\/png;base64,iVBORw0KGgoAAAANSUhEUgAAAAEAAAABAQMAAAAl21bKAAAAA1BMVEUAAP+KeNJXAAAAAXRSTlMAQObYZgAAAAlwSFlzAAAOxAAADsQBlSsOGwAAAApJREFUCNdjYAAAAAIAAeIhvDMAAAAASUVORK5CYII=\"  alt=\"\"  data-id=\"66310\"  data-full-url=\"https:\/\/radiosolaris.com.br\/beta\/wp-content\/uploads\/2021\/12\/Soberanas-apresentam-seus-trajes-oficiais-para-Festa-da-Uva-2022-5.jpeg\"  data-link=\"https:\/\/radiosolaris.com.br\/beta\/?attachment_id=66310\"  class=\"wp-image-66310 pk-lazyload\"  data-pk-sizes=\"auto\"  data-pk-src=\"https:\/\/radiosolaris.com.br\/beta\/wp-content\/uploads\/2021\/12\/Soberanas-apresentam-seus-trajes-oficiais-para-Festa-da-Uva-2022-5-1024x576.jpeg\" ><\/a><\/figure><\/li><\/ul><\/figure>\n\n\n\n<p>A segunda a desfilar, foi a princesa Bruna, com uma pe\u00e7a azul composta por um chale em croch\u00ea, em homenagem a sua m\u00e3e. O vestido conta com um bordado ao longo da saia e macram\u00ea. Por fim, se apresentou a rainha Pricila em uma veste da cor verde esmeralda e mangas em off White. O bordado do traje de Pricila forma ramos de parreira e cachos de uvas.<\/p>\n\n\n\n<figure class=\"wp-block-gallery columns-1 is-cropped wp-block-gallery-3 is-layout-flex wp-block-gallery-is-layout-flex\"><ul class=\"blocks-gallery-grid\"><li class=\"blocks-gallery-item\"><figure><img  decoding=\"async\"  src=\"data:image\/png;base64,iVBORw0KGgoAAAANSUhEUgAAAAEAAAABAQMAAAAl21bKAAAAA1BMVEUAAP+KeNJXAAAAAXRSTlMAQObYZgAAAAlwSFlzAAAOxAAADsQBlSsOGwAAAApJREFUCNdjYAAAAAIAAeIhvDMAAAAASUVORK5CYII=\"  alt=\"\"  data-id=\"66311\"  data-full-url=\"https:\/\/radiosolaris.com.br\/beta\/wp-content\/uploads\/2021\/12\/Soberanas-apresentam-seus-trajes-oficiais-para-Festa-da-Uva-2022-4.jpeg\"  data-link=\"https:\/\/radiosolaris.com.br\/beta\/?attachment_id=66311\"  class=\"wp-image-66311 pk-lazyload\"  data-pk-sizes=\"auto\"  data-pk-src=\"https:\/\/radiosolaris.com.br\/beta\/wp-content\/uploads\/2021\/12\/Soberanas-apresentam-seus-trajes-oficiais-para-Festa-da-Uva-2022-4-1024x576.jpeg\" ><\/figure><\/li><li class=\"blocks-gallery-item\"><figure><img  decoding=\"async\"  src=\"data:image\/png;base64,iVBORw0KGgoAAAANSUhEUgAAAAEAAAABAQMAAAAl21bKAAAAA1BMVEUAAP+KeNJXAAAAAXRSTlMAQObYZgAAAAlwSFlzAAAOxAAADsQBlSsOGwAAAApJREFUCNdjYAAAAAIAAeIhvDMAAAAASUVORK5CYII=\"  alt=\"\"  data-id=\"66312\"  data-full-url=\"https:\/\/radiosolaris.com.br\/beta\/wp-content\/uploads\/2021\/12\/Soberanas-apresentam-seus-trajes-oficiais-para-Festa-da-Uva-2022-3.jpeg\"  data-link=\"https:\/\/radiosolaris.com.br\/beta\/?attachment_id=66312\"  class=\"wp-image-66312 pk-lazyload\"  data-pk-sizes=\"auto\"  data-pk-src=\"https:\/\/radiosolaris.com.br\/beta\/wp-content\/uploads\/2021\/12\/Soberanas-apresentam-seus-trajes-oficiais-para-Festa-da-Uva-2022-3-1024x576.jpeg\" ><\/figure><\/li><\/ul><\/figure>\n\n\n\n<p>Os vestidos apresentados ao p\u00fablico s\u00e3o resultado de uma pesquisa do jornalista e pesquisador Charles Tonet. As pe\u00e7as contam com desenho e confec\u00e7\u00e3o da estilista Vivian Boff, que foi quem produziu o vestido da rainha Pricila para o concurso que ocorreu em julho. A 33\u00aa Festa Nacional da Uva ocorre de 18 de fevereiro a 6 de mar\u00e7o de 2022.<\/p>\n\n\n\n<figure class=\"wp-block-gallery columns-1 is-cropped wp-block-gallery-4 is-layout-flex wp-block-gallery-is-layout-flex\"><ul class=\"blocks-gallery-grid\"><li class=\"blocks-gallery-item\"><figure><img  decoding=\"async\"  src=\"data:image\/png;base64,iVBORw0KGgoAAAANSUhEUgAAAAEAAAABAQMAAAAl21bKAAAAA1BMVEUAAP+KeNJXAAAAAXRSTlMAQObYZgAAAAlwSFlzAAAOxAAADsQBlSsOGwAAAApJREFUCNdjYAAAAAIAAeIhvDMAAAAASUVORK5CYII=\"  alt=\"\"  data-id=\"66313\"  data-full-url=\"https:\/\/radiosolaris.com.br\/beta\/wp-content\/uploads\/2021\/12\/Soberanas-apresentam-seus-trajes-oficiais-para-Festa-da-Uva-2022-1.jpeg\"  data-link=\"https:\/\/radiosolaris.com.br\/beta\/?attachment_id=66313\"  class=\"wp-image-66313 pk-lazyload\"  data-pk-sizes=\"auto\"  data-pk-src=\"https:\/\/radiosolaris.com.br\/beta\/wp-content\/uploads\/2021\/12\/Soberanas-apresentam-seus-trajes-oficiais-para-Festa-da-Uva-2022-1-1024x576.jpeg\" ><\/figure><\/li><\/ul><\/figure>\n","protected":false},"excerpt":{"rendered":"<p>A apresenta\u00e7\u00e3o dos vestidos ocorreu na noite desta quinta-feira (2), no Recreio da Juventude A rainha Pricila Zanol e as princesas Bianca Fabro Ott e Bruna Mallmann apresentaram ao p\u00fablico&hellip;<\/p>\n","protected":false},"author":16,"featured_media":66313,"comment_status":"closed","ping_status":"closed","sticky":false,"template":"","format":"standard","meta":{"_lmt_disableupdate":"","_lmt_disable":"","footnotes":""},"categories":[1,83],"tags":[9127,7441,148,2116,7734,9124,7733,992,283,9125,9126],"powerkit_post_featured":[],"class_list":{"0":"post-66306","1":"post","2":"type-post","3":"status-publish","4":"format-standard","5":"has-post-thumbnail","7":"category-geral","8":"category-serra-gaucha","9":"tag-bianca-fabro-ott","10":"tag-bruna-mallmann","11":"tag-caxias-do-sul","12":"tag-festa-da-uva","13":"tag-festa-da-uva-2022","14":"tag-festa-nacional-da-uva","15":"tag-pricila-zanol","16":"tag-serra","17":"tag-serra-gaucha","18":"tag-soberanas-festa-da-uva","19":"tag-trajes-oficiais-festa-da-uva"},"modified_by":"Bruna Picinini","_links":{"self":[{"href":"https:\/\/radiosolaris.com.br\/beta\/wp-json\/wp\/v2\/posts\/66306","targetHints":{"allow":["GET"]}}],"collection":[{"href":"https:\/\/radiosolaris.com.br\/beta\/wp-json\/wp\/v2\/posts"}],"about":[{"href":"https:\/\/radiosolaris.com.br\/beta\/wp-json\/wp\/v2\/types\/post"}],"author":[{"embeddable":true,"href":"https:\/\/radiosolaris.com.br\/beta\/wp-json\/wp\/v2\/users\/16"}],"replies":[{"embeddable":true,"href":"https:\/\/radiosolaris.com.br\/beta\/wp-json\/wp\/v2\/comments?post=66306"}],"version-history":[{"count":0,"href":"https:\/\/radiosolaris.com.br\/beta\/wp-json\/wp\/v2\/posts\/66306\/revisions"}],"wp:featuredmedia":[{"embeddable":true,"href":"https:\/\/radiosolaris.com.br\/beta\/wp-json\/wp\/v2\/media\/66313"}],"wp:attachment":[{"href":"https:\/\/radiosolaris.com.br\/beta\/wp-json\/wp\/v2\/media?parent=66306"}],"wp:term":[{"taxonomy":"category","embeddable":true,"href":"https:\/\/radiosolaris.com.br\/beta\/wp-json\/wp\/v2\/categories?post=66306"},{"taxonomy":"post_tag","embeddable":true,"href":"https:\/\/radiosolaris.com.br\/beta\/wp-json\/wp\/v2\/tags?post=66306"},{"taxonomy":"powerkit_post_featured","embeddable":true,"href":"https:\/\/radiosolaris.com.br\/beta\/wp-json\/wp\/v2\/powerkit_post_featured?post=66306"}],"curies":[{"name":"wp","href":"https:\/\/api.w.org\/{rel}","templated":true}]}}