{"id":66229,"date":"2021-12-01T21:46:57","date_gmt":"2021-12-02T00:46:57","guid":{"rendered":"https:\/\/radiosolaris.com.br\/beta\/?p=66229"},"modified":"2021-12-01T21:46:59","modified_gmt":"2021-12-02T00:46:59","slug":"bispo-emerito-de-caxias-do-sul-traz-para-a-serra-reliquia-do-beato-carlo-acutis","status":"publish","type":"post","link":"https:\/\/radiosolaris.com.br\/beta\/bispo-emerito-de-caxias-do-sul-traz-para-a-serra-reliquia-do-beato-carlo-acutis\/","title":{"rendered":"Bispo em\u00e9rito de Caxias do Sul traz para a Serra Rel\u00edquia do beato Carlo Acutis"},"content":{"rendered":"\n<h4 id=\"dom-alessandro-ruffinoni-conversou-com-a-mae-de-acutis-que-entregou-uma-reliquia-de-primeiro-grau-ao-religioso\" class=\"wp-block-heading\">Dom Alessandro Ruffinoni conversou com a m\u00e3e de Acutis, que entregou uma rel\u00edquia de primeiro grau ao religioso<\/h4>\n\n\n\n<p>O bispo em\u00e9rito de Caxias do Sul, Dom Alessandro Ruffinoni, durante sua viagem de f\u00e9rias \u00e0 It\u00e1lia, participou do lan\u00e7amento do novo livro de Antonia Salzano Acutis, \u2018Il segreto di mio figlio\u2019 (O Segredo de Meu Filho). A conversa entre a m\u00e3e de Acutis e o bispo ocorreu em Mil\u00e3o, no dia 19 de novembro.<\/p>\n\n\n\n<p>A m\u00e3e de Carlo Acutis recebeu Ruffinoni e entregou ao religioso os cabelos de seu filho, uma rel\u00edquia de primeiro grau. Os cabelos do beato v\u00e3o ser trazidos pelo bispo ao Brasil no dia 12 de dezembro. A rel\u00edquia vai ser levada ao Santu\u00e1rio de Nossa Senhora de Caravaggio, em Farroupilha.<\/p>\n\n\n\n<p>Segundo Dom Alessandro, a m\u00e3e do beato lhe chamou em uma sala e entregou a ele a rel\u00edquia de seu filho. Ainda escreveu um autografo em seu exemplar do livro e apoiou o trabalho do religioso com os jovens. O aut\u00f3grafo dizia: \u201cA sua Excel\u00eancia Dom Alessandro Ruffinoni, Muito amado por Jesus, Sacerdote segundo o cora\u00e7\u00e3o de Deus, Farol para os jovens e alma predileta por Deus. N\u00e3o eu, mas Deus. Com muito carinho. Antonia Salzano Acutis\u201d.<\/p>\n\n\n\n<p>O bispo grava v\u00eddeos semanalmente falando sobre a vida de Acutis e tamb\u00e9m intensifica o trabalho de evangeliza\u00e7\u00e3o atrav\u00e9s do digital, j\u00e1 que Acutis \u00e9 o patrono da evangeliza\u00e7\u00e3o pela internet. Dom Alessandro tamb\u00e9m \u00e9 o organizador da exposi\u00e7\u00e3o Milagres Eucar\u00edsticos, que ocorreu em Farroupilha, um projeto idealizado mundialmente por Carlo Acutis antes de morrer e re\u00fane todos os Milagres Eucar\u00edsticos que est\u00e3o relacionados com a Eucaristia e a sagrada h\u00f3stia e que foram reconhecidos pela Igreja. A ideia de expor a rel\u00edquia no Santu\u00e1rio \u00e9 devido a essa liga\u00e7\u00e3o com a mostra.<\/p>\n\n\n\n<p>Carlo Acutis nasceu no Reino Unido e foi beatificado pela Igreja Cat\u00f3lica. Nasceu em Londres, na Inglaterra, mas passou a maior parte de sua vida morando com os pais em Mil\u00e3o. Ele utilizou a internet para evangelizar e interceder pela vida dos que n\u00e3o conheciam Jesus. Viveu uma vida de amor e devo\u00e7\u00e3o a Cristo e \u00e0 Eucaristia. O adolescente morreu de leucemia em 2006 e foi beatificado em 2020, na Bas\u00edlica de S\u00e3o Francisco de Assis, na It\u00e1lia.<\/p>\n\n\n\n<p>Mesmo nunca tendo vindo ao Brasil, o pa\u00eds tem liga\u00e7\u00e3o com o jovem por conta de milagres realizados. A Comiss\u00e3o para a causa dos santos, no Vaticano, reconheceu o milagre pela intercess\u00e3o de Carlo Acutis, onde um menino brasileiro, do Mato Grosso do Sul, foi curado de uma doen\u00e7a rara. Ele havia sido diagnosticado com uma anomalia cong\u00eanita do p\u00e2ncreas. Em 2010, ao visitar a Capela de Nossa Senhora Aparecida, este menino teria se curado depois que o av\u00f4 tocou as roupas de Carlo Acutis que estavam em exposi\u00e7\u00e3o na capela.<\/p>\n\n\n\n<p>Acutis teve o corpo exumado em 2019 e foi encontrado sem sinais de decomposi\u00e7\u00e3o. O jovem \u00e9 associado \u00e0 internet porque utilizava das redes para evangelizar e tinha conhecimento de ci\u00eancia da computa\u00e7\u00e3o muito acima da m\u00e9dia para sua idade e para quem n\u00e3o possu\u00eda estudos espec\u00edficos sobre o assunto.<\/p>\n","protected":false},"excerpt":{"rendered":"<p>Dom Alessandro Ruffinoni conversou com a m\u00e3e de Acutis, que entregou uma rel\u00edquia de primeiro grau ao religioso O bispo em\u00e9rito de Caxias do Sul, Dom Alessandro Ruffinoni, durante sua&hellip;<\/p>\n","protected":false},"author":16,"featured_media":66230,"comment_status":"closed","ping_status":"closed","sticky":false,"template":"","format":"standard","meta":{"_lmt_disableupdate":"","_lmt_disable":"","footnotes":""},"categories":[83],"tags":[9109,9108,9110,9107,1244,992,283],"powerkit_post_featured":[],"class_list":{"0":"post-66229","1":"post","2":"type-post","3":"status-publish","4":"format-standard","5":"has-post-thumbnail","7":"category-serra-gaucha","8":"tag-beato-carlo-acutis","9":"tag-bispo-emerito-caxias-do-sul","10":"tag-carlo-acutis","11":"tag-dom-alessandro-ruffinoni","12":"tag-igreja","13":"tag-serra","14":"tag-serra-gaucha"},"modified_by":"Bruna Picinini","_links":{"self":[{"href":"https:\/\/radiosolaris.com.br\/beta\/wp-json\/wp\/v2\/posts\/66229","targetHints":{"allow":["GET"]}}],"collection":[{"href":"https:\/\/radiosolaris.com.br\/beta\/wp-json\/wp\/v2\/posts"}],"about":[{"href":"https:\/\/radiosolaris.com.br\/beta\/wp-json\/wp\/v2\/types\/post"}],"author":[{"embeddable":true,"href":"https:\/\/radiosolaris.com.br\/beta\/wp-json\/wp\/v2\/users\/16"}],"replies":[{"embeddable":true,"href":"https:\/\/radiosolaris.com.br\/beta\/wp-json\/wp\/v2\/comments?post=66229"}],"version-history":[{"count":0,"href":"https:\/\/radiosolaris.com.br\/beta\/wp-json\/wp\/v2\/posts\/66229\/revisions"}],"wp:featuredmedia":[{"embeddable":true,"href":"https:\/\/radiosolaris.com.br\/beta\/wp-json\/wp\/v2\/media\/66230"}],"wp:attachment":[{"href":"https:\/\/radiosolaris.com.br\/beta\/wp-json\/wp\/v2\/media?parent=66229"}],"wp:term":[{"taxonomy":"category","embeddable":true,"href":"https:\/\/radiosolaris.com.br\/beta\/wp-json\/wp\/v2\/categories?post=66229"},{"taxonomy":"post_tag","embeddable":true,"href":"https:\/\/radiosolaris.com.br\/beta\/wp-json\/wp\/v2\/tags?post=66229"},{"taxonomy":"powerkit_post_featured","embeddable":true,"href":"https:\/\/radiosolaris.com.br\/beta\/wp-json\/wp\/v2\/powerkit_post_featured?post=66229"}],"curies":[{"name":"wp","href":"https:\/\/api.w.org\/{rel}","templated":true}]}}