{"id":65929,"date":"2021-11-27T11:09:51","date_gmt":"2021-11-27T14:09:51","guid":{"rendered":"https:\/\/radiosolaris.com.br\/beta\/?p=65929"},"modified":"2021-11-27T11:09:56","modified_gmt":"2021-11-27T14:09:56","slug":"feira-do-livro-de-caxias-do-sul-tera-atracoes-presenciais-e-virtuais","status":"publish","type":"post","link":"https:\/\/radiosolaris.com.br\/beta\/feira-do-livro-de-caxias-do-sul-tera-atracoes-presenciais-e-virtuais\/","title":{"rendered":"Feira do Livro de Caxias do Sul ter\u00e1 atra\u00e7\u00f5es presenciais e virtuais"},"content":{"rendered":"\n<h4 id=\"considerada-o-maior-evento-literario-da-serra-gaucha-a-feira-segue-ate-o-dia-12-de-dezembro-na-praca-dante-alighieri\" class=\"wp-block-heading\">Considerada o maior evento liter\u00e1rio da Serra ga\u00facha, a Feira segue at\u00e9 o dia 12 de dezembro, na Pra\u00e7a Dante Alighieri<\/h4>\n\n\n\n<p>Para a alegria dos amantes de livros, a 37\u00aa Feira do Livro de Caxias do Sul teve in\u00edcio nesta sexta-feira (26), na Pra\u00e7a Dante Alighieri e segue at\u00e9 12 de dezembro. O evento liter\u00e1rio, considerado o maior da Serra ga\u00facha, ocorre de domingo a sexta, das 12h \u00e0s 20h, e, aos s\u00e1bados, das 10h \u00e0s 20h. A Feira \u00e9 um encontro de apaixonados ou simpatizantes com as diversas obras.<\/p>\n\n\n\n<p>A Feira tem entrada gratuita e ter\u00e1 mais de 200 atra\u00e7\u00f5es. Em formato presencial ocorrem sess\u00f5es de aut\u00f3grafos, saraus e edi\u00e7\u00f5es do \u00d3rbita Liter\u00e1ria, divididos entre espa\u00e7os na Pra\u00e7a e na Casa da Cultura.<\/p>\n\n\n\n<p>J\u00e1 no formato online, est\u00e3o programados para acontecer bate-papos entre escritores e educadores al\u00e9m de palestras e edi\u00e7\u00f5es dos projetos Escritor na Comunidade e Passaporte da Leitura. Todas estas ter\u00e3o transmiss\u00e3o pelo <a href=\"https:\/\/www.feiradolivrocaxias.com\/).\">site da Feira<\/a> e pelas <a href=\"https:\/\/www.facebook.com\/CulturaCaxiasDoSul\">redes sociais da Secretaria Municipal de Cultura<\/a>.<\/p>\n\n\n\n<p>A Patrona desta edi\u00e7\u00e3o, a escritora Alessandra Rech, destaca que o slogan da Feira \u2018Ler para (se) Mover\u2019 oferece oportunidades para que quest\u00f5es sobre o relacionamento das pessoas com os livros sejam discutidos. Ela tamb\u00e9m afirma que o evento \u00e9 uma oportunidade de ajudar a despertar o poder transformador da leitura como uma aliada para viver melhor.<\/p>\n\n\n\n<p>Para a compra das obras liter\u00e1rias, os visitantes v\u00e3o ter 18 bancas e 13 livrarias e editoras \u00e0 disposi\u00e7\u00e3o. Os exemplares ser\u00e3o comercializados com 20% de desconto, como j\u00e1 \u00e9 padr\u00e3o da Feira h\u00e1 alguns anos.<\/p>\n","protected":false},"excerpt":{"rendered":"<p>Considerada o maior evento liter\u00e1rio da Serra ga\u00facha, a Feira segue at\u00e9 o dia 12 de dezembro, na Pra\u00e7a Dante Alighieri Para a alegria dos amantes de livros, a 37\u00aa&hellip;<\/p>\n","protected":false},"author":16,"featured_media":65930,"comment_status":"closed","ping_status":"closed","sticky":false,"template":"","format":"standard","meta":{"_lmt_disableupdate":"","_lmt_disable":"","footnotes":""},"categories":[83],"tags":[148,472,9047,7312,5413,9048,283],"powerkit_post_featured":[],"class_list":{"0":"post-65929","1":"post","2":"type-post","3":"status-publish","4":"format-standard","5":"has-post-thumbnail","7":"category-serra-gaucha","8":"tag-caxias-do-sul","9":"tag-feira-do-livro","10":"tag-feira-do-livro-caxias-do-sul","11":"tag-livros","12":"tag-praca-dante-alighieri","13":"tag-secretaria-municipal-da-cultura","14":"tag-serra-gaucha"},"modified_by":"Bruna Picinini","_links":{"self":[{"href":"https:\/\/radiosolaris.com.br\/beta\/wp-json\/wp\/v2\/posts\/65929","targetHints":{"allow":["GET"]}}],"collection":[{"href":"https:\/\/radiosolaris.com.br\/beta\/wp-json\/wp\/v2\/posts"}],"about":[{"href":"https:\/\/radiosolaris.com.br\/beta\/wp-json\/wp\/v2\/types\/post"}],"author":[{"embeddable":true,"href":"https:\/\/radiosolaris.com.br\/beta\/wp-json\/wp\/v2\/users\/16"}],"replies":[{"embeddable":true,"href":"https:\/\/radiosolaris.com.br\/beta\/wp-json\/wp\/v2\/comments?post=65929"}],"version-history":[{"count":0,"href":"https:\/\/radiosolaris.com.br\/beta\/wp-json\/wp\/v2\/posts\/65929\/revisions"}],"wp:featuredmedia":[{"embeddable":true,"href":"https:\/\/radiosolaris.com.br\/beta\/wp-json\/wp\/v2\/media\/65930"}],"wp:attachment":[{"href":"https:\/\/radiosolaris.com.br\/beta\/wp-json\/wp\/v2\/media?parent=65929"}],"wp:term":[{"taxonomy":"category","embeddable":true,"href":"https:\/\/radiosolaris.com.br\/beta\/wp-json\/wp\/v2\/categories?post=65929"},{"taxonomy":"post_tag","embeddable":true,"href":"https:\/\/radiosolaris.com.br\/beta\/wp-json\/wp\/v2\/tags?post=65929"},{"taxonomy":"powerkit_post_featured","embeddable":true,"href":"https:\/\/radiosolaris.com.br\/beta\/wp-json\/wp\/v2\/powerkit_post_featured?post=65929"}],"curies":[{"name":"wp","href":"https:\/\/api.w.org\/{rel}","templated":true}]}}