{"id":65722,"date":"2021-11-23T14:29:00","date_gmt":"2021-11-23T17:29:00","guid":{"rendered":"https:\/\/radiosolaris.com.br\/beta\/?p=65722"},"modified":"2021-11-23T14:29:03","modified_gmt":"2021-11-23T17:29:03","slug":"programacao-alusiva-ao-novembro-azul-neste-sabado-na-praca-garibaldi","status":"publish","type":"post","link":"https:\/\/radiosolaris.com.br\/beta\/programacao-alusiva-ao-novembro-azul-neste-sabado-na-praca-garibaldi\/","title":{"rendered":"Programa\u00e7\u00e3o alusiva ao Novembro Azul  neste s\u00e1bado na pra\u00e7a Garibaldi"},"content":{"rendered":"\n<h4 id=\"no-periodo-da-tarde-havera-programacao-com-show-distribuicao-de-material-informativo-verificacao-de-pressao-e-realizacao-de-testes-rapidos\" class=\"wp-block-heading\">No per\u00edodo da tarde haver\u00e1 programa\u00e7\u00e3o com show, distribui\u00e7\u00e3o de material informativo, verifica\u00e7\u00e3o de press\u00e3o e realiza\u00e7\u00e3o de testes r\u00e1pidos<\/h4>\n\n\n\n<p>Ant\u00f4nio Prado contar\u00e1 com programa\u00e7\u00e3o especial neste s\u00e1bado (27), na Pra\u00e7a Garibaldi alusiva ao Novembro Azul, m\u00eas de conscientiza\u00e7\u00e3o do c\u00e2ncer de pr\u00f3stata.<\/p>\n\n\n\n<p>As atividades iniciam \u00e0s 16h30min e contar\u00e3o com show do m\u00fasico Miguel Fontana na voz e viol\u00e3o, distribui\u00e7\u00e3o de material informativo e la\u00e7os azuis, verifica\u00e7\u00e3o de press\u00e3o arterial e realiza\u00e7\u00e3o de testes r\u00e1pidos. Tamb\u00e9m haver\u00e1 missa especial na igreja Matriz a ser realizada, \u00e0s 19h.<\/p>\n\n\n\n<p>Esta programa\u00e7\u00e3o \u00e9 uma realiza\u00e7\u00e3o da Secretarias Municipais de Sa\u00fade, Habita\u00e7\u00e3o e Assist\u00eancia Social, Associa\u00e7\u00e3o de Apoio aos Portadores de C\u00e2ncer (AAPC) de Ant\u00f4nio Prado, Coordenadoria Municipal da Mulher e conta com o apoio da R\u00e1dio Solaris 97.3 FM, Construtora Maso e Sald\u00e3o M\u00f3veis.<\/p>\n\n\n\n<h4 id=\"atendimento-ampliado-alusivo-ao-novembro-azul\" class=\"wp-block-heading\">Atendimento ampliado alusivo ao Novembro Azul <\/h4>\n\n\n\n<p>A Secretaria de Sa\u00fade tamb\u00e9m est\u00e1 realizando durante este m\u00eas, atendimento ampliado aos homens nas Unidades B\u00e1sicas de Sa\u00fade da Aparecida e Centro, <strong>no hor\u00e1rio das 17h30min \u00e0s 19h30min<\/strong>, atrav\u00e9s de consultas m\u00e9dicas e realiza\u00e7\u00e3o de testes r\u00e1pidos.<\/p>\n\n\n\n<p>O atendimento pode ser agendado pelo telefone de cada UBS:<\/p>\n\n\n\n<p>UBS Aparecida: (54) 3293-5665<\/p>\n\n\n\n<p>UBS Centro: (54) 3293-1634<\/p>\n\n\n\n<p>Fonte: Rep\u00f3rter Ta\u00eds Vargas<\/p>\n","protected":false},"excerpt":{"rendered":"<p>No per\u00edodo da tarde haver\u00e1 programa\u00e7\u00e3o com show, distribui\u00e7\u00e3o de material informativo, verifica\u00e7\u00e3o de press\u00e3o e realiza\u00e7\u00e3o de testes r\u00e1pidos Ant\u00f4nio Prado contar\u00e1 com programa\u00e7\u00e3o especial neste s\u00e1bado (27), na&hellip;<\/p>\n","protected":false},"author":1,"featured_media":65723,"comment_status":"closed","ping_status":"closed","sticky":false,"template":"","format":"standard","meta":{"_lmt_disableupdate":"","_lmt_disable":"","footnotes":""},"categories":[1855],"tags":[1854,2421,471],"powerkit_post_featured":[],"class_list":{"0":"post-65722","1":"post","2":"type-post","3":"status-publish","4":"format-standard","5":"has-post-thumbnail","7":"category-saude","8":"tag-novembro-azul","9":"tag-praca-garibaldi","10":"tag-programacao"},"modified_by":null,"_links":{"self":[{"href":"https:\/\/radiosolaris.com.br\/beta\/wp-json\/wp\/v2\/posts\/65722","targetHints":{"allow":["GET"]}}],"collection":[{"href":"https:\/\/radiosolaris.com.br\/beta\/wp-json\/wp\/v2\/posts"}],"about":[{"href":"https:\/\/radiosolaris.com.br\/beta\/wp-json\/wp\/v2\/types\/post"}],"author":[{"embeddable":true,"href":"https:\/\/radiosolaris.com.br\/beta\/wp-json\/wp\/v2\/users\/1"}],"replies":[{"embeddable":true,"href":"https:\/\/radiosolaris.com.br\/beta\/wp-json\/wp\/v2\/comments?post=65722"}],"version-history":[{"count":0,"href":"https:\/\/radiosolaris.com.br\/beta\/wp-json\/wp\/v2\/posts\/65722\/revisions"}],"wp:featuredmedia":[{"embeddable":true,"href":"https:\/\/radiosolaris.com.br\/beta\/wp-json\/wp\/v2\/media\/65723"}],"wp:attachment":[{"href":"https:\/\/radiosolaris.com.br\/beta\/wp-json\/wp\/v2\/media?parent=65722"}],"wp:term":[{"taxonomy":"category","embeddable":true,"href":"https:\/\/radiosolaris.com.br\/beta\/wp-json\/wp\/v2\/categories?post=65722"},{"taxonomy":"post_tag","embeddable":true,"href":"https:\/\/radiosolaris.com.br\/beta\/wp-json\/wp\/v2\/tags?post=65722"},{"taxonomy":"powerkit_post_featured","embeddable":true,"href":"https:\/\/radiosolaris.com.br\/beta\/wp-json\/wp\/v2\/powerkit_post_featured?post=65722"}],"curies":[{"name":"wp","href":"https:\/\/api.w.org\/{rel}","templated":true}]}}