{"id":65250,"date":"2021-11-16T16:16:43","date_gmt":"2021-11-16T19:16:43","guid":{"rendered":"https:\/\/radiosolaris.com.br\/beta\/?p=65250"},"modified":"2021-11-16T16:16:46","modified_gmt":"2021-11-16T19:16:46","slug":"prefeitura-de-caxias-do-sul-promove-leilao-de-materiais-inserviveis","status":"publish","type":"post","link":"https:\/\/radiosolaris.com.br\/beta\/prefeitura-de-caxias-do-sul-promove-leilao-de-materiais-inserviveis\/","title":{"rendered":"Prefeitura de Caxias do Sul promove Leil\u00e3o de materiais inserv\u00edveis"},"content":{"rendered":"\n<h4 id=\"os-interessados-poderao-participar-nesta-quarta-feira-17-na-sede-da-secretaria-de-obras\" class=\"wp-block-heading\">Os interessados poder\u00e3o participar nesta quarta-feira (17), na sede da Secretaria de Obras<\/h4>\n\n\n\n<p>Um leil\u00e3o, do tipo maior lance, ser\u00e1 realizado para aliena\u00e7\u00e3o de bens inserv\u00edveis da Prefeitura de Caxias do Sul nesta quarta-feira (17). Ser\u00e3o vendidos caminh\u00f5es, implementos, equipamentos e sucata de materiais ferrosos e n\u00e3o ferrosos, que est\u00e3o expostos no p\u00e1tio da Secretaria de Obras.<\/p>\n\n\n\n<p>Os interessados dever\u00e3o comparecer nas oficinas de m\u00e1quinas e ve\u00edculos da Secretaria de Obras e Servi\u00e7os P\u00fablicos, localizada na Rua Jo\u00e3o Greg\u00f3rio Paniz, 684, Bairro Centen\u00e1rio II, a partir das 9h da quarta. O leil\u00e3o ser\u00e1 realizado pelo leiloeiro Paulo Hesler.<\/p>\n\n\n\n<p>Mais informa\u00e7\u00f5es podem ser obtidas atrav\u00e9s dos contatos abaixo:<\/p>\n\n\n\n<ul class=\"wp-block-list\"><li>Secretaria Municipal de Obras e Servi\u00e7os P\u00fablicos, com os engenheiros Daniel Francisco Bristot e Guilherme Medeiros Lion\u00e7o: fone (54) 3901-2301, ramal 235, no hor\u00e1rio das 8h \u00e0s 11h e das 14h \u00e0s 16h<\/li><\/ul>\n\n\n\n<ul class=\"wp-block-list\"><li>Diretor de divis\u00e3o da Cenlic, Leonardo Weinert Correa: (54) 3218.6004<\/li><\/ul>\n\n\n\n<ul class=\"wp-block-list\"><li>Protocolo\/cadastro &#8211; CRC: (54) 3218.6000, ramal 6244, e 3218.6087 com Marcos ou Anabel; editais, (54) 3218.6000, ramais 6344, 6445, 6288 e 6381<\/li><\/ul>\n\n\n\n<ul class=\"wp-block-list\"><li>Leiloeiro Paulo Heisler: (51) 9 9969.4007<\/li><\/ul>\n\n\n\n<ul class=\"wp-block-list\"><li>Prefeitura de Caxias do Sul: www.caxias.rs.gov.br, em Central de Licita\u00e7\u00f5es, link Consulta de Licita\u00e7\u00f5es<\/li><\/ul>\n\n\n\n<figure class=\"wp-block-gallery columns-1 is-cropped wp-block-gallery-1 is-layout-flex wp-block-gallery-is-layout-flex\"><ul class=\"blocks-gallery-grid\"><li class=\"blocks-gallery-item\"><figure><a href=\"https:\/\/radiosolaris.com.br\/beta\/wp-content\/uploads\/2021\/11\/Sucatas.jpg\"><img  decoding=\"async\"  src=\"data:image\/png;base64,iVBORw0KGgoAAAANSUhEUgAAAAEAAAABAQMAAAAl21bKAAAAA1BMVEUAAP+KeNJXAAAAAXRSTlMAQObYZgAAAAlwSFlzAAAOxAAADsQBlSsOGwAAAApJREFUCNdjYAAAAAIAAeIhvDMAAAAASUVORK5CYII=\"  alt=\"\"  data-id=\"65251\"  data-full-url=\"https:\/\/radiosolaris.com.br\/beta\/wp-content\/uploads\/2021\/11\/Sucatas.jpg\"  data-link=\"https:\/\/radiosolaris.com.br\/beta\/?attachment_id=65251\"  class=\"wp-image-65251 pk-lazyload\"  data-pk-sizes=\"auto\"  data-pk-src=\"https:\/\/radiosolaris.com.br\/beta\/wp-content\/uploads\/2021\/11\/Sucatas-1024x498.jpg\" ><\/a><figcaption class=\"blocks-gallery-item__caption\">Foto: Ederson de Oliveira<\/figcaption><\/figure><\/li><\/ul><\/figure>\n\n\n\n<p><\/p>\n","protected":false},"excerpt":{"rendered":"<p>Os interessados poder\u00e3o participar nesta quarta-feira (17), na sede da Secretaria de Obras Um leil\u00e3o, do tipo maior lance, ser\u00e1 realizado para aliena\u00e7\u00e3o de bens inserv\u00edveis da Prefeitura de Caxias&hellip;<\/p>\n","protected":false},"author":17,"featured_media":65251,"comment_status":"closed","ping_status":"closed","sticky":false,"template":"","format":"standard","meta":{"_lmt_disableupdate":"","_lmt_disable":"","footnotes":""},"categories":[83],"tags":[8917,148,2691,8915,392,8916,154,744,283],"powerkit_post_featured":[],"class_list":{"0":"post-65250","1":"post","2":"type-post","3":"status-publish","4":"format-standard","5":"has-post-thumbnail","7":"category-serra-gaucha","8":"tag-alienacao-de-bens","9":"tag-caxias-do-sul","10":"tag-centenario","11":"tag-inserviveis","12":"tag-leilao","13":"tag-paulo-hesler","14":"tag-prefeitura","15":"tag-secretaria-de-obras","16":"tag-serra-gaucha"},"modified_by":"Igor Panzenhagen","_links":{"self":[{"href":"https:\/\/radiosolaris.com.br\/beta\/wp-json\/wp\/v2\/posts\/65250","targetHints":{"allow":["GET"]}}],"collection":[{"href":"https:\/\/radiosolaris.com.br\/beta\/wp-json\/wp\/v2\/posts"}],"about":[{"href":"https:\/\/radiosolaris.com.br\/beta\/wp-json\/wp\/v2\/types\/post"}],"author":[{"embeddable":true,"href":"https:\/\/radiosolaris.com.br\/beta\/wp-json\/wp\/v2\/users\/17"}],"replies":[{"embeddable":true,"href":"https:\/\/radiosolaris.com.br\/beta\/wp-json\/wp\/v2\/comments?post=65250"}],"version-history":[{"count":0,"href":"https:\/\/radiosolaris.com.br\/beta\/wp-json\/wp\/v2\/posts\/65250\/revisions"}],"wp:featuredmedia":[{"embeddable":true,"href":"https:\/\/radiosolaris.com.br\/beta\/wp-json\/wp\/v2\/media\/65251"}],"wp:attachment":[{"href":"https:\/\/radiosolaris.com.br\/beta\/wp-json\/wp\/v2\/media?parent=65250"}],"wp:term":[{"taxonomy":"category","embeddable":true,"href":"https:\/\/radiosolaris.com.br\/beta\/wp-json\/wp\/v2\/categories?post=65250"},{"taxonomy":"post_tag","embeddable":true,"href":"https:\/\/radiosolaris.com.br\/beta\/wp-json\/wp\/v2\/tags?post=65250"},{"taxonomy":"powerkit_post_featured","embeddable":true,"href":"https:\/\/radiosolaris.com.br\/beta\/wp-json\/wp\/v2\/powerkit_post_featured?post=65250"}],"curies":[{"name":"wp","href":"https:\/\/api.w.org\/{rel}","templated":true}]}}