{"id":65051,"date":"2021-11-12T15:49:43","date_gmt":"2021-11-12T18:49:43","guid":{"rendered":"https:\/\/radiosolaris.com.br\/beta\/?p=65051"},"modified":"2021-11-12T18:07:05","modified_gmt":"2021-11-12T21:07:05","slug":"abertura-oficial-da-3a-expo-prata-foi-realizada-nesta-quinta","status":"publish","type":"post","link":"https:\/\/radiosolaris.com.br\/beta\/abertura-oficial-da-3a-expo-prata-foi-realizada-nesta-quinta\/","title":{"rendered":"Abertura oficial da 3\u00aa Expo Prata foi realizada nesta quinta"},"content":{"rendered":"\n<h4 id=\"a-terceira-edicao-da-expo-prata-conta-com-atracoes-ate-o-dia-15-de-novembro\" class=\"wp-block-heading\">A terceira edi\u00e7\u00e3o da Expo Prata conta com atra\u00e7\u00f5es at\u00e9 o dia 15 de novembro <\/h4>\n\n\n\n<p>Na tarde de quinta-feira (11), ocorreu a abertura oficial da 3\u00aa Expo Prata e 2\u00aa Feira Agro Sicredi, realizada na Afuvi e CTG, na linha Severino Ribeiro, SN, Zona Rural de Nova Prata.<\/p>\n\n\n\n<p>A Expo Prata ocorre de 11 \u00e0 15 de novembro, com entrada gratuita e visa promover a hist\u00f3ria e as tradi\u00e7\u00f5es do munic\u00edpio e regi\u00e3o, valorizando artistas locais. \u00c9 presidida por Thiago Giaretta e Veridiana Valar Ciotta e representada pelas Soberanas, Rainha Eduarda Ferreira Polleselo e as Princesas \u00c9verly Bresolin e Eduarda Destri Guadagnin.<\/p>\n\n\n\n<p>O prefeito de Nova Prata, Alcione Grazziotin, refor\u00e7a que Nova Prata possui todas as condi\u00e7\u00f5es para receber os visitantes seguindo todas as medidas sanit\u00e1rias preventivas necess\u00e1rias ao combate e controle a Covid-19.<\/p>\n\n\n\n<p>A presidente da exposi\u00e7\u00e3o, Veridiana Valar Ciotta fez uma breve retrospectiva dos impactos da pandemia enfrentados para que se pudesse chegar a realiza\u00e7\u00e3o deste evento.<\/p>\n\n\n\n<p>Durante a cerim\u00f4nia de abertura o secret\u00e1rio do Turismo, Felipe Pavan agradeceu o trabalho constante de preven\u00e7\u00e3o e combate a pandemia que possibilitou a realiza\u00e7\u00e3o do evento. \u201cGostaria de agradecer o presidente da Amesne pelo combate respons\u00e1vel a Covid, mirando a sa\u00fade em primeiro lugar. Conseguimos de maneira t\u00e9cnica e profissional driblar essa doen\u00e7a. Se n\u00f3s estamos aqui hoje \u00e9 porque esse combate foi bem feito e nossos empreendedores j\u00e1 est\u00e3o prontos para expor e vender nossos produtos\u201d.<\/p>\n\n\n\n<p>A programa\u00e7\u00e3o completa pode ser acessada <a href=\"https:\/\/www.expoprata.com.br\/programacao\" data-type=\"URL\" data-id=\"https:\/\/www.expoprata.com.br\/programacao\" target=\"_blank\" rel=\"noreferrer noopener\">aqui<\/a>.<\/p>\n\n\n\n<p>Fonte: Grupo Solaris &#8211; Rep\u00f3rter Ta\u00eds Vargas<\/p>\n","protected":false},"excerpt":{"rendered":"<p>A terceira edi\u00e7\u00e3o da Expo Prata conta com atra\u00e7\u00f5es at\u00e9 o dia 15 de novembro Na tarde de quinta-feira (11), ocorreu a abertura oficial da 3\u00aa Expo Prata e 2\u00aa&hellip;<\/p>\n","protected":false},"author":1,"featured_media":65052,"comment_status":"closed","ping_status":"closed","sticky":false,"template":"","format":"standard","meta":{"_lmt_disableupdate":"","_lmt_disable":"","footnotes":""},"categories":[1],"tags":[8886,8885,867],"powerkit_post_featured":[],"class_list":{"0":"post-65051","1":"post","2":"type-post","3":"status-publish","4":"format-standard","5":"has-post-thumbnail","7":"category-geral","8":"tag-2a-feira-agro-sicredi","9":"tag-3a-expoprata","10":"tag-nova-prata"},"modified_by":null,"_links":{"self":[{"href":"https:\/\/radiosolaris.com.br\/beta\/wp-json\/wp\/v2\/posts\/65051","targetHints":{"allow":["GET"]}}],"collection":[{"href":"https:\/\/radiosolaris.com.br\/beta\/wp-json\/wp\/v2\/posts"}],"about":[{"href":"https:\/\/radiosolaris.com.br\/beta\/wp-json\/wp\/v2\/types\/post"}],"author":[{"embeddable":true,"href":"https:\/\/radiosolaris.com.br\/beta\/wp-json\/wp\/v2\/users\/1"}],"replies":[{"embeddable":true,"href":"https:\/\/radiosolaris.com.br\/beta\/wp-json\/wp\/v2\/comments?post=65051"}],"version-history":[{"count":0,"href":"https:\/\/radiosolaris.com.br\/beta\/wp-json\/wp\/v2\/posts\/65051\/revisions"}],"wp:featuredmedia":[{"embeddable":true,"href":"https:\/\/radiosolaris.com.br\/beta\/wp-json\/wp\/v2\/media\/65052"}],"wp:attachment":[{"href":"https:\/\/radiosolaris.com.br\/beta\/wp-json\/wp\/v2\/media?parent=65051"}],"wp:term":[{"taxonomy":"category","embeddable":true,"href":"https:\/\/radiosolaris.com.br\/beta\/wp-json\/wp\/v2\/categories?post=65051"},{"taxonomy":"post_tag","embeddable":true,"href":"https:\/\/radiosolaris.com.br\/beta\/wp-json\/wp\/v2\/tags?post=65051"},{"taxonomy":"powerkit_post_featured","embeddable":true,"href":"https:\/\/radiosolaris.com.br\/beta\/wp-json\/wp\/v2\/powerkit_post_featured?post=65051"}],"curies":[{"name":"wp","href":"https:\/\/api.w.org\/{rel}","templated":true}]}}