{"id":64868,"date":"2021-11-10T13:48:25","date_gmt":"2021-11-10T16:48:25","guid":{"rendered":"https:\/\/radiosolaris.com.br\/beta\/?p=64868"},"modified":"2021-11-10T13:48:29","modified_gmt":"2021-11-10T16:48:29","slug":"sicredi-participa-da-3a-expo-prata-com-a-2a-agro-feira-sicredi","status":"publish","type":"post","link":"https:\/\/radiosolaris.com.br\/beta\/sicredi-participa-da-3a-expo-prata-com-a-2a-agro-feira-sicredi\/","title":{"rendered":"Sicredi participa da 3\u00aa Expo Prata com a 2\u00aa Agro Feira Sicredi"},"content":{"rendered":"\n<h4 id=\"feira-comercial-industrial-cultural-e-gastronomica-acontece-de-11-a-15-de-novembro-em-nova-prata\" class=\"wp-block-heading\">Feira comercial, industrial, cultural e gastron\u00f4mica acontece de 11 a 15 de novembro em Nova Prata<\/h4>\n\n\n\n<p>A Sicredi Ibiraiaras RS\/MG estar\u00e1 presente na 3\u00aa Expo Prata com a realiza\u00e7\u00e3o da 2\u00aa Agro Feira Sicredi, de 11 a 15 de novembro em Nova Prata. A Cooperativa convida a todos para visitar a feira comercial, industrial, cultural e gastron\u00f4mica e conhecer os estandes do Sicredi, tanto no pavilh\u00e3o interno quando na parte externa, e aproveitar as oportunidades que voc\u00ea ou seu neg\u00f3cio merecem. Com o tema Conviv\u00eancia, a Capital Nacional do Basalto espera a todos para sentir a experi\u00eancia da mescla de sabores e culturas presentes na nossa regi\u00e3o.<\/p>\n\n\n\n<p>O Sicredi preparou uma s\u00e9rie de palestras gratuitas voltadas para o p\u00fablico em geral. Na sexta-feira (12\/11), \u00e0s 09h30 no Sal\u00e3o da AFUVI acontece palestra voltada para adolescentes, com o tema: Coopera\u00e7\u00e3o na Ponta do L\u00e1pis \u2013 Vamos juntos construir um mundo mais pr\u00f3spero. A palestra ser\u00e1 ministrada por Fernanda Chidem da Costa, s\u00f3cia-Educadora na Cooperativa Coletiva, Mestre em Educa\u00e7\u00e3o, com P\u00f3s-Gradua\u00e7\u00e3o em Gest\u00e3o de Recursos Humanos, Gest\u00e3o Empresarial, Mercado de Capitais e Especialista em Din\u00e2mica dos Grupos. Educadora Financeira, com especializa\u00e7\u00e3o em Economia Comportamental e em Psicologia Econ\u00f4mica e Arquitetura de Escolhas. O evento contar\u00e1 com a participa\u00e7\u00e3o dos alunos das escolas de Nova Prata.<\/p>\n\n\n\n<p>No s\u00e1bado (13\/11), a partir das 10h30min no Sal\u00e3o da AFUVI acontece palestra com o tema: Cen\u00e1rios Econ\u00f4micos e Perspectivas. O palestrante ser\u00e1 Pedro Ramos, economista-Chefe do Sicredi e doutor em economia pela Universidade Federal do Rio Grande do Sul, onde se especializou em modelagem macroecon\u00f4mica. Tem experi\u00eancia de mais de 10 anos na constru\u00e7\u00e3o de cen\u00e1rios e proje\u00e7\u00f5es econ\u00f4micas. Desde 2011, vem contribuindo para que a Ger\u00eancia de An\u00e1lise Econ\u00f4mica do Banco Cooperativo Sicredi seja premiada como uma das \u00e1reas econ\u00f4micas do pa\u00eds com maior precis\u00e3o em suas proje\u00e7\u00f5es, segundo a Bloomberg, o Banco Central do Brasil e o Grupo Estado de S\u00e3o Paulo.<\/p>\n\n\n\n<p>Ainda, na sexta-feira (12\/11) acontecem palestras gratuitas com entidades ligadas ao Agro de Nova Prata no estande externo do Sicredi na 2\u00aa Agro Feira Sicredi. \u00c0s 14h \u2013 STR \u2013 Manejo e Controle da Cigarrinha \u2013 Eng. Agr\u00f4nomo &#8211; Luiz Augusto Cappellaro; \u00c0s 15h \u2013 Inspetoria de Defesa Agropecu\u00e1ria \u2013 Projeto de Educa\u00e7\u00e3o Sanit\u00e1ria: Brucelose x Tuberculose \u2013 M\u00e9dica Veterin\u00e1ria e Fiscal Estadual Agropecu\u00e1ria &#8211; Marines Lazzari; \u00c0s 16h UCS \u2013 Estrutura Log\u00edstica para o Agroneg\u00f3cio Competitivo \u2013 Eng. Florestal e Coord. Curso Agronomia &#8211; Joel Telles e \u00e0s 17h \u2013 Emater \u2013 Preven\u00e7\u00e3o e Tratamento do LINA \u2013 Eng. Agr\u00f4nomo &#8211; Jo\u00e3o Carlos Reginatto. No s\u00e1bado, domingo e segunda-feira, dias 13, 14 e 15 a estrutura do estande do Sicredi<\/p>\n\n\n\n<p>Francieli de Assis<\/p>\n\n\n\n<p>Assessora de Comunica\u00e7\u00e3o e Marketing<\/p>\n\n\n\n<p>\u00c1rea de Comunica\u00e7\u00e3o<\/p>\n","protected":false},"excerpt":{"rendered":"<p>Feira comercial, industrial, cultural e gastron\u00f4mica acontece de 11 a 15 de novembro em Nova Prata A Sicredi Ibiraiaras RS\/MG estar\u00e1 presente na 3\u00aa Expo Prata com a realiza\u00e7\u00e3o da&hellip;<\/p>\n","protected":false},"author":1,"featured_media":64869,"comment_status":"closed","ping_status":"closed","sticky":false,"template":"","format":"standard","meta":{"_lmt_disableupdate":"","_lmt_disable":"","footnotes":""},"categories":[83],"tags":[2279,867,283,593],"powerkit_post_featured":[],"class_list":{"0":"post-64868","1":"post","2":"type-post","3":"status-publish","4":"format-standard","5":"has-post-thumbnail","7":"category-serra-gaucha","8":"tag-expo-prata","9":"tag-nova-prata","10":"tag-serra-gaucha","11":"tag-sicredi"},"modified_by":null,"_links":{"self":[{"href":"https:\/\/radiosolaris.com.br\/beta\/wp-json\/wp\/v2\/posts\/64868","targetHints":{"allow":["GET"]}}],"collection":[{"href":"https:\/\/radiosolaris.com.br\/beta\/wp-json\/wp\/v2\/posts"}],"about":[{"href":"https:\/\/radiosolaris.com.br\/beta\/wp-json\/wp\/v2\/types\/post"}],"author":[{"embeddable":true,"href":"https:\/\/radiosolaris.com.br\/beta\/wp-json\/wp\/v2\/users\/1"}],"replies":[{"embeddable":true,"href":"https:\/\/radiosolaris.com.br\/beta\/wp-json\/wp\/v2\/comments?post=64868"}],"version-history":[{"count":0,"href":"https:\/\/radiosolaris.com.br\/beta\/wp-json\/wp\/v2\/posts\/64868\/revisions"}],"wp:featuredmedia":[{"embeddable":true,"href":"https:\/\/radiosolaris.com.br\/beta\/wp-json\/wp\/v2\/media\/64869"}],"wp:attachment":[{"href":"https:\/\/radiosolaris.com.br\/beta\/wp-json\/wp\/v2\/media?parent=64868"}],"wp:term":[{"taxonomy":"category","embeddable":true,"href":"https:\/\/radiosolaris.com.br\/beta\/wp-json\/wp\/v2\/categories?post=64868"},{"taxonomy":"post_tag","embeddable":true,"href":"https:\/\/radiosolaris.com.br\/beta\/wp-json\/wp\/v2\/tags?post=64868"},{"taxonomy":"powerkit_post_featured","embeddable":true,"href":"https:\/\/radiosolaris.com.br\/beta\/wp-json\/wp\/v2\/powerkit_post_featured?post=64868"}],"curies":[{"name":"wp","href":"https:\/\/api.w.org\/{rel}","templated":true}]}}