{"id":64854,"date":"2021-11-10T10:47:12","date_gmt":"2021-11-10T13:47:12","guid":{"rendered":"https:\/\/radiosolaris.com.br\/beta\/?p=64854"},"modified":"2021-11-10T10:47:16","modified_gmt":"2021-11-10T13:47:16","slug":"rota-do-sol-passa-por-melhorias-entre-lajeado-grande-e-tainhas","status":"publish","type":"post","link":"https:\/\/radiosolaris.com.br\/beta\/rota-do-sol-passa-por-melhorias-entre-lajeado-grande-e-tainhas\/","title":{"rendered":"Rota do Sol passa por melhorias entre Lajeado Grande e Tainhas"},"content":{"rendered":"\n<h4 id=\"cerca-de-r-48-milhoes-serao-investidos-na-ligacao-entre-a-serra-e-o-litoral\" class=\"wp-block-heading\">Cerca de R$ 4,8 milh\u00f5es ser\u00e3o investidos na liga\u00e7\u00e3o entre a Serra e o litoral<\/h4>\n\n\n\n<p>O Governo do Rio Grande do Sul iniciou neste m\u00eas a recupera\u00e7\u00e3o da RSC-453, entre Lajeado Grande e Tainhas, em S\u00e3o Francisco de Paula. Os servi\u00e7os na Rota do Sol, previstos no Planos de Obras 2021-2022, est\u00e3o concentrados em trechos cr\u00edticos do segmento de 40 quil\u00f4metros.<\/p>\n\n\n\n<p>O secret\u00e1rio de Log\u00edstica e Transportes, Juvir Costella, afirmou que \u00e9 preciso renovar as condi\u00e7\u00f5es de trafegabilidade da rota antes da temporada de ver\u00e3o, que \u00e9 o momento que o fluxo no tr\u00e2nsito se intensifica. Ainda segundo Costella, ao todo, ser\u00e3o R$ 4,8 milh\u00f5es destinados as melhorias da rodovia.<\/p>\n\n\n\n<p>O diretor-geral do Departamento Aut\u00f4nomo de Estradas de Rodagem (Daer), Luciano Faustino, explica que as atividades come\u00e7aram pelo trevo do distrito de Tainhas e devem prosseguir rumo a Lajeado Grande.<\/p>\n\n\n\n<p>Segundo Luciano, o novo revestimento asf\u00e1ltico ir\u00e1 eliminar as principais imperfei\u00e7\u00f5es da pista. Depois disso tamb\u00e9m ser\u00e1 realizado o trabalho de pintura para dar maior visibilidade aos condutores que se dirigem ao litoral.<\/p>\n","protected":false},"excerpt":{"rendered":"<p>Cerca de R$ 4,8 milh\u00f5es ser\u00e3o investidos na liga\u00e7\u00e3o entre a Serra e o litoral O Governo do Rio Grande do Sul iniciou neste m\u00eas a recupera\u00e7\u00e3o da RSC-453, entre&hellip;<\/p>\n","protected":false},"author":16,"featured_media":64855,"comment_status":"closed","ping_status":"closed","sticky":false,"template":"","format":"standard","meta":{"_lmt_disableupdate":"","_lmt_disable":"","footnotes":""},"categories":[83],"tags":[8847,2254,691,8846,1227,2626,8848],"powerkit_post_featured":[],"class_list":{"0":"post-64854","1":"post","2":"type-post","3":"status-publish","4":"format-standard","5":"has-post-thumbnail","7":"category-serra-gaucha","8":"tag-lajeado-grande","9":"tag-litoral","10":"tag-obras","11":"tag-obras-na-rota-do-sol","12":"tag-rota-do-sol","13":"tag-rsc-453","14":"tag-tainhas"},"modified_by":"Bruna Picinini","_links":{"self":[{"href":"https:\/\/radiosolaris.com.br\/beta\/wp-json\/wp\/v2\/posts\/64854","targetHints":{"allow":["GET"]}}],"collection":[{"href":"https:\/\/radiosolaris.com.br\/beta\/wp-json\/wp\/v2\/posts"}],"about":[{"href":"https:\/\/radiosolaris.com.br\/beta\/wp-json\/wp\/v2\/types\/post"}],"author":[{"embeddable":true,"href":"https:\/\/radiosolaris.com.br\/beta\/wp-json\/wp\/v2\/users\/16"}],"replies":[{"embeddable":true,"href":"https:\/\/radiosolaris.com.br\/beta\/wp-json\/wp\/v2\/comments?post=64854"}],"version-history":[{"count":0,"href":"https:\/\/radiosolaris.com.br\/beta\/wp-json\/wp\/v2\/posts\/64854\/revisions"}],"wp:featuredmedia":[{"embeddable":true,"href":"https:\/\/radiosolaris.com.br\/beta\/wp-json\/wp\/v2\/media\/64855"}],"wp:attachment":[{"href":"https:\/\/radiosolaris.com.br\/beta\/wp-json\/wp\/v2\/media?parent=64854"}],"wp:term":[{"taxonomy":"category","embeddable":true,"href":"https:\/\/radiosolaris.com.br\/beta\/wp-json\/wp\/v2\/categories?post=64854"},{"taxonomy":"post_tag","embeddable":true,"href":"https:\/\/radiosolaris.com.br\/beta\/wp-json\/wp\/v2\/tags?post=64854"},{"taxonomy":"powerkit_post_featured","embeddable":true,"href":"https:\/\/radiosolaris.com.br\/beta\/wp-json\/wp\/v2\/powerkit_post_featured?post=64854"}],"curies":[{"name":"wp","href":"https:\/\/api.w.org\/{rel}","templated":true}]}}