{"id":63893,"date":"2021-10-25T17:08:35","date_gmt":"2021-10-25T20:08:35","guid":{"rendered":"https:\/\/radiosolaris.com.br\/beta\/?p=63893"},"modified":"2021-10-26T09:51:49","modified_gmt":"2021-10-26T12:51:49","slug":"e-aprovado-projeto-para-a-construcao-do-complexo-nova-alianca-em-flores-da-cunha","status":"publish","type":"post","link":"https:\/\/radiosolaris.com.br\/beta\/e-aprovado-projeto-para-a-construcao-do-complexo-nova-alianca-em-flores-da-cunha\/","title":{"rendered":"\u00c9 aprovado projeto para a constru\u00e7\u00e3o do Complexo Nova Alian\u00e7a em Flores da Cunha"},"content":{"rendered":"\n<h4 id=\"o-empreendimento-tera-futuras-instalacoes-na-avenida-25-de-julho\" class=\"wp-block-heading\">O empreendimento ter\u00e1 futuras instala\u00e7\u00f5es na Avenida 25 de Julho<\/h4>\n\n\n\n<p>Depois de passar por reformula\u00e7\u00f5es para adequa\u00e7\u00e3o ao Plano Diretor e ap\u00f3s encontros realizados com a administra\u00e7\u00e3o de Flores da Cunha, o projeto para a constru\u00e7\u00e3o do Complexo Nova Alian\u00e7a foi aprovado pela Secretaria de Planejamento, Meio Ambiente e Tr\u00e2nsito. A oficializa\u00e7\u00e3o do ato ocorreu na tarde desta segunda-feira (25), no gabinete do prefeito C\u00e9sar Ulian.<\/p>\n\n\n\n<p>Estiveram presentes tamb\u00e9m o vice-prefeito, Marcio Rech, o presidente da Cooperativa Vin\u00edcola Nova Alian\u00e7a, Alceu Dalle Molle, o s\u00f3cio-diretor da Axten Hotel, Hor\u00e1cio Forni, os s\u00f3cios-diretores da ANP Neg\u00f3cios Imobili\u00e1rios, Arlei Betiolo e Theodoro e Marcelo Piazza, e da arquiteta Andrea Jaconi.<\/p>\n\n\n\n<p>O empreendimento, que contempla a constru\u00e7\u00e3o de um hotel e de um centro comercial com museu, restaurante, jardim e pra\u00e7a, ser\u00e1 edificado na Avenida 25 de Julho, na sa\u00edda para o acesso norte. Conforme os respons\u00e1veis pelo Complexo, a primeira etapa da obra deve iniciar em breve.<\/p>\n\n\n\n<figure class=\"wp-block-gallery columns-1 is-cropped wp-block-gallery-1 is-layout-flex wp-block-gallery-is-layout-flex\"><ul class=\"blocks-gallery-grid\"><li class=\"blocks-gallery-item\"><figure><a href=\"https:\/\/radiosolaris.com.br\/beta\/wp-content\/uploads\/2021\/10\/E-aprovado-projeto-para-a-construcao-do-Complexo-Nova-Alianca-em-Flores-da-Cunha.jpeg\"><img  decoding=\"async\"  src=\"data:image\/png;base64,iVBORw0KGgoAAAANSUhEUgAAAAEAAAABAQMAAAAl21bKAAAAA1BMVEUAAP+KeNJXAAAAAXRSTlMAQObYZgAAAAlwSFlzAAAOxAAADsQBlSsOGwAAAApJREFUCNdjYAAAAAIAAeIhvDMAAAAASUVORK5CYII=\"  alt=\"\"  data-id=\"63895\"  data-full-url=\"https:\/\/radiosolaris.com.br\/beta\/wp-content\/uploads\/2021\/10\/E-aprovado-projeto-para-a-construcao-do-Complexo-Nova-Alianca-em-Flores-da-Cunha.jpeg\"  data-link=\"https:\/\/radiosolaris.com.br\/beta\/?attachment_id=63895\"  class=\"wp-image-63895 pk-lazyload\"  data-pk-sizes=\"auto\"  data-pk-src=\"https:\/\/radiosolaris.com.br\/beta\/wp-content\/uploads\/2021\/10\/E-aprovado-projeto-para-a-construcao-do-Complexo-Nova-Alianca-em-Flores-da-Cunha.jpeg\" ><\/a><\/figure><\/li><li class=\"blocks-gallery-item\"><figure><a href=\"https:\/\/radiosolaris.com.br\/beta\/wp-content\/uploads\/2021\/10\/E-aprovado-projeto-para-a-construcao-do-Complexo-Nova-Alianca-em-Flores-da-Cunha-2.jpeg\"><img  loading=\"lazy\"  decoding=\"async\"  width=\"800\"  height=\"582\"  src=\"data:image\/png;base64,iVBORw0KGgoAAAANSUhEUgAAAAEAAAABAQMAAAAl21bKAAAAA1BMVEUAAP+KeNJXAAAAAXRSTlMAQObYZgAAAAlwSFlzAAAOxAAADsQBlSsOGwAAAApJREFUCNdjYAAAAAIAAeIhvDMAAAAASUVORK5CYII=\"  alt=\"\"  data-id=\"63894\"  data-full-url=\"https:\/\/radiosolaris.com.br\/beta\/wp-content\/uploads\/2021\/10\/E-aprovado-projeto-para-a-construcao-do-Complexo-Nova-Alianca-em-Flores-da-Cunha-2.jpeg\"  data-link=\"https:\/\/radiosolaris.com.br\/beta\/?attachment_id=63894\"  class=\"wp-image-63894 pk-lazyload\"  data-pk-sizes=\"auto\"  data-ls-sizes=\"auto, (max-width: 800px) 100vw, 800px\"  data-pk-src=\"https:\/\/radiosolaris.com.br\/beta\/wp-content\/uploads\/2021\/10\/E-aprovado-projeto-para-a-construcao-do-Complexo-Nova-Alianca-em-Flores-da-Cunha-2.jpeg\"  data-pk-srcset=\"https:\/\/radiosolaris.com.br\/beta\/wp-content\/uploads\/2021\/10\/E-aprovado-projeto-para-a-construcao-do-Complexo-Nova-Alianca-em-Flores-da-Cunha-2.jpeg 800w, https:\/\/radiosolaris.com.br\/beta\/wp-content\/uploads\/2021\/10\/E-aprovado-projeto-para-a-construcao-do-Complexo-Nova-Alianca-em-Flores-da-Cunha-2-300x218.jpeg 300w, https:\/\/radiosolaris.com.br\/beta\/wp-content\/uploads\/2021\/10\/E-aprovado-projeto-para-a-construcao-do-Complexo-Nova-Alianca-em-Flores-da-Cunha-2-768x559.jpeg 768w\" ><\/a><\/figure><\/li><\/ul><figcaption class=\"blocks-gallery-caption\">Fotos: Assessoria de Imprensa de Flores da Cunha<\/figcaption><\/figure>\n","protected":false},"excerpt":{"rendered":"<p>O empreendimento ter\u00e1 futuras instala\u00e7\u00f5es na Avenida 25 de Julho Depois de passar por reformula\u00e7\u00f5es para adequa\u00e7\u00e3o ao Plano Diretor e ap\u00f3s encontros realizados com a administra\u00e7\u00e3o de Flores da&hellip;<\/p>\n","protected":false},"author":16,"featured_media":63896,"comment_status":"closed","ping_status":"closed","sticky":false,"template":"","format":"standard","meta":{"_lmt_disableupdate":"","_lmt_disable":"","footnotes":""},"categories":[83],"tags":[4354,7220,114,8701,3105,992,283],"powerkit_post_featured":[],"class_list":{"0":"post-63893","1":"post","2":"type-post","3":"status-publish","4":"format-standard","5":"has-post-thumbnail","7":"category-serra-gaucha","8":"tag-avenida-25-de-julho","9":"tag-complexo-nova-alianca","10":"tag-flores-da-cunha","11":"tag-nova-alianca","12":"tag-prefeitura-de-flores-da-cunha","13":"tag-serra","14":"tag-serra-gaucha"},"modified_by":"Bruna Picinini","_links":{"self":[{"href":"https:\/\/radiosolaris.com.br\/beta\/wp-json\/wp\/v2\/posts\/63893","targetHints":{"allow":["GET"]}}],"collection":[{"href":"https:\/\/radiosolaris.com.br\/beta\/wp-json\/wp\/v2\/posts"}],"about":[{"href":"https:\/\/radiosolaris.com.br\/beta\/wp-json\/wp\/v2\/types\/post"}],"author":[{"embeddable":true,"href":"https:\/\/radiosolaris.com.br\/beta\/wp-json\/wp\/v2\/users\/16"}],"replies":[{"embeddable":true,"href":"https:\/\/radiosolaris.com.br\/beta\/wp-json\/wp\/v2\/comments?post=63893"}],"version-history":[{"count":0,"href":"https:\/\/radiosolaris.com.br\/beta\/wp-json\/wp\/v2\/posts\/63893\/revisions"}],"wp:featuredmedia":[{"embeddable":true,"href":"https:\/\/radiosolaris.com.br\/beta\/wp-json\/wp\/v2\/media\/63896"}],"wp:attachment":[{"href":"https:\/\/radiosolaris.com.br\/beta\/wp-json\/wp\/v2\/media?parent=63893"}],"wp:term":[{"taxonomy":"category","embeddable":true,"href":"https:\/\/radiosolaris.com.br\/beta\/wp-json\/wp\/v2\/categories?post=63893"},{"taxonomy":"post_tag","embeddable":true,"href":"https:\/\/radiosolaris.com.br\/beta\/wp-json\/wp\/v2\/tags?post=63893"},{"taxonomy":"powerkit_post_featured","embeddable":true,"href":"https:\/\/radiosolaris.com.br\/beta\/wp-json\/wp\/v2\/powerkit_post_featured?post=63893"}],"curies":[{"name":"wp","href":"https:\/\/api.w.org\/{rel}","templated":true}]}}