{"id":63793,"date":"2021-10-24T12:32:51","date_gmt":"2021-10-24T15:32:51","guid":{"rendered":"https:\/\/radiosolaris.com.br\/beta\/?p=63793"},"modified":"2021-10-24T20:03:04","modified_gmt":"2021-10-24T23:03:04","slug":"caminhada-pela-vida-leva-mensagem-de-prevencao-ao-cancer-de-mama-em-flores-da-cunha","status":"publish","type":"post","link":"https:\/\/radiosolaris.com.br\/beta\/caminhada-pela-vida-leva-mensagem-de-prevencao-ao-cancer-de-mama-em-flores-da-cunha\/","title":{"rendered":"&#8216;Caminhada pela Vida&#8217; leva mensagem de preven\u00e7\u00e3o ao c\u00e2ncer de mama em Flores da Cunha"},"content":{"rendered":"\n<h4 id=\"dezenas-de-baloes-cor-de-rosa-foram-soltos-nos-ares-cada-um-contendo-uma-semente-de-girassol-simbolizando-a-vida\" class=\"wp-block-heading\">Dezenas de bal\u00f5es cor-de-rosa foram soltos nos ares, cada um contendo uma semente de girassol simbolizando a vida<\/h4>\n\n\n\n<p>A &#8216;Caminhada pela Vida&#8217;, promovida todos os anos pela Liga Feminina de Combate ao C\u00e2ncer de Flores da Cunha, foi realizada neste s\u00e1bado (23). Partindo da Igreja Matriz Nossa Senhora de Lourdes, \u00e0s 14h30min, um grupo de mulheres vestindo camiseta rosa &#8211; simbolizando a preven\u00e7\u00e3o ao c\u00e2ncer de mama -, percorreu algumas das ruas centrais da cidade.<\/p>\n\n\n\n<p>\u00c0s 15h30min o grupo se reuniu para uma missa na Igreja Matriz. A diretora da Liga, Arlete Tronco, falou sobre a import\u00e2ncia da campanha Outubro Rosa e sobre a conscientiza\u00e7\u00e3o das pessoas \u00e0 causa. O prefeito municipal, C\u00e9sar Ulian, tamb\u00e9m falou sobre a relev\u00e2ncia da data e o desafio de incentivar as mulheres a fazerem seus testes regulares para a identifica\u00e7\u00e3o precoce do c\u00e2ncer.<\/p>\n\n\n\n<p>Profissionais da sa\u00fade fizeram um ato em homenagem as 70 v\u00edtimas florenses da Covid-19. Representando cada uma delas, 70 bal\u00f5es em formato de cora\u00e7\u00e3o foram soltos no interior Igreja. &#8220;Apesar do mau tempo ter interrompido os planos iniciais de realizar o ato a c\u00e9u aberto, quem presenciou a cena dos bal\u00f5es preenchendo a ab\u00f3boda do templo ficou emocionado&#8221;, \u00e9 o que garante Arlete Tronco.<\/p>\n\n\n\n<p>Na sa\u00edda da Igreja dezenas de outros bal\u00f5es, desta vez cor-de-rosa, novamente foram soltos no c\u00e9u. Realizado por iniciativa das volunt\u00e1rias da Liga, cada um dos bal\u00f5es continha uma semente de girassol. &#8220;Onde eles foram cair vai brotar uma flor, uma flor que simboliza a vida&#8221;, explica Arlete.<\/p>\n\n\n\n<figure class=\"wp-block-video\"><video controls src=\"https:\/\/radiosolaris.com.br\/beta\/wp-content\/uploads\/2021\/10\/boloes-de-coracao.mp4\"><\/video><\/figure>\n\n\n\n<figure class=\"wp-block-image size-full is-style-default\"><img  loading=\"lazy\"  decoding=\"async\"  width=\"960\"  height=\"540\"  src=\"data:image\/png;base64,iVBORw0KGgoAAAANSUhEUgAAAAEAAAABAQMAAAAl21bKAAAAA1BMVEUAAP+KeNJXAAAAAXRSTlMAQObYZgAAAAlwSFlzAAAOxAAADsQBlSsOGwAAAApJREFUCNdjYAAAAAIAAeIhvDMAAAAASUVORK5CYII=\"  alt=\"\"  class=\"wp-image-63796 pk-lazyload\"  data-pk-sizes=\"auto\"  data-ls-sizes=\"auto, (max-width: 960px) 100vw, 960px\"  data-pk-src=\"https:\/\/radiosolaris.com.br\/beta\/wp-content\/uploads\/2021\/10\/247750179_4785005044852251_8369033166948729962_n.jpg\"  data-pk-srcset=\"https:\/\/radiosolaris.com.br\/beta\/wp-content\/uploads\/2021\/10\/247750179_4785005044852251_8369033166948729962_n.jpg 960w, https:\/\/radiosolaris.com.br\/beta\/wp-content\/uploads\/2021\/10\/247750179_4785005044852251_8369033166948729962_n-300x169.jpg 300w, https:\/\/radiosolaris.com.br\/beta\/wp-content\/uploads\/2021\/10\/247750179_4785005044852251_8369033166948729962_n-768x432.jpg 768w, https:\/\/radiosolaris.com.br\/beta\/wp-content\/uploads\/2021\/10\/247750179_4785005044852251_8369033166948729962_n-800x450.jpg 800w\" ><\/figure>\n\n\n\n<figure class=\"wp-block-image size-full is-style-default\"><img  loading=\"lazy\"  decoding=\"async\"  width=\"960\"  height=\"540\"  src=\"data:image\/png;base64,iVBORw0KGgoAAAANSUhEUgAAAAEAAAABAQMAAAAl21bKAAAAA1BMVEUAAP+KeNJXAAAAAXRSTlMAQObYZgAAAAlwSFlzAAAOxAAADsQBlSsOGwAAAApJREFUCNdjYAAAAAIAAeIhvDMAAAAASUVORK5CYII=\"  alt=\"\"  class=\"wp-image-63795 pk-lazyload\"  data-pk-sizes=\"auto\"  data-ls-sizes=\"auto, (max-width: 960px) 100vw, 960px\"  data-pk-src=\"https:\/\/radiosolaris.com.br\/beta\/wp-content\/uploads\/2021\/10\/247418671_4785004888185600_9068289114657808967_n.jpg\"  data-pk-srcset=\"https:\/\/radiosolaris.com.br\/beta\/wp-content\/uploads\/2021\/10\/247418671_4785004888185600_9068289114657808967_n.jpg 960w, https:\/\/radiosolaris.com.br\/beta\/wp-content\/uploads\/2021\/10\/247418671_4785004888185600_9068289114657808967_n-300x169.jpg 300w, https:\/\/radiosolaris.com.br\/beta\/wp-content\/uploads\/2021\/10\/247418671_4785004888185600_9068289114657808967_n-768x432.jpg 768w\" ><\/figure>\n\n\n\n<figure class=\"wp-block-image size-full is-style-default\"><img  loading=\"lazy\"  decoding=\"async\"  width=\"960\"  height=\"540\"  src=\"data:image\/png;base64,iVBORw0KGgoAAAANSUhEUgAAAAEAAAABAQMAAAAl21bKAAAAA1BMVEUAAP+KeNJXAAAAAXRSTlMAQObYZgAAAAlwSFlzAAAOxAAADsQBlSsOGwAAAApJREFUCNdjYAAAAAIAAeIhvDMAAAAASUVORK5CYII=\"  alt=\"\"  class=\"wp-image-63794 pk-lazyload\"  data-pk-sizes=\"auto\"  data-ls-sizes=\"auto, (max-width: 960px) 100vw, 960px\"  data-pk-src=\"https:\/\/radiosolaris.com.br\/beta\/wp-content\/uploads\/2021\/10\/248294847_4785005318185557_702044787369527136_n.jpg\"  data-pk-srcset=\"https:\/\/radiosolaris.com.br\/beta\/wp-content\/uploads\/2021\/10\/248294847_4785005318185557_702044787369527136_n.jpg 960w, https:\/\/radiosolaris.com.br\/beta\/wp-content\/uploads\/2021\/10\/248294847_4785005318185557_702044787369527136_n-300x169.jpg 300w, https:\/\/radiosolaris.com.br\/beta\/wp-content\/uploads\/2021\/10\/248294847_4785005318185557_702044787369527136_n-768x432.jpg 768w\" ><figcaption>Fotos e v\u00eddeo: Divulga\u00e7\u00e3o Liga Flores<\/figcaption><\/figure>\n\n\n\n<p><\/p>\n","protected":false},"excerpt":{"rendered":"<p>Dezenas de bal\u00f5es cor-de-rosa foram soltos nos ares, cada um contendo uma semente de girassol simbolizando a vida A &#8216;Caminhada pela Vida&#8217;, promovida todos os anos pela Liga Feminina de&hellip;<\/p>\n","protected":false},"author":17,"featured_media":63796,"comment_status":"closed","ping_status":"closed","sticky":false,"template":"","format":"standard","meta":{"_lmt_disableupdate":"","_lmt_disable":"","footnotes":""},"categories":[83],"tags":[1206,2752,3137,114,1568,283,8688],"powerkit_post_featured":[],"class_list":{"0":"post-63793","1":"post","2":"type-post","3":"status-publish","4":"format-standard","5":"has-post-thumbnail","7":"category-serra-gaucha","8":"tag-cancer","9":"tag-coronavirus","10":"tag-covid-19","11":"tag-flores-da-cunha","12":"tag-outubro-rosa","13":"tag-serra-gaucha","14":"tag-vitimas"},"modified_by":"Igor Panzenhagen","_links":{"self":[{"href":"https:\/\/radiosolaris.com.br\/beta\/wp-json\/wp\/v2\/posts\/63793","targetHints":{"allow":["GET"]}}],"collection":[{"href":"https:\/\/radiosolaris.com.br\/beta\/wp-json\/wp\/v2\/posts"}],"about":[{"href":"https:\/\/radiosolaris.com.br\/beta\/wp-json\/wp\/v2\/types\/post"}],"author":[{"embeddable":true,"href":"https:\/\/radiosolaris.com.br\/beta\/wp-json\/wp\/v2\/users\/17"}],"replies":[{"embeddable":true,"href":"https:\/\/radiosolaris.com.br\/beta\/wp-json\/wp\/v2\/comments?post=63793"}],"version-history":[{"count":0,"href":"https:\/\/radiosolaris.com.br\/beta\/wp-json\/wp\/v2\/posts\/63793\/revisions"}],"wp:featuredmedia":[{"embeddable":true,"href":"https:\/\/radiosolaris.com.br\/beta\/wp-json\/wp\/v2\/media\/63796"}],"wp:attachment":[{"href":"https:\/\/radiosolaris.com.br\/beta\/wp-json\/wp\/v2\/media?parent=63793"}],"wp:term":[{"taxonomy":"category","embeddable":true,"href":"https:\/\/radiosolaris.com.br\/beta\/wp-json\/wp\/v2\/categories?post=63793"},{"taxonomy":"post_tag","embeddable":true,"href":"https:\/\/radiosolaris.com.br\/beta\/wp-json\/wp\/v2\/tags?post=63793"},{"taxonomy":"powerkit_post_featured","embeddable":true,"href":"https:\/\/radiosolaris.com.br\/beta\/wp-json\/wp\/v2\/powerkit_post_featured?post=63793"}],"curies":[{"name":"wp","href":"https:\/\/api.w.org\/{rel}","templated":true}]}}