{"id":63294,"date":"2021-10-15T15:54:49","date_gmt":"2021-10-15T18:54:49","guid":{"rendered":"https:\/\/radiosolaris.com.br\/beta\/?p=63294"},"modified":"2021-10-15T16:35:34","modified_gmt":"2021-10-15T19:35:34","slug":"adelino-colombo-fundador-da-lojas-colombo-morre-aos-90-anos","status":"publish","type":"post","link":"https:\/\/radiosolaris.com.br\/beta\/adelino-colombo-fundador-da-lojas-colombo-morre-aos-90-anos\/","title":{"rendered":"Adelino Colombo, fundador da Lojas Colombo morre aos 90 anos"},"content":{"rendered":"\n<h4 id=\"o-empresario-deixa-como-legado-a-maior-rede-de-eletromoveis-da-regiao-sul-totalizando-305-lojas-e-mais-de-4-mil-funcionarios\" class=\"wp-block-heading\">O empres\u00e1rio deixa como legado a maior rede de eletrom\u00f3veis da regi\u00e3o Sul, totalizando 305 lojas e mais de 4 mil funcion\u00e1rios<\/h4>\n\n\n\n<p>Adelino Colombo, fundador das Lojas Colombo, morreu aos 90 anos nesta sexta-feira (15). O empres\u00e1rio estava internado no complexo da Santa Casa, em Porto Alegre, onde veio a \u00f3bito por volta do meio dia, por causas naturais. Colombo deixa a esposa, Ruth Colombo, quatro filhos, dez netos e dois bisnetos.<\/p>\n\n\n\n<p>A Lojas Colombo foi fundada h\u00e1 61 anos pelo empres\u00e1rio, na cidade de Farroupilha. Atualmente, ela \u00e9 considerada a maior rede de eletrom\u00f3veis da regi\u00e3o Sul do pa\u00eds, totalizando 305 lojas e mais de 4 mil funcion\u00e1rios.<\/p>\n\n\n\n<p>Em nota, o Grupo Colombo diz: &#8220;Adelino Colombo sempre atribuiu ao relacionamento pr\u00f3ximo com colaboradores o principal marco de sua trajet\u00f3ria de sucesso e empreendedorismo. Quando questionado sobre seu legado, certa vez, declarou: \u201cCresceu na vida atrav\u00e9s do pr\u00f3prio esfor\u00e7o, cumpriu todos os seus compromissos e respeitou as pessoas\u201d.<br><br>O Grupo Colombo \u00e9 composto pelas lojas de eletrom\u00f3veis e pelas empresas Crediare; ColomboCred, especializada em empr\u00e9stimos; Colombo Motors; Colombo Cons\u00f3rcios; Colombo Casa Pet; Feir\u00e3o de M\u00f3veis; e a Colombo Tech, desenvolvedora de solu\u00e7\u00f5es de software para varejo em n\u00edvel nacional.<\/p>\n\n\n\n<p>O Sindilojas Caxias tamb\u00e9m se manifestou: &#8220;\u00c0 frente da quinta maior rede de eletrodom\u00e9sticos do pa\u00eds, o empres\u00e1rio ga\u00facho filho de agricultores farroupilhenses iniciou a trajet\u00f3ria dele vendendo televisores de porta em porta em Caxias do Sul. Ele se despede aos 90 anos de vida e deixa uma marca de vanguarda no com\u00e9rcio varejista como refer\u00eancia no mercado&#8221;.<\/p>\n\n\n\n<p><\/p>\n","protected":false},"excerpt":{"rendered":"<p>O empres\u00e1rio deixa como legado a maior rede de eletrom\u00f3veis da regi\u00e3o Sul, totalizando 305 lojas e mais de 4 mil funcion\u00e1rios Adelino Colombo, fundador das Lojas Colombo, morreu aos&hellip;<\/p>\n","protected":false},"author":17,"featured_media":63295,"comment_status":"closed","ping_status":"closed","sticky":false,"template":"","format":"standard","meta":{"_lmt_disableupdate":"","_lmt_disable":"","footnotes":""},"categories":[83],"tags":[8565,148,8564,8568,7729,8567,3443,8566,8569],"powerkit_post_featured":[],"class_list":{"0":"post-63294","1":"post","2":"type-post","3":"status-publish","4":"format-standard","5":"has-post-thumbnail","7":"category-serra-gaucha","8":"tag-adelino-colombo","9":"tag-caxias-do-sul","10":"tag-colombro","11":"tag-eletrodomesticos","12":"tag-empresario","13":"tag-grupo-colombo","14":"tag-lojas","15":"tag-lojas-colombro","16":"tag-santa-casa"},"modified_by":"Igor Panzenhagen","_links":{"self":[{"href":"https:\/\/radiosolaris.com.br\/beta\/wp-json\/wp\/v2\/posts\/63294","targetHints":{"allow":["GET"]}}],"collection":[{"href":"https:\/\/radiosolaris.com.br\/beta\/wp-json\/wp\/v2\/posts"}],"about":[{"href":"https:\/\/radiosolaris.com.br\/beta\/wp-json\/wp\/v2\/types\/post"}],"author":[{"embeddable":true,"href":"https:\/\/radiosolaris.com.br\/beta\/wp-json\/wp\/v2\/users\/17"}],"replies":[{"embeddable":true,"href":"https:\/\/radiosolaris.com.br\/beta\/wp-json\/wp\/v2\/comments?post=63294"}],"version-history":[{"count":0,"href":"https:\/\/radiosolaris.com.br\/beta\/wp-json\/wp\/v2\/posts\/63294\/revisions"}],"wp:featuredmedia":[{"embeddable":true,"href":"https:\/\/radiosolaris.com.br\/beta\/wp-json\/wp\/v2\/media\/63295"}],"wp:attachment":[{"href":"https:\/\/radiosolaris.com.br\/beta\/wp-json\/wp\/v2\/media?parent=63294"}],"wp:term":[{"taxonomy":"category","embeddable":true,"href":"https:\/\/radiosolaris.com.br\/beta\/wp-json\/wp\/v2\/categories?post=63294"},{"taxonomy":"post_tag","embeddable":true,"href":"https:\/\/radiosolaris.com.br\/beta\/wp-json\/wp\/v2\/tags?post=63294"},{"taxonomy":"powerkit_post_featured","embeddable":true,"href":"https:\/\/radiosolaris.com.br\/beta\/wp-json\/wp\/v2\/powerkit_post_featured?post=63294"}],"curies":[{"name":"wp","href":"https:\/\/api.w.org\/{rel}","templated":true}]}}