{"id":62885,"date":"2021-10-08T11:07:01","date_gmt":"2021-10-08T14:07:01","guid":{"rendered":"https:\/\/radiosolaris.com.br\/beta\/?p=62885"},"modified":"2021-10-08T13:19:13","modified_gmt":"2021-10-08T16:19:13","slug":"caminhao-sai-da-pista-na-ers-122-em-caxias-do-sul","status":"publish","type":"post","link":"https:\/\/radiosolaris.com.br\/beta\/caminhao-sai-da-pista-na-ers-122-em-caxias-do-sul\/","title":{"rendered":"Caminh\u00e3o sai da pista na ERS-122, em Caxias do Sul"},"content":{"rendered":"\n<h4 id=\"acidente-foi-registrado-na-manha-desta-sexta-feira-8-proximo-da-eaton\" class=\"wp-block-heading\">Acidente foi registrado na manh\u00e3 desta sexta-feira (8), pr\u00f3ximo da Eaton<\/h4>\n\n\n\n<p>Um caminh\u00e3o Mercedes-Benz Atego que transportava fibra, saiu da pista no km 87 da ERS-122, em Caxias do Sul, na manh\u00e3 desta sexta-feira (8). O acidente ocorreu por volta das 10h, pr\u00f3ximo da empresa Eaton.<\/p>\n\n\n\n<p>De acordo com o motorista, que seguia no sentido Flores da Cunha-Caxias, a carga pendeu para o lado direito, fazendo com que ele perdesse o controle do ve\u00edculo, que acabou saindo da pista e caiu dentro de uma valeta. O condutor n\u00e3o ficou ferido.<\/p>\n\n\n\n<p>O tr\u00e2nsito n\u00e3o est\u00e1 prejudicado no local, j\u00e1 que o caminh\u00e3o est\u00e1 no acostamento. Durante a tarde, poder\u00e1 haver interrup\u00e7\u00e3o parcial para a retirada do ve\u00edculo. &nbsp;<\/p>\n\n\n\n<figure class=\"wp-block-gallery columns-1 is-cropped wp-block-gallery-1 is-layout-flex wp-block-gallery-is-layout-flex\"><ul class=\"blocks-gallery-grid\"><li class=\"blocks-gallery-item\"><figure><a href=\"https:\/\/radiosolaris.com.br\/beta\/wp-content\/uploads\/2021\/10\/Caminhao-sai-da-pista-na-ERS-122-em-Caxias-do-Sul-2.jpeg\"><img  decoding=\"async\"  src=\"data:image\/png;base64,iVBORw0KGgoAAAANSUhEUgAAAAEAAAABAQMAAAAl21bKAAAAA1BMVEUAAP+KeNJXAAAAAXRSTlMAQObYZgAAAAlwSFlzAAAOxAAADsQBlSsOGwAAAApJREFUCNdjYAAAAAIAAeIhvDMAAAAASUVORK5CYII=\"  alt=\"\"  data-id=\"62887\"  data-full-url=\"https:\/\/radiosolaris.com.br\/beta\/wp-content\/uploads\/2021\/10\/Caminhao-sai-da-pista-na-ERS-122-em-Caxias-do-Sul-2.jpeg\"  data-link=\"https:\/\/radiosolaris.com.br\/beta\/?attachment_id=62887\"  class=\"wp-image-62887 pk-lazyload\"  data-pk-sizes=\"auto\"  data-pk-src=\"https:\/\/radiosolaris.com.br\/beta\/wp-content\/uploads\/2021\/10\/Caminhao-sai-da-pista-na-ERS-122-em-Caxias-do-Sul-2-1024x576.jpeg\" ><\/a><\/figure><\/li><li class=\"blocks-gallery-item\"><figure><a href=\"https:\/\/radiosolaris.com.br\/beta\/wp-content\/uploads\/2021\/10\/Caminhao-sai-da-pista-na-ERS-122-em-Caxias-do-Sul-1.jpeg\"><img  decoding=\"async\"  src=\"data:image\/png;base64,iVBORw0KGgoAAAANSUhEUgAAAAEAAAABAQMAAAAl21bKAAAAA1BMVEUAAP+KeNJXAAAAAXRSTlMAQObYZgAAAAlwSFlzAAAOxAAADsQBlSsOGwAAAApJREFUCNdjYAAAAAIAAeIhvDMAAAAASUVORK5CYII=\"  alt=\"\"  data-id=\"62886\"  data-full-url=\"https:\/\/radiosolaris.com.br\/beta\/wp-content\/uploads\/2021\/10\/Caminhao-sai-da-pista-na-ERS-122-em-Caxias-do-Sul-1.jpeg\"  data-link=\"https:\/\/radiosolaris.com.br\/beta\/?attachment_id=62886\"  class=\"wp-image-62886 pk-lazyload\"  data-pk-sizes=\"auto\"  data-pk-src=\"https:\/\/radiosolaris.com.br\/beta\/wp-content\/uploads\/2021\/10\/Caminhao-sai-da-pista-na-ERS-122-em-Caxias-do-Sul-1-1024x576.jpeg\" ><\/a><\/figure><\/li><\/ul><figcaption class=\"blocks-gallery-caption\">Fotos: Bruna Picinini\/ Grupo Solaris<\/figcaption><\/figure>\n","protected":false},"excerpt":{"rendered":"<p>Acidente foi registrado na manh\u00e3 desta sexta-feira (8), pr\u00f3ximo da Eaton Um caminh\u00e3o Mercedes-Benz Atego que transportava fibra, saiu da pista no km 87 da ERS-122, em Caxias do Sul,&hellip;<\/p>\n","protected":false},"author":13,"featured_media":62886,"comment_status":"closed","ping_status":"closed","sticky":false,"template":"","format":"standard","meta":{"_lmt_disableupdate":"","_lmt_disable":"","footnotes":""},"categories":[83],"tags":[148,522,114,6633,3040,5365,283,351],"powerkit_post_featured":[],"class_list":{"0":"post-62885","1":"post","2":"type-post","3":"status-publish","4":"format-standard","5":"has-post-thumbnail","7":"category-serra-gaucha","8":"tag-caxias-do-sul","9":"tag-ers-122-2","10":"tag-flores-da-cunha","11":"tag-km-87","12":"tag-ocorrencia","13":"tag-saida-de-pista","14":"tag-serra-gaucha","15":"tag-transito"},"modified_by":"Filipe Brogliatto","_links":{"self":[{"href":"https:\/\/radiosolaris.com.br\/beta\/wp-json\/wp\/v2\/posts\/62885","targetHints":{"allow":["GET"]}}],"collection":[{"href":"https:\/\/radiosolaris.com.br\/beta\/wp-json\/wp\/v2\/posts"}],"about":[{"href":"https:\/\/radiosolaris.com.br\/beta\/wp-json\/wp\/v2\/types\/post"}],"author":[{"embeddable":true,"href":"https:\/\/radiosolaris.com.br\/beta\/wp-json\/wp\/v2\/users\/13"}],"replies":[{"embeddable":true,"href":"https:\/\/radiosolaris.com.br\/beta\/wp-json\/wp\/v2\/comments?post=62885"}],"version-history":[{"count":0,"href":"https:\/\/radiosolaris.com.br\/beta\/wp-json\/wp\/v2\/posts\/62885\/revisions"}],"wp:featuredmedia":[{"embeddable":true,"href":"https:\/\/radiosolaris.com.br\/beta\/wp-json\/wp\/v2\/media\/62886"}],"wp:attachment":[{"href":"https:\/\/radiosolaris.com.br\/beta\/wp-json\/wp\/v2\/media?parent=62885"}],"wp:term":[{"taxonomy":"category","embeddable":true,"href":"https:\/\/radiosolaris.com.br\/beta\/wp-json\/wp\/v2\/categories?post=62885"},{"taxonomy":"post_tag","embeddable":true,"href":"https:\/\/radiosolaris.com.br\/beta\/wp-json\/wp\/v2\/tags?post=62885"},{"taxonomy":"powerkit_post_featured","embeddable":true,"href":"https:\/\/radiosolaris.com.br\/beta\/wp-json\/wp\/v2\/powerkit_post_featured?post=62885"}],"curies":[{"name":"wp","href":"https:\/\/api.w.org\/{rel}","templated":true}]}}