{"id":62441,"date":"2021-10-01T07:48:28","date_gmt":"2021-10-01T10:48:28","guid":{"rendered":"https:\/\/radiosolaris.com.br\/beta\/?p=62441"},"modified":"2021-10-01T08:22:32","modified_gmt":"2021-10-01T11:22:32","slug":"homem-morre-em-confronto-com-a-policia-civil-durante-operacao-de-combate-ao-trafico-em-vacaria","status":"publish","type":"post","link":"https:\/\/radiosolaris.com.br\/beta\/homem-morre-em-confronto-com-a-policia-civil-durante-operacao-de-combate-ao-trafico-em-vacaria\/","title":{"rendered":"Homem morre em confronto com a Pol\u00edcia Civil em Vacaria"},"content":{"rendered":"\n<h4 id=\"o-homem-veio-a-obito-durante-operacao-de-combate-ao-trafico\" class=\"wp-block-heading\">O homem veio a \u00f3bito durante opera\u00e7\u00e3o de combate ao tr\u00e1fico<\/h4>\n\n\n\n<p>No final da tarde de quinta-feira (30) a Pol\u00edcia Civil de Vacaria, coordenada pelo delegado Anderson Silveira de Lima, realizou opera\u00e7\u00e3o de combate ao tr\u00e1fico de drogas em pomares da cidade. A a\u00e7\u00e3o iniciou \u00e0s 18h e contou com a participa\u00e7\u00e3o de 10 policiais.<\/p>\n\n\n\n<p>No local haviam cerca de 15 pessoas, e dois indiv\u00edduos estavam armados com rev\u00f3lveres, os quais&nbsp; faziam a seguran\u00e7a do tr\u00e1fico num abrigo em meio ao pomar. Com a chegada dos policiais um dos homens reagiu e atirou contra os agentes que revidaram. O indiv\u00edduo acabou atingido e morrendo no local. Nenhum policial ficou ferido. O outro homem armado fugiu e n\u00e3o foi capturado.<\/p>\n\n\n\n<p>O alvo principal da opera\u00e7\u00e3o, um homem, de 29 anos, natural de Porto Alegre, foi preso em flagrante por tr\u00e1fico de drogas e tem passagens por furto qualificado, posse de drogas e amea\u00e7a. O indiv\u00edduo, de 20 anos, que morreu no confronto, era natural de Vacaria e tinha passagem policial&nbsp;por amea\u00e7a e desobedi\u00eancia. <\/p>\n\n\n\n<p>Na a\u00e7\u00e3o tamb\u00e9m foram apreendidas coca\u00edna, maconha, dinheiro, um rev\u00f3lver e um celular. Segundo as investiga\u00e7\u00f5es, o tr\u00e1fico se intensificava em dias de pagamento de sal\u00e1rios ou final de contratos. <\/p>\n\n\n\n<p>Ronei Marcilio com informa\u00e7\u00f5es da Pol\u00edcia Civil<\/p>\n","protected":false},"excerpt":{"rendered":"<p>O homem veio a \u00f3bito durante opera\u00e7\u00e3o de combate ao tr\u00e1fico No final da tarde de quinta-feira (30) a Pol\u00edcia Civil de Vacaria, coordenada pelo delegado Anderson Silveira de Lima,&hellip;<\/p>\n","protected":false},"author":1,"featured_media":62446,"comment_status":"closed","ping_status":"closed","sticky":false,"template":"","format":"standard","meta":{"_lmt_disableupdate":"","_lmt_disable":"","footnotes":""},"categories":[83],"tags":[6015,513,629,201,628],"powerkit_post_featured":[],"class_list":{"0":"post-62441","1":"post","2":"type-post","3":"status-publish","4":"format-standard","5":"has-post-thumbnail","7":"category-serra-gaucha","8":"tag-campos-de-cima-da-serra","9":"tag-drogas","10":"tag-policia-civil","11":"tag-trafico","12":"tag-vacaria"},"modified_by":null,"_links":{"self":[{"href":"https:\/\/radiosolaris.com.br\/beta\/wp-json\/wp\/v2\/posts\/62441","targetHints":{"allow":["GET"]}}],"collection":[{"href":"https:\/\/radiosolaris.com.br\/beta\/wp-json\/wp\/v2\/posts"}],"about":[{"href":"https:\/\/radiosolaris.com.br\/beta\/wp-json\/wp\/v2\/types\/post"}],"author":[{"embeddable":true,"href":"https:\/\/radiosolaris.com.br\/beta\/wp-json\/wp\/v2\/users\/1"}],"replies":[{"embeddable":true,"href":"https:\/\/radiosolaris.com.br\/beta\/wp-json\/wp\/v2\/comments?post=62441"}],"version-history":[{"count":0,"href":"https:\/\/radiosolaris.com.br\/beta\/wp-json\/wp\/v2\/posts\/62441\/revisions"}],"wp:featuredmedia":[{"embeddable":true,"href":"https:\/\/radiosolaris.com.br\/beta\/wp-json\/wp\/v2\/media\/62446"}],"wp:attachment":[{"href":"https:\/\/radiosolaris.com.br\/beta\/wp-json\/wp\/v2\/media?parent=62441"}],"wp:term":[{"taxonomy":"category","embeddable":true,"href":"https:\/\/radiosolaris.com.br\/beta\/wp-json\/wp\/v2\/categories?post=62441"},{"taxonomy":"post_tag","embeddable":true,"href":"https:\/\/radiosolaris.com.br\/beta\/wp-json\/wp\/v2\/tags?post=62441"},{"taxonomy":"powerkit_post_featured","embeddable":true,"href":"https:\/\/radiosolaris.com.br\/beta\/wp-json\/wp\/v2\/powerkit_post_featured?post=62441"}],"curies":[{"name":"wp","href":"https:\/\/api.w.org\/{rel}","templated":true}]}}