{"id":62375,"date":"2021-09-29T16:02:13","date_gmt":"2021-09-29T19:02:13","guid":{"rendered":"https:\/\/radiosolaris.com.br\/beta\/?p=62375"},"modified":"2021-09-29T16:40:59","modified_gmt":"2021-09-29T19:40:59","slug":"pl-que-cria-politica-de-combate-ao-abigeato-avanca-na-assembleia","status":"publish","type":"post","link":"https:\/\/radiosolaris.com.br\/beta\/pl-que-cria-politica-de-combate-ao-abigeato-avanca-na-assembleia\/","title":{"rendered":"PL que cria pol\u00edtica de combate ao abigeato avan\u00e7a na Assembleia"},"content":{"rendered":"\n<h4 id=\"a-proposta-visa-transformar-as-acoes-e-programas-de-governo-contra-o-abigeato\" class=\"wp-block-heading\">A proposta visa transformar as a\u00e7\u00f5es e programas de governo contra o abigeato<\/h4>\n\n\n\n<p>Na \u00faltima ter\u00e7a-feira (28), a Comiss\u00e3o de Constitui\u00e7\u00e3o e Justi\u00e7a (CCJ) da Assembleia Legislativa\u00a0aprovou por unanimidade o projeto de lei\u00a0que institui a pol\u00edtica de combate ao abigeato e aos crimes em \u00e1reas rurais do Rio Grande do Sul.\u00a0O PL 270\/2020 \u00e9 de autoria\u00a0do deputado Tenente-Coronel Zucco (PSL) e \u00e9 subscrito pelos deputados S\u00e9rgio Turra (Progressistas) e Edson Brum (MDB).<\/p>\n\n\n\n<p>Como presidente da Frente Parlamentar de Combate aos Crimes Agropecu\u00e1rios, Turra explica que a proposta visa transformar as a\u00e7\u00f5es e programas de governo contra o abigeato em uma pol\u00edtica permanente e integrada. Al\u00e9m disso, o projeto prev\u00ea a possibilidade de celebra\u00e7\u00e3o de conv\u00eanios entre poder p\u00fablico e privado e a utiliza\u00e7\u00e3o de militares da reserva em opera\u00e7\u00f5es especializadas.<\/p>\n\n\n\n<p>\u201cEssa legisla\u00e7\u00e3o dar\u00e1 respaldo aos nossos agentes da seguran\u00e7a p\u00fablica e da Delegacia de Pol\u00edcia Especializada na Repress\u00e3o aos Crimes Rurais e Abigeato (Decrab) que trabalham, incansavelmente, para combater a criminalidade no campo. Devido \u00e0 a\u00e7\u00e3o desses policiais, nos \u00faltimos anos, os crimes rurais ca\u00edram cerca de 50% no Estado\u201d, disse Turra.<\/p>\n\n\n\n<p>Agora, o PL segue para ser apreciado em plen\u00e1rio. Se aprovado, o Rio Grande do Sul ser\u00e1 o primeiro estado da federa\u00e7\u00e3o com uma legisla\u00e7\u00e3o espec\u00edfica de combate aos crimes agropecu\u00e1rios.<\/p>\n\n\n\n<p>Fonte: Ronei Marcilio com Imagem e informa\u00e7\u00f5es da Assessoria de Imprensa<\/p>\n","protected":false},"excerpt":{"rendered":"<p>A proposta visa transformar as a\u00e7\u00f5es e programas de governo contra o abigeato Na \u00faltima ter\u00e7a-feira (28), a Comiss\u00e3o de Constitui\u00e7\u00e3o e Justi\u00e7a (CCJ) da Assembleia Legislativa\u00a0aprovou por unanimidade o&hellip;<\/p>\n","protected":false},"author":1,"featured_media":62376,"comment_status":"closed","ping_status":"closed","sticky":false,"template":"","format":"standard","meta":{"_lmt_disableupdate":"","_lmt_disable":"","footnotes":""},"categories":[93],"tags":[1703,5533,2122,135],"powerkit_post_featured":[],"class_list":{"0":"post-62375","1":"post","2":"type-post","3":"status-publish","4":"format-standard","5":"has-post-thumbnail","7":"category-noticias-rs","8":"tag-abigeato","9":"tag-assembleia-2","10":"tag-porto-alegre","11":"tag-rio-grande-do-sul"},"modified_by":null,"_links":{"self":[{"href":"https:\/\/radiosolaris.com.br\/beta\/wp-json\/wp\/v2\/posts\/62375","targetHints":{"allow":["GET"]}}],"collection":[{"href":"https:\/\/radiosolaris.com.br\/beta\/wp-json\/wp\/v2\/posts"}],"about":[{"href":"https:\/\/radiosolaris.com.br\/beta\/wp-json\/wp\/v2\/types\/post"}],"author":[{"embeddable":true,"href":"https:\/\/radiosolaris.com.br\/beta\/wp-json\/wp\/v2\/users\/1"}],"replies":[{"embeddable":true,"href":"https:\/\/radiosolaris.com.br\/beta\/wp-json\/wp\/v2\/comments?post=62375"}],"version-history":[{"count":0,"href":"https:\/\/radiosolaris.com.br\/beta\/wp-json\/wp\/v2\/posts\/62375\/revisions"}],"wp:featuredmedia":[{"embeddable":true,"href":"https:\/\/radiosolaris.com.br\/beta\/wp-json\/wp\/v2\/media\/62376"}],"wp:attachment":[{"href":"https:\/\/radiosolaris.com.br\/beta\/wp-json\/wp\/v2\/media?parent=62375"}],"wp:term":[{"taxonomy":"category","embeddable":true,"href":"https:\/\/radiosolaris.com.br\/beta\/wp-json\/wp\/v2\/categories?post=62375"},{"taxonomy":"post_tag","embeddable":true,"href":"https:\/\/radiosolaris.com.br\/beta\/wp-json\/wp\/v2\/tags?post=62375"},{"taxonomy":"powerkit_post_featured","embeddable":true,"href":"https:\/\/radiosolaris.com.br\/beta\/wp-json\/wp\/v2\/powerkit_post_featured?post=62375"}],"curies":[{"name":"wp","href":"https:\/\/api.w.org\/{rel}","templated":true}]}}