{"id":61668,"date":"2021-09-19T10:45:00","date_gmt":"2021-09-19T13:45:00","guid":{"rendered":"https:\/\/radiosolaris.com.br\/beta\/?p=61668"},"modified":"2021-09-19T09:48:11","modified_gmt":"2021-09-19T12:48:11","slug":"ser-antonio-prado-goleia-e-se-isola-na-primeira-posicao-do-grupo-b-da-liga-gaucha-de-futsal-sub-17","status":"publish","type":"post","link":"https:\/\/radiosolaris.com.br\/beta\/ser-antonio-prado-goleia-e-se-isola-na-primeira-posicao-do-grupo-b-da-liga-gaucha-de-futsal-sub-17\/","title":{"rendered":"SER Ant\u00f4nio Prado goleia e se isola na primeira posi\u00e7\u00e3o do Grupo B da Liga Ga\u00facha de Futsal Sub-17"},"content":{"rendered":"\n<h4 id=\"em-partida-valida-pela-segunda-rodada-diante-do-vasco-da-gama-de-caxias-do-sul-a-equipe-pradense-venceu-pelo-placar-de-91\" class=\"wp-block-heading\">Em partida v\u00e1lida pela segunda rodada diante do Vasco da Gama de Caxias do Sul, a equipe pradense venceu pelo placar de 9&#215;1<\/h4>\n\n\n\n<p>Na tarde deste s\u00e1bado, \u00e0s 16h, no Gin\u00e1sio de Esportes Louren\u00e7o Golin, a SER Ant\u00f4nio Prado recebeu a equipe caxiense do Vasco da Gama pela segunda rodada da Liga Ga\u00facha de Futsal Sub-17. Ap\u00f3s uma vit\u00f3ria suada na primeira rodada diante do Bella Futsal, desta vez a equipe pradense n\u00e3o teve grandes dificuldades para conquistar mais tr\u00eas pontos, vencendo o advers\u00e1rio por 9&#215;1.<\/p>\n\n\n\n<p>Com o resultado, a SER Ant\u00f4nio Prado chega a seis pontos e se isola na lideran\u00e7a do Grupo B, confira como ficou a tabela:<\/p>\n\n\n\n<p><\/p>\n\n\n\n<div class=\"wp-block-image\"><figure class=\"aligncenter size-full\"><img  loading=\"lazy\"  decoding=\"async\"  width=\"576\"  height=\"360\"  src=\"data:image\/png;base64,iVBORw0KGgoAAAANSUhEUgAAAAEAAAABAQMAAAAl21bKAAAAA1BMVEUAAP+KeNJXAAAAAXRSTlMAQObYZgAAAAlwSFlzAAAOxAAADsQBlSsOGwAAAApJREFUCNdjYAAAAAIAAeIhvDMAAAAASUVORK5CYII=\"  alt=\"\"  class=\"wp-image-61670 pk-lazyload\"  data-pk-sizes=\"auto\"  data-pk-src=\"https:\/\/radiosolaris.com.br\/beta\/wp-content\/uploads\/2021\/09\/9a18ff9f-7264-4f61-b9f6-470b30f8d29e-edited.jpg\" ><figcaption>Imagem: Divulga\u00e7\u00e3o<\/figcaption><\/figure><\/div>\n\n\n\n<p>A partida teve presen\u00e7a de p\u00fablico de 40% da capacidade total do gin\u00e1sio, com uso obrigat\u00f3rio de m\u00e1scara e apresenta\u00e7\u00e3o da carteirinha de vacina\u00e7\u00e3o com ao menos uma dose da vacina contra a Covid-19.<\/p>\n\n\n\n<p><\/p>\n\n\n\n<p>Foto: Divulga\u00e7\u00e3o SER Ant\u00f4nio Prado<\/p>\n\n\n\n<p>Fonte: Leandro Schiavon<\/p>\n","protected":false},"excerpt":{"rendered":"<p>Em partida v\u00e1lida pela segunda rodada diante do Vasco da Gama de Caxias do Sul, a equipe pradense venceu pelo placar de 9&#215;1 Na tarde deste s\u00e1bado, \u00e0s 16h, no&hellip;<\/p>\n","protected":false},"author":1,"featured_media":61671,"comment_status":"closed","ping_status":"closed","sticky":false,"template":"","format":"standard","meta":{"_lmt_disableupdate":"","_lmt_disable":"","footnotes":""},"categories":[93,83],"tags":[143,8277,8342,492],"powerkit_post_featured":[],"class_list":{"0":"post-61668","1":"post","2":"type-post","3":"status-publish","4":"format-standard","5":"has-post-thumbnail","7":"category-noticias-rs","8":"category-serra-gaucha","9":"tag-antonio-prado","10":"tag-gauchao-de-futsal","11":"tag-goleada","12":"tag-ser-antonio-prado"},"modified_by":null,"_links":{"self":[{"href":"https:\/\/radiosolaris.com.br\/beta\/wp-json\/wp\/v2\/posts\/61668","targetHints":{"allow":["GET"]}}],"collection":[{"href":"https:\/\/radiosolaris.com.br\/beta\/wp-json\/wp\/v2\/posts"}],"about":[{"href":"https:\/\/radiosolaris.com.br\/beta\/wp-json\/wp\/v2\/types\/post"}],"author":[{"embeddable":true,"href":"https:\/\/radiosolaris.com.br\/beta\/wp-json\/wp\/v2\/users\/1"}],"replies":[{"embeddable":true,"href":"https:\/\/radiosolaris.com.br\/beta\/wp-json\/wp\/v2\/comments?post=61668"}],"version-history":[{"count":0,"href":"https:\/\/radiosolaris.com.br\/beta\/wp-json\/wp\/v2\/posts\/61668\/revisions"}],"wp:featuredmedia":[{"embeddable":true,"href":"https:\/\/radiosolaris.com.br\/beta\/wp-json\/wp\/v2\/media\/61671"}],"wp:attachment":[{"href":"https:\/\/radiosolaris.com.br\/beta\/wp-json\/wp\/v2\/media?parent=61668"}],"wp:term":[{"taxonomy":"category","embeddable":true,"href":"https:\/\/radiosolaris.com.br\/beta\/wp-json\/wp\/v2\/categories?post=61668"},{"taxonomy":"post_tag","embeddable":true,"href":"https:\/\/radiosolaris.com.br\/beta\/wp-json\/wp\/v2\/tags?post=61668"},{"taxonomy":"powerkit_post_featured","embeddable":true,"href":"https:\/\/radiosolaris.com.br\/beta\/wp-json\/wp\/v2\/powerkit_post_featured?post=61668"}],"curies":[{"name":"wp","href":"https:\/\/api.w.org\/{rel}","templated":true}]}}