{"id":61572,"date":"2021-09-17T09:02:40","date_gmt":"2021-09-17T12:02:40","guid":{"rendered":"https:\/\/radiosolaris.com.br\/beta\/?p=61572"},"modified":"2021-09-17T09:08:31","modified_gmt":"2021-09-17T12:08:31","slug":"jovem-e-preso-por-trafico-de-drogas-no-distrito-de-otavio-rocha-em-flores-da-cunha","status":"publish","type":"post","link":"https:\/\/radiosolaris.com.br\/beta\/jovem-e-preso-por-trafico-de-drogas-no-distrito-de-otavio-rocha-em-flores-da-cunha\/","title":{"rendered":"Jovem \u00e9 preso por tr\u00e1fico de drogas no distrito de Ot\u00e1vio Rocha, em Flores da Cunha"},"content":{"rendered":"\n<h4 id=\"individuo-portava-32-gramas-de-cocaina-16-de-crack-alem-de-r-33-mil-em-dinheiro\" class=\"wp-block-heading\">Individuo portava 32 gramas de coca\u00edna, 16 de crack, al\u00e9m de R$ 3,3 mil em dinheiro<\/h4>\n\n\n\n<p>Um jovem de 22 anos foi preso por tr\u00e1fico de drogas no distrito de Ot\u00e1vio Rocha, em Flores da Cunha. O homem foi detido durante patrulhamento do 4\u00ba Batalh\u00e3o de Choque na rua Bonarda, por volta das 21h desta quinta-feira (16).<\/p>\n\n\n\n<p>Os policiais se deslocaram at\u00e9 o local ap\u00f3s uma den\u00fancia de que seria um ponto de venda de drogas. A guarni\u00e7\u00e3o abordou o jovem, que foi preso em flagrante por posse de entorpecentes.<\/p>\n\n\n\n<p>No local, foram localizadas 19 pedras de crack totalizando 16 gramas, 39 por\u00e7\u00f5es de coca\u00edna, somando 32 gramas da droga, al\u00e9m de R$ 3.304 em esp\u00e9cie. Posteriormente, o individuo foi conduzido at\u00e9 a Delegacia de Pol\u00edcia de Pronto Atendimento (DPPA), em Caxias do Sul e depois ao pres\u00eddio.<\/p>\n\n\n\n<figure class=\"wp-block-gallery columns-1 is-cropped wp-block-gallery-1 is-layout-flex wp-block-gallery-is-layout-flex\"><ul class=\"blocks-gallery-grid\"><li class=\"blocks-gallery-item\"><figure><img  decoding=\"async\"  src=\"data:image\/png;base64,iVBORw0KGgoAAAANSUhEUgAAAAEAAAABAQMAAAAl21bKAAAAA1BMVEUAAP+KeNJXAAAAAXRSTlMAQObYZgAAAAlwSFlzAAAOxAAADsQBlSsOGwAAAApJREFUCNdjYAAAAAIAAeIhvDMAAAAASUVORK5CYII=\"  alt=\"\"  data-id=\"61576\"  data-full-url=\"https:\/\/radiosolaris.com.br\/beta\/wp-content\/uploads\/2021\/09\/Jovem-e-preso-por-trafico-de-drogas-no-distrito-de-Otavio-Rocha-em-Flores-da-Cunha.jpeg\"  data-link=\"https:\/\/radiosolaris.com.br\/beta\/jovem-e-preso-por-trafico-de-drogas-no-distrito-de-otavio-rocha-em-flores-da-cunha\/jovem-e-preso-por-trafico-de-drogas-no-distrito-de-otavio-rocha-em-flores-da-cunha\/\"  class=\"wp-image-61576 pk-lazyload\"  data-pk-sizes=\"auto\"  data-pk-src=\"https:\/\/radiosolaris.com.br\/beta\/wp-content\/uploads\/2021\/09\/Jovem-e-preso-por-trafico-de-drogas-no-distrito-de-Otavio-Rocha-em-Flores-da-Cunha-1024x644.jpeg\" ><figcaption class=\"blocks-gallery-item__caption\">Foto: 4\u00ba Batalh\u00e3o de Choque\/ Divulga\u00e7\u00e3o<\/figcaption><\/figure><\/li><\/ul><\/figure>\n","protected":false},"excerpt":{"rendered":"<p>Individuo portava 32 gramas de coca\u00edna, 16 de crack, al\u00e9m de R$ 3,3 mil em dinheiro Um jovem de 22 anos foi preso por tr\u00e1fico de drogas no distrito de&hellip;<\/p>\n","protected":false},"author":13,"featured_media":61576,"comment_status":"closed","ping_status":"closed","sticky":false,"template":"","format":"standard","meta":{"_lmt_disableupdate":"","_lmt_disable":"","footnotes":""},"categories":[83],"tags":[247,114,497,1923,5845,303,8327,505,283,943],"powerkit_post_featured":[],"class_list":{"0":"post-61572","1":"post","2":"type-post","3":"status-publish","4":"format-standard","5":"has-post-thumbnail","7":"category-serra-gaucha","8":"tag-brigada-militar","9":"tag-flores-da-cunha","10":"tag-jovem","11":"tag-otavio-rocha-2","12":"tag-posse-de-entorpecentes","13":"tag-prisao","14":"tag-rua-bonarda","15":"tag-seguranca-publica","16":"tag-serra-gaucha","17":"tag-trafico-de-drogas-2"},"modified_by":"Filipe Brogliatto","_links":{"self":[{"href":"https:\/\/radiosolaris.com.br\/beta\/wp-json\/wp\/v2\/posts\/61572","targetHints":{"allow":["GET"]}}],"collection":[{"href":"https:\/\/radiosolaris.com.br\/beta\/wp-json\/wp\/v2\/posts"}],"about":[{"href":"https:\/\/radiosolaris.com.br\/beta\/wp-json\/wp\/v2\/types\/post"}],"author":[{"embeddable":true,"href":"https:\/\/radiosolaris.com.br\/beta\/wp-json\/wp\/v2\/users\/13"}],"replies":[{"embeddable":true,"href":"https:\/\/radiosolaris.com.br\/beta\/wp-json\/wp\/v2\/comments?post=61572"}],"version-history":[{"count":0,"href":"https:\/\/radiosolaris.com.br\/beta\/wp-json\/wp\/v2\/posts\/61572\/revisions"}],"wp:featuredmedia":[{"embeddable":true,"href":"https:\/\/radiosolaris.com.br\/beta\/wp-json\/wp\/v2\/media\/61576"}],"wp:attachment":[{"href":"https:\/\/radiosolaris.com.br\/beta\/wp-json\/wp\/v2\/media?parent=61572"}],"wp:term":[{"taxonomy":"category","embeddable":true,"href":"https:\/\/radiosolaris.com.br\/beta\/wp-json\/wp\/v2\/categories?post=61572"},{"taxonomy":"post_tag","embeddable":true,"href":"https:\/\/radiosolaris.com.br\/beta\/wp-json\/wp\/v2\/tags?post=61572"},{"taxonomy":"powerkit_post_featured","embeddable":true,"href":"https:\/\/radiosolaris.com.br\/beta\/wp-json\/wp\/v2\/powerkit_post_featured?post=61572"}],"curies":[{"name":"wp","href":"https:\/\/api.w.org\/{rel}","templated":true}]}}