{"id":61473,"date":"2021-09-16T10:20:32","date_gmt":"2021-09-16T13:20:32","guid":{"rendered":"https:\/\/radiosolaris.com.br\/beta\/?p=61473"},"modified":"2021-09-16T10:20:36","modified_gmt":"2021-09-16T13:20:36","slug":"cultura-gaucha-perde-cantor-tradicionalista-iedo-silva","status":"publish","type":"post","link":"https:\/\/radiosolaris.com.br\/beta\/cultura-gaucha-perde-cantor-tradicionalista-iedo-silva\/","title":{"rendered":"Cultura ga\u00facha perde cantor tradicionalista Iedo Silva"},"content":{"rendered":"\n<h4 id=\"o-artista-era-interprete-e-compositor-de-sucessos-como-ala-pucha-tche-me-comparando-ao-rio-grande-chiquita-e-pampa-na-garupa\" class=\"wp-block-heading\">O artista era interprete e compositor de sucessos como \u2018Ala-Pucha Tch\u00ea\u2019, \u2018Me Comparando ao Rio Grande\u2019, \u2018Chiquita\u2019 e \u2018Pampa na Garupa\u2019<\/h4>\n\n\n\n<p>A cultura ga\u00facha perde mais um grande artista na Semana Farroupilha. O cantor e compositor tradicionalista Iedo Silva tinha 74 anos e estava internado no Hospital de Cl\u00ednicas de Porto Alegre e morreu em decorr\u00eancia de complica\u00e7\u00f5es causadas pela Covid-19 na noite desta quarta-feira (15), data em que se comemora o dia do gaiteiro.<\/p>\n\n\n\n<p>Natural de Cachoeira do Sul (RS), Iedo era filho de agricultores e come\u00e7ou sua carreira art\u00edsticas ainda em 1965. Al\u00e9m de cantor, ele tamb\u00e9m era interprete, gaiteiro e compositor de sucessos como \u2018Ala-Pucha Tch\u00ea\u2019, \u2018Me Comparando ao Rio Grande\u2019, \u2018Chiquita\u2019 e \u2018Pampa na Garupa\u2019.<\/p>\n\n\n\n<p>Foi publicada na p\u00e1gina oficial do artista uma nota lamentando o falecimento de Iedo. \u201c\u00c9 com imensa tristeza que comunicamos, no dia de hoje, 15 de setembro, dia do gaiteiro, mais uma grande perda para o nosso Rio Grande, Iedo Silva. V\u00edtima de complica\u00e7\u00f5es pelo coronav\u00edrus, o cantor, compositor e int\u00e9rprete de grandes sucessos, como Ala-Pucha Tch\u00ea, Me Comparando ao Rio Grande, Chiquita e Pampa na Garupa, defendeu, durante os mais de 45 anos de carreira, a m\u00fasica tradicionalista ga\u00facha\u201d, afirma o documento.<\/p>\n\n\n\n<p>Segundo a assessoria de imprensa do cantor, por causa da pandemia, a cerim\u00f4nia de despedida ocorre de forma restrita \u00e0 fam\u00edlia em Viam\u00e3o.<\/p>\n","protected":false},"excerpt":{"rendered":"<p>O artista era interprete e compositor de sucessos como \u2018Ala-Pucha Tch\u00ea\u2019, \u2018Me Comparando ao Rio Grande\u2019, \u2018Chiquita\u2019 e \u2018Pampa na Garupa\u2019 A cultura ga\u00facha perde mais um grande artista na&hellip;<\/p>\n","protected":false},"author":16,"featured_media":61474,"comment_status":"closed","ping_status":"closed","sticky":false,"template":"","format":"standard","meta":{"_lmt_disableupdate":"","_lmt_disable":"","footnotes":""},"categories":[93,83],"tags":[8320,6686,8317,8319,8318,135],"powerkit_post_featured":[],"class_list":{"0":"post-61473","1":"post","2":"type-post","3":"status-publish","4":"format-standard","5":"has-post-thumbnail","7":"category-noticias-rs","8":"category-serra-gaucha","9":"tag-cantor-tradicionalista-iedo-silva","10":"tag-cultura-gaucha","11":"tag-iedo-silva","12":"tag-morre-iedo-silva","13":"tag-morte-iedo-silva","14":"tag-rio-grande-do-sul"},"modified_by":"Bruna Picinini","_links":{"self":[{"href":"https:\/\/radiosolaris.com.br\/beta\/wp-json\/wp\/v2\/posts\/61473","targetHints":{"allow":["GET"]}}],"collection":[{"href":"https:\/\/radiosolaris.com.br\/beta\/wp-json\/wp\/v2\/posts"}],"about":[{"href":"https:\/\/radiosolaris.com.br\/beta\/wp-json\/wp\/v2\/types\/post"}],"author":[{"embeddable":true,"href":"https:\/\/radiosolaris.com.br\/beta\/wp-json\/wp\/v2\/users\/16"}],"replies":[{"embeddable":true,"href":"https:\/\/radiosolaris.com.br\/beta\/wp-json\/wp\/v2\/comments?post=61473"}],"version-history":[{"count":0,"href":"https:\/\/radiosolaris.com.br\/beta\/wp-json\/wp\/v2\/posts\/61473\/revisions"}],"wp:featuredmedia":[{"embeddable":true,"href":"https:\/\/radiosolaris.com.br\/beta\/wp-json\/wp\/v2\/media\/61474"}],"wp:attachment":[{"href":"https:\/\/radiosolaris.com.br\/beta\/wp-json\/wp\/v2\/media?parent=61473"}],"wp:term":[{"taxonomy":"category","embeddable":true,"href":"https:\/\/radiosolaris.com.br\/beta\/wp-json\/wp\/v2\/categories?post=61473"},{"taxonomy":"post_tag","embeddable":true,"href":"https:\/\/radiosolaris.com.br\/beta\/wp-json\/wp\/v2\/tags?post=61473"},{"taxonomy":"powerkit_post_featured","embeddable":true,"href":"https:\/\/radiosolaris.com.br\/beta\/wp-json\/wp\/v2\/powerkit_post_featured?post=61473"}],"curies":[{"name":"wp","href":"https:\/\/api.w.org\/{rel}","templated":true}]}}