{"id":61071,"date":"2021-09-10T17:30:18","date_gmt":"2021-09-10T20:30:18","guid":{"rendered":"https:\/\/radiosolaris.com.br\/beta\/?p=61071"},"modified":"2021-09-10T21:59:48","modified_gmt":"2021-09-11T00:59:48","slug":"assinado-o-contrato-com-a-empresa-que-fara-o-projeto-do-aeroporto-da-serra-gaucha","status":"publish","type":"post","link":"https:\/\/radiosolaris.com.br\/beta\/assinado-o-contrato-com-a-empresa-que-fara-o-projeto-do-aeroporto-da-serra-gaucha\/","title":{"rendered":"Assinado o contrato com a empresa que far\u00e1 o projeto do Aeroporto da Serra ga\u00facha"},"content":{"rendered":"\n<h4 id=\"o-prazo-para-conclusao-e-de-360-dias-com-investimento-de-r-1-592-37500\" class=\"wp-block-heading\"> O prazo para conclus\u00e3o \u00e9 de 360 dias, com investimento de R$ 1.592.375,00 <\/h4>\n\n\n\n<p>O contrato para elabora\u00e7\u00e3o do projeto do Aeroporto da Serra ga\u00facha foi assinado na manh\u00e3 desta sexta (10), em uma solenidade com a presen\u00e7a dos envolvidos no processo e de autoridades convidadas. A empresa vencedora da licita\u00e7\u00e3o, a Iguatemi Consultoria e Servi\u00e7os de Engenharia Ltda, foi representada pelo senhor Ad\u00e3o dos Santos, que assinou o documento junto com o prefeito Adil\u00f3 Didomenico.<br><br>Os deputados estaduais Neri, O Carteiro e Carlos B\u00farigo, o presidente da C\u00e2mara de Vereadores, Velocino Uez, a secret\u00e1ria Municipal de Planejamento, Margarete Bender, e os prefeitos de Gramado, Nestor Tissot, e de S\u00e3o Francisco de Paula, Marcos Aguzzolli, formaram a mesa de autoridades e assinaram o contrato como testemunhas. O diretor da Secretaria Nacional de Avia\u00e7\u00e3o Civil, Eduardo Bernardi, participou do evento de forma online.<br><br>O projeto contemplar\u00e1 a infraestrutura com pista de quase 2 quil\u00f4metros, p\u00e1tio, hangar, pista complementar e terminal de passageiros. O prazo para conclus\u00e3o \u00e9 de 360 dias, com investimento da ordem de R$ 1.592.375,00.<br><br>A secret\u00e1ria Margarete elogiou o trabalho da equipe da Seplan dentro de todo o projeto do aeroporto. \u201cPreciso destacar o papel relevante e significativo dos t\u00e9cnicos da Seplan, que assumiram essa dif\u00edcil tarefa de forma exemplar\u201d.<br>Para o prefeito Adil\u00f3, a constru\u00e7\u00e3o do novo aeroporto pode ser comparada \u00e0 chegada do trem em Caxias, em 1910. O prefeito refor\u00e7ou com o representante da empresa que seria muito importante que o projeto pudesse ser conclu\u00eddo antes do prazo m\u00e1ximo.<br><br>\u201cUma das maiores dificuldades que a nossa regi\u00e3o possui \u00e9 a falta de infraestrutura. Esse aeroporto veio para trazer o progresso que precisamos n\u00e3o s\u00f3 na cidade, mas em toda regi\u00e3o. Na fun\u00e7\u00e3o que ocupo, tenho que reconhecer todos os prefeitos que nos antecederam, porque esse projeto iniciou em 2003. N\u00f3s agora vamos pisar no acelerador, para no ano que vem, licitarmos a obra\u201d, afirmou.<br><br>Tamb\u00e9m participaram da solenidade vereadores, secret\u00e1rios municipais e lideran\u00e7as da comunidade.<\/p>\n\n\n\n<figure class=\"wp-block-gallery columns-1 is-cropped wp-block-gallery-1 is-layout-flex wp-block-gallery-is-layout-flex\"><ul class=\"blocks-gallery-grid\"><li class=\"blocks-gallery-item\"><figure><a href=\"https:\/\/radiosolaris.com.br\/beta\/wp-content\/uploads\/2021\/09\/Assinatura-Contrato-Aeroporto-2730-10-de-setembro-de-2021-Joao-Pedro-Bressan.jpg\"><img  decoding=\"async\"  src=\"data:image\/png;base64,iVBORw0KGgoAAAANSUhEUgAAAAEAAAABAQMAAAAl21bKAAAAA1BMVEUAAP+KeNJXAAAAAXRSTlMAQObYZgAAAAlwSFlzAAAOxAAADsQBlSsOGwAAAApJREFUCNdjYAAAAAIAAeIhvDMAAAAASUVORK5CYII=\"  alt=\"\"  data-id=\"61072\"  data-full-url=\"https:\/\/radiosolaris.com.br\/beta\/wp-content\/uploads\/2021\/09\/Assinatura-Contrato-Aeroporto-2730-10-de-setembro-de-2021-Joao-Pedro-Bressan.jpg\"  data-link=\"https:\/\/radiosolaris.com.br\/beta\/?attachment_id=61072\"  class=\"wp-image-61072 pk-lazyload\"  data-pk-sizes=\"auto\"  data-pk-src=\"https:\/\/radiosolaris.com.br\/beta\/wp-content\/uploads\/2021\/09\/Assinatura-Contrato-Aeroporto-2730-10-de-setembro-de-2021-Joao-Pedro-Bressan-1024x682.jpg\" ><\/a><\/figure><\/li><li class=\"blocks-gallery-item\"><figure><a href=\"https:\/\/radiosolaris.com.br\/beta\/wp-content\/uploads\/2021\/09\/Assinatura-Contrato-Aeroporto-2567-10-de-setembro-de-2021-Joao-Pedro-Bressan.jpg\"><img  decoding=\"async\"  src=\"data:image\/png;base64,iVBORw0KGgoAAAANSUhEUgAAAAEAAAABAQMAAAAl21bKAAAAA1BMVEUAAP+KeNJXAAAAAXRSTlMAQObYZgAAAAlwSFlzAAAOxAAADsQBlSsOGwAAAApJREFUCNdjYAAAAAIAAeIhvDMAAAAASUVORK5CYII=\"  alt=\"\"  data-id=\"61073\"  data-full-url=\"https:\/\/radiosolaris.com.br\/beta\/wp-content\/uploads\/2021\/09\/Assinatura-Contrato-Aeroporto-2567-10-de-setembro-de-2021-Joao-Pedro-Bressan.jpg\"  data-link=\"https:\/\/radiosolaris.com.br\/beta\/?attachment_id=61073\"  class=\"wp-image-61073 pk-lazyload\"  data-pk-sizes=\"auto\"  data-pk-src=\"https:\/\/radiosolaris.com.br\/beta\/wp-content\/uploads\/2021\/09\/Assinatura-Contrato-Aeroporto-2567-10-de-setembro-de-2021-Joao-Pedro-Bressan-1024x682.jpg\" ><\/a><\/figure><\/li><li class=\"blocks-gallery-item\"><figure><a href=\"https:\/\/radiosolaris.com.br\/beta\/wp-content\/uploads\/2021\/09\/Assinatura-Contrato-Aeroporto-2707-10-de-setembro-de-2021-Joao-Pedro-Bressan.jpg\"><img  decoding=\"async\"  src=\"data:image\/png;base64,iVBORw0KGgoAAAANSUhEUgAAAAEAAAABAQMAAAAl21bKAAAAA1BMVEUAAP+KeNJXAAAAAXRSTlMAQObYZgAAAAlwSFlzAAAOxAAADsQBlSsOGwAAAApJREFUCNdjYAAAAAIAAeIhvDMAAAAASUVORK5CYII=\"  alt=\"\"  data-id=\"61074\"  data-full-url=\"https:\/\/radiosolaris.com.br\/beta\/wp-content\/uploads\/2021\/09\/Assinatura-Contrato-Aeroporto-2707-10-de-setembro-de-2021-Joao-Pedro-Bressan.jpg\"  data-link=\"https:\/\/radiosolaris.com.br\/beta\/?attachment_id=61074\"  class=\"wp-image-61074 pk-lazyload\"  data-pk-sizes=\"auto\"  data-pk-src=\"https:\/\/radiosolaris.com.br\/beta\/wp-content\/uploads\/2021\/09\/Assinatura-Contrato-Aeroporto-2707-10-de-setembro-de-2021-Joao-Pedro-Bressan-1024x682.jpg\" ><\/a><\/figure><\/li><\/ul><\/figure>\n\n\n\n<p><br>Fotos Jo\u00e3o Pedro Bressan<\/p>\n","protected":false},"excerpt":{"rendered":"<p>O prazo para conclus\u00e3o \u00e9 de 360 dias, com investimento de R$ 1.592.375,00 O contrato para elabora\u00e7\u00e3o do projeto do Aeroporto da Serra ga\u00facha foi assinado na manh\u00e3 desta sexta&hellip;<\/p>\n","protected":false},"author":17,"featured_media":61072,"comment_status":"closed","ping_status":"closed","sticky":false,"template":"","format":"standard","meta":{"_lmt_disableupdate":"","_lmt_disable":"","footnotes":""},"categories":[1],"tags":[1823,8256,114,154,283,2272],"powerkit_post_featured":[],"class_list":{"0":"post-61071","1":"post","2":"type-post","3":"status-publish","4":"format-standard","5":"has-post-thumbnail","7":"category-geral","8":"tag-aeroporto","9":"tag-aeroporto-da-serra-gaucha","10":"tag-flores-da-cunha","11":"tag-prefeitura","12":"tag-serra-gaucha","13":"tag-vila-oliva"},"modified_by":"Igor Panzenhagen","_links":{"self":[{"href":"https:\/\/radiosolaris.com.br\/beta\/wp-json\/wp\/v2\/posts\/61071","targetHints":{"allow":["GET"]}}],"collection":[{"href":"https:\/\/radiosolaris.com.br\/beta\/wp-json\/wp\/v2\/posts"}],"about":[{"href":"https:\/\/radiosolaris.com.br\/beta\/wp-json\/wp\/v2\/types\/post"}],"author":[{"embeddable":true,"href":"https:\/\/radiosolaris.com.br\/beta\/wp-json\/wp\/v2\/users\/17"}],"replies":[{"embeddable":true,"href":"https:\/\/radiosolaris.com.br\/beta\/wp-json\/wp\/v2\/comments?post=61071"}],"version-history":[{"count":0,"href":"https:\/\/radiosolaris.com.br\/beta\/wp-json\/wp\/v2\/posts\/61071\/revisions"}],"wp:featuredmedia":[{"embeddable":true,"href":"https:\/\/radiosolaris.com.br\/beta\/wp-json\/wp\/v2\/media\/61072"}],"wp:attachment":[{"href":"https:\/\/radiosolaris.com.br\/beta\/wp-json\/wp\/v2\/media?parent=61071"}],"wp:term":[{"taxonomy":"category","embeddable":true,"href":"https:\/\/radiosolaris.com.br\/beta\/wp-json\/wp\/v2\/categories?post=61071"},{"taxonomy":"post_tag","embeddable":true,"href":"https:\/\/radiosolaris.com.br\/beta\/wp-json\/wp\/v2\/tags?post=61071"},{"taxonomy":"powerkit_post_featured","embeddable":true,"href":"https:\/\/radiosolaris.com.br\/beta\/wp-json\/wp\/v2\/powerkit_post_featured?post=61071"}],"curies":[{"name":"wp","href":"https:\/\/api.w.org\/{rel}","templated":true}]}}