{"id":60549,"date":"2021-09-03T09:36:57","date_gmt":"2021-09-03T12:36:57","guid":{"rendered":"https:\/\/radiosolaris.com.br\/beta\/?p=60549"},"modified":"2021-09-03T09:49:18","modified_gmt":"2021-09-03T12:49:18","slug":"carreta-tomba-e-motorista-fica-ferido-em-acidente-na-ers-122-em-flores-da-cunha","status":"publish","type":"post","link":"https:\/\/radiosolaris.com.br\/beta\/carreta-tomba-e-motorista-fica-ferido-em-acidente-na-ers-122-em-flores-da-cunha\/","title":{"rendered":"Carreta tomba e motorista fica ferido em acidente na ERS-122, em Flores da Cunha"},"content":{"rendered":"\n<h4 id=\"veiculo-que-transportava-caixas-com-macas-tombou-na-manha-desta-sexta-feira-3-no-km-106-da-rodovia\" class=\"wp-block-heading\">Ve\u00edculo que transportava caixas com ma\u00e7\u00e3s tombou na manh\u00e3 desta sexta-feira (3), no km 106 da rodovia<\/h4>\n\n\n\n<p>Uma carreta Scania com placas de Campina Grande (PB), tombou no km 106 da ERS-122, entre Flores da Cunha e Ant\u00f4nio Prado. O acidente com o ve\u00edculo que transportava caixas com ma\u00e7\u00e3s, ocorreu por volta das 7h desta sexta-feira (3). &nbsp;<\/p>\n\n\n\n<p>De acordo com testemunhas, o motorista seguia no sentido Flores-Ant\u00f4nio Prado, quando teve problemas mec\u00e2nicos. A carreta invadiu a pista contr\u00e1ria e tombou na rodovia. O motorista sofreu ferimentos, mas j\u00e1 foi socorrido ao Hospital F\u00e1tima, onde permanece em observa\u00e7\u00e3o. Seu estado de sa\u00fade n\u00e3o foi divulgado.<\/p>\n\n\n\n<p>Nesta manh\u00e3, a empresa respons\u00e1vel j\u00e1 realizava o transbordo da carga para outros caminh\u00f5es. O tr\u00e2nsito no local pode ser interrompido ao longo do dia para a retirada da carreta, mas neste momento, flui normalmente. \u00a0<\/p>\n\n\n\n<p>Um outro acidente foi registrado nesta manh\u00e3, h\u00e1 cerca de seis quil\u00f4metros do local, j\u00e1 no trecho que pertence a Ant\u00f4nio Prado. <a href=\"https:\/\/radiosolaris.com.br\/beta\/motorista-fica-ferido-em-acidente-na-serra-das-antas-em-antonio-prado\/\" target=\"_blank\" rel=\"noreferrer noopener\">Um caminh\u00e3o que transportava barras de ferro tombou no km 112 da rodovia<\/a>, e o motorista ficou ferido. <\/p>\n\n\n\n<figure class=\"wp-block-gallery columns-1 is-cropped wp-block-gallery-1 is-layout-flex wp-block-gallery-is-layout-flex\"><ul class=\"blocks-gallery-grid\"><li class=\"blocks-gallery-item\"><figure><a href=\"https:\/\/radiosolaris.com.br\/beta\/wp-content\/uploads\/2021\/09\/Carreta-tomba-e-motorista-fica-ferido-em-acidente-na-ERS-122-em-Flores-da-Cunha-1.jpeg\"><img  decoding=\"async\"  src=\"data:image\/png;base64,iVBORw0KGgoAAAANSUhEUgAAAAEAAAABAQMAAAAl21bKAAAAA1BMVEUAAP+KeNJXAAAAAXRSTlMAQObYZgAAAAlwSFlzAAAOxAAADsQBlSsOGwAAAApJREFUCNdjYAAAAAIAAeIhvDMAAAAASUVORK5CYII=\"  alt=\"\"  data-id=\"60554\"  data-full-url=\"https:\/\/radiosolaris.com.br\/beta\/wp-content\/uploads\/2021\/09\/Carreta-tomba-e-motorista-fica-ferido-em-acidente-na-ERS-122-em-Flores-da-Cunha-1.jpeg\"  data-link=\"https:\/\/radiosolaris.com.br\/beta\/?attachment_id=60554\"  class=\"wp-image-60554 pk-lazyload\"  data-pk-sizes=\"auto\"  data-pk-src=\"https:\/\/radiosolaris.com.br\/beta\/wp-content\/uploads\/2021\/09\/Carreta-tomba-e-motorista-fica-ferido-em-acidente-na-ERS-122-em-Flores-da-Cunha-1-1024x768.jpeg\" ><\/a><\/figure><\/li><li class=\"blocks-gallery-item\"><figure><a href=\"https:\/\/radiosolaris.com.br\/beta\/wp-content\/uploads\/2021\/09\/Carreta-tomba-e-motorista-fica-ferido-em-acidente-na-ERS-122-em-Flores-da-Cunha-2.jpeg\"><img  decoding=\"async\"  src=\"data:image\/png;base64,iVBORw0KGgoAAAANSUhEUgAAAAEAAAABAQMAAAAl21bKAAAAA1BMVEUAAP+KeNJXAAAAAXRSTlMAQObYZgAAAAlwSFlzAAAOxAAADsQBlSsOGwAAAApJREFUCNdjYAAAAAIAAeIhvDMAAAAASUVORK5CYII=\"  alt=\"\"  data-id=\"60555\"  data-full-url=\"https:\/\/radiosolaris.com.br\/beta\/wp-content\/uploads\/2021\/09\/Carreta-tomba-e-motorista-fica-ferido-em-acidente-na-ERS-122-em-Flores-da-Cunha-2.jpeg\"  data-link=\"https:\/\/radiosolaris.com.br\/beta\/?attachment_id=60555\"  class=\"wp-image-60555 pk-lazyload\"  data-pk-sizes=\"auto\"  data-pk-src=\"https:\/\/radiosolaris.com.br\/beta\/wp-content\/uploads\/2021\/09\/Carreta-tomba-e-motorista-fica-ferido-em-acidente-na-ERS-122-em-Flores-da-Cunha-2-1024x768.jpeg\" ><\/a><\/figure><\/li><li class=\"blocks-gallery-item\"><figure><a href=\"https:\/\/radiosolaris.com.br\/beta\/wp-content\/uploads\/2021\/09\/Carreta-tomba-e-motorista-fica-ferido-em-acidente-na-ERS-122-em-Flores-da-Cunha-3.jpeg\"><img  decoding=\"async\"  src=\"data:image\/png;base64,iVBORw0KGgoAAAANSUhEUgAAAAEAAAABAQMAAAAl21bKAAAAA1BMVEUAAP+KeNJXAAAAAXRSTlMAQObYZgAAAAlwSFlzAAAOxAAADsQBlSsOGwAAAApJREFUCNdjYAAAAAIAAeIhvDMAAAAASUVORK5CYII=\"  alt=\"\"  data-id=\"60556\"  data-full-url=\"https:\/\/radiosolaris.com.br\/beta\/wp-content\/uploads\/2021\/09\/Carreta-tomba-e-motorista-fica-ferido-em-acidente-na-ERS-122-em-Flores-da-Cunha-3.jpeg\"  data-link=\"https:\/\/radiosolaris.com.br\/beta\/?attachment_id=60556\"  class=\"wp-image-60556 pk-lazyload\"  data-pk-sizes=\"auto\"  data-pk-src=\"https:\/\/radiosolaris.com.br\/beta\/wp-content\/uploads\/2021\/09\/Carreta-tomba-e-motorista-fica-ferido-em-acidente-na-ERS-122-em-Flores-da-Cunha-3-1024x768.jpeg\" ><\/a><\/figure><\/li><li class=\"blocks-gallery-item\"><figure><a href=\"https:\/\/radiosolaris.com.br\/beta\/wp-content\/uploads\/2021\/09\/Carreta-tomba-e-motorista-fica-ferido-em-acidente-na-ERS-122-em-Flores-da-Cunha-4.jpeg\"><img  decoding=\"async\"  src=\"data:image\/png;base64,iVBORw0KGgoAAAANSUhEUgAAAAEAAAABAQMAAAAl21bKAAAAA1BMVEUAAP+KeNJXAAAAAXRSTlMAQObYZgAAAAlwSFlzAAAOxAAADsQBlSsOGwAAAApJREFUCNdjYAAAAAIAAeIhvDMAAAAASUVORK5CYII=\"  alt=\"\"  data-id=\"60557\"  data-full-url=\"https:\/\/radiosolaris.com.br\/beta\/wp-content\/uploads\/2021\/09\/Carreta-tomba-e-motorista-fica-ferido-em-acidente-na-ERS-122-em-Flores-da-Cunha-4.jpeg\"  data-link=\"https:\/\/radiosolaris.com.br\/beta\/?attachment_id=60557\"  class=\"wp-image-60557 pk-lazyload\"  data-pk-sizes=\"auto\"  data-pk-src=\"https:\/\/radiosolaris.com.br\/beta\/wp-content\/uploads\/2021\/09\/Carreta-tomba-e-motorista-fica-ferido-em-acidente-na-ERS-122-em-Flores-da-Cunha-4-1024x768.jpeg\" ><\/a><\/figure><\/li><\/ul><figcaption class=\"blocks-gallery-caption\">Fotos: Filipe Brogliatto\/ Grupo Solaris<\/figcaption><\/figure>\n","protected":false},"excerpt":{"rendered":"<p>Ve\u00edculo que transportava caixas com ma\u00e7\u00e3s tombou na manh\u00e3 desta sexta-feira (3), no km 106 da rodovia Uma carreta Scania com placas de Campina Grande (PB), tombou no km 106&hellip;<\/p>\n","protected":false},"author":13,"featured_media":60555,"comment_status":"closed","ping_status":"closed","sticky":false,"template":"","format":"standard","meta":{"_lmt_disableupdate":"","_lmt_disable":"","footnotes":""},"categories":[83],"tags":[307,143,904,6353,522,114,7717,992,283,1243,351],"powerkit_post_featured":[],"class_list":{"0":"post-60549","1":"post","2":"type-post","3":"status-publish","4":"format-standard","5":"has-post-thumbnail","7":"category-serra-gaucha","8":"tag-acidente","9":"tag-antonio-prado","10":"tag-carreta","11":"tag-carreta-tomba-na-ers-122","12":"tag-ers-122-2","13":"tag-flores-da-cunha","14":"tag-km-106","15":"tag-serra","16":"tag-serra-gaucha","17":"tag-tombamento","18":"tag-transito"},"modified_by":"Filipe Brogliatto","_links":{"self":[{"href":"https:\/\/radiosolaris.com.br\/beta\/wp-json\/wp\/v2\/posts\/60549","targetHints":{"allow":["GET"]}}],"collection":[{"href":"https:\/\/radiosolaris.com.br\/beta\/wp-json\/wp\/v2\/posts"}],"about":[{"href":"https:\/\/radiosolaris.com.br\/beta\/wp-json\/wp\/v2\/types\/post"}],"author":[{"embeddable":true,"href":"https:\/\/radiosolaris.com.br\/beta\/wp-json\/wp\/v2\/users\/13"}],"replies":[{"embeddable":true,"href":"https:\/\/radiosolaris.com.br\/beta\/wp-json\/wp\/v2\/comments?post=60549"}],"version-history":[{"count":0,"href":"https:\/\/radiosolaris.com.br\/beta\/wp-json\/wp\/v2\/posts\/60549\/revisions"}],"wp:featuredmedia":[{"embeddable":true,"href":"https:\/\/radiosolaris.com.br\/beta\/wp-json\/wp\/v2\/media\/60555"}],"wp:attachment":[{"href":"https:\/\/radiosolaris.com.br\/beta\/wp-json\/wp\/v2\/media?parent=60549"}],"wp:term":[{"taxonomy":"category","embeddable":true,"href":"https:\/\/radiosolaris.com.br\/beta\/wp-json\/wp\/v2\/categories?post=60549"},{"taxonomy":"post_tag","embeddable":true,"href":"https:\/\/radiosolaris.com.br\/beta\/wp-json\/wp\/v2\/tags?post=60549"},{"taxonomy":"powerkit_post_featured","embeddable":true,"href":"https:\/\/radiosolaris.com.br\/beta\/wp-json\/wp\/v2\/powerkit_post_featured?post=60549"}],"curies":[{"name":"wp","href":"https:\/\/api.w.org\/{rel}","templated":true}]}}