{"id":59952,"date":"2021-08-25T15:39:30","date_gmt":"2021-08-25T18:39:30","guid":{"rendered":"https:\/\/radiosolaris.com.br\/beta\/?p=59952"},"modified":"2021-08-25T15:40:30","modified_gmt":"2021-08-25T18:40:30","slug":"flores-da-cunha-libera-vacinacao-contra-covid-19-para-toda-populacao-adulta","status":"publish","type":"post","link":"https:\/\/radiosolaris.com.br\/beta\/flores-da-cunha-libera-vacinacao-contra-covid-19-para-toda-populacao-adulta\/","title":{"rendered":"Flores da Cunha libera vacina\u00e7\u00e3o contra Covid-19 para toda popula\u00e7\u00e3o adulta"},"content":{"rendered":"\n<h4 id=\"quem-ainda-nao-se-imunizou-pode-procurar-o-centro-de-saude-durante-a-semana-para-receber-a-primeira-dose\" class=\"wp-block-heading\">Quem ainda n\u00e3o se imunizou, pode procurar o Centro de Sa\u00fade durante a semana para receber a primeira dose<\/h4>\n\n\n\n<p>Ap\u00f3s completar o in\u00edcio do esquema vacinal contra a Covid-19 em toda popula\u00e7\u00e3o adulta, de 18 anos ou mais, Flores da Cunha liberou nesta quarta-feira (25), a imuniza\u00e7\u00e3o no Centro de Sa\u00fade Irm\u00e3 Benedita Zorzi, para todas as pessoas ainda n\u00e3o vacinas.<\/p>\n\n\n\n<p>De acordo com a Secretaria Municipal da Sa\u00fade (SMS), quem ainda n\u00e3o fez a primeira dose da vacina deve se dirigir at\u00e9 a Sala de Vacina\u00e7\u00e3o, de segunda a sexta-feira, das 8h \u00e0s 11h30min e das 13h15min at\u00e9 17h30min, sem necessidade de agendamento.<\/p>\n\n\n\n<p>At\u00e9 a ter\u00e7a-feira (24), Flores da Cunha havia recebido 36.814 doses, sendo que 30.780 j\u00e1 foram aplicadas na popula\u00e7\u00e3o. Desse quantitativo, 21.540 foram primeira dose, 8.512 de segunda aplica\u00e7\u00e3o e 728 de dose \u00fanica. &nbsp;<\/p>\n","protected":false},"excerpt":{"rendered":"<p>Quem ainda n\u00e3o se imunizou, pode procurar o Centro de Sa\u00fade durante a semana para receber a primeira dose Ap\u00f3s completar o in\u00edcio do esquema vacinal contra a Covid-19 em&hellip;<\/p>\n","protected":false},"author":13,"featured_media":59957,"comment_status":"closed","ping_status":"closed","sticky":false,"template":"","format":"standard","meta":{"_lmt_disableupdate":"","_lmt_disable":"","footnotes":""},"categories":[83],"tags":[8091,2752,3137,114,1200,992,283,396,161,5837],"powerkit_post_featured":[],"class_list":{"0":"post-59952","1":"post","2":"type-post","3":"status-publish","4":"format-standard","5":"has-post-thumbnail","7":"category-serra-gaucha","8":"tag-adultos","9":"tag-coronavirus","10":"tag-covid-19","11":"tag-flores-da-cunha","12":"tag-populacao","13":"tag-serra","14":"tag-serra-gaucha","15":"tag-vacina","16":"tag-vacinacao","17":"tag-vacinacao-covid-19"},"modified_by":"Filipe Brogliatto","_links":{"self":[{"href":"https:\/\/radiosolaris.com.br\/beta\/wp-json\/wp\/v2\/posts\/59952","targetHints":{"allow":["GET"]}}],"collection":[{"href":"https:\/\/radiosolaris.com.br\/beta\/wp-json\/wp\/v2\/posts"}],"about":[{"href":"https:\/\/radiosolaris.com.br\/beta\/wp-json\/wp\/v2\/types\/post"}],"author":[{"embeddable":true,"href":"https:\/\/radiosolaris.com.br\/beta\/wp-json\/wp\/v2\/users\/13"}],"replies":[{"embeddable":true,"href":"https:\/\/radiosolaris.com.br\/beta\/wp-json\/wp\/v2\/comments?post=59952"}],"version-history":[{"count":0,"href":"https:\/\/radiosolaris.com.br\/beta\/wp-json\/wp\/v2\/posts\/59952\/revisions"}],"wp:featuredmedia":[{"embeddable":true,"href":"https:\/\/radiosolaris.com.br\/beta\/wp-json\/wp\/v2\/media\/59957"}],"wp:attachment":[{"href":"https:\/\/radiosolaris.com.br\/beta\/wp-json\/wp\/v2\/media?parent=59952"}],"wp:term":[{"taxonomy":"category","embeddable":true,"href":"https:\/\/radiosolaris.com.br\/beta\/wp-json\/wp\/v2\/categories?post=59952"},{"taxonomy":"post_tag","embeddable":true,"href":"https:\/\/radiosolaris.com.br\/beta\/wp-json\/wp\/v2\/tags?post=59952"},{"taxonomy":"powerkit_post_featured","embeddable":true,"href":"https:\/\/radiosolaris.com.br\/beta\/wp-json\/wp\/v2\/powerkit_post_featured?post=59952"}],"curies":[{"name":"wp","href":"https:\/\/api.w.org\/{rel}","templated":true}]}}