{"id":59349,"date":"2021-08-17T06:48:21","date_gmt":"2021-08-17T09:48:21","guid":{"rendered":"https:\/\/radiosolaris.com.br\/beta\/?p=59349"},"modified":"2021-08-17T06:48:25","modified_gmt":"2021-08-17T09:48:25","slug":"homem-fica-ferido-em-acidente-entre-moto-e-carro-no-centro-de-flores-da-cunha","status":"publish","type":"post","link":"https:\/\/radiosolaris.com.br\/beta\/homem-fica-ferido-em-acidente-entre-moto-e-carro-no-centro-de-flores-da-cunha\/","title":{"rendered":"Homem fica ferido em acidente entre moto e carro no centro de Flores da Cunha"},"content":{"rendered":"\n<h4 id=\"segundo-a-brigada-militar-o-motociclista-sofreu-ferimentos-e-precisou-ser-encaminhado-ao-hospital-fatima\" class=\"wp-block-heading\">Segundo a Brigada Militar, o motociclista sofreu ferimentos e precisou ser encaminhado ao Hospital F\u00e1tima<\/h4>\n\n\n\n<p>O condutor de uma motocicleta ficou ferido ap\u00f3s ser atingido por uma Chevrolet S10 no Centro de Flores da Cunha, por volta das 17h45min de segunda-feira (17). Segundo o condutor do carro, ele transitava pela rua Barros Cassal, quando no cruzamento com a Avenida 25 de Julho acabou n\u00e3o visualizando o motociclista e obstruiu a passagem do mesmo.<\/p>\n\n\n\n<p>Segundo a Brigada Militar (BM), o condutor de 20 anos da moto ficou ferido e foi encaminhado ao Hospital F\u00e1tima para receber atendimento. O motorista do autom\u00f3vel, homem de 70 anos, n\u00e3o sofreu ferimentos.<\/p>\n","protected":false},"excerpt":{"rendered":"<p>Segundo a Brigada Militar, o motociclista sofreu ferimentos e precisou ser encaminhado ao Hospital F\u00e1tima O condutor de uma motocicleta ficou ferido ap\u00f3s ser atingido por uma Chevrolet S10 no&hellip;<\/p>\n","protected":false},"author":16,"featured_media":35214,"comment_status":"closed","ping_status":"closed","sticky":false,"template":"","format":"standard","meta":{"_lmt_disableupdate":"","_lmt_disable":"","footnotes":""},"categories":[83],"tags":[6552,6224,4354,247,5644,114,7977,283],"powerkit_post_featured":[],"class_list":{"0":"post-59349","1":"post","2":"type-post","3":"status-publish","4":"format-standard","5":"has-post-thumbnail","7":"category-serra-gaucha","8":"tag-acidente-de-transito","9":"tag-acidente-entre-moto-e-carro","10":"tag-avenida-25-de-julho","11":"tag-brigada-militar","12":"tag-centro-de-flores-da-cunha","13":"tag-flores-da-cunha","14":"tag-rua-barros-cassal","15":"tag-serra-gaucha"},"modified_by":"Bruna Picinini","_links":{"self":[{"href":"https:\/\/radiosolaris.com.br\/beta\/wp-json\/wp\/v2\/posts\/59349","targetHints":{"allow":["GET"]}}],"collection":[{"href":"https:\/\/radiosolaris.com.br\/beta\/wp-json\/wp\/v2\/posts"}],"about":[{"href":"https:\/\/radiosolaris.com.br\/beta\/wp-json\/wp\/v2\/types\/post"}],"author":[{"embeddable":true,"href":"https:\/\/radiosolaris.com.br\/beta\/wp-json\/wp\/v2\/users\/16"}],"replies":[{"embeddable":true,"href":"https:\/\/radiosolaris.com.br\/beta\/wp-json\/wp\/v2\/comments?post=59349"}],"version-history":[{"count":0,"href":"https:\/\/radiosolaris.com.br\/beta\/wp-json\/wp\/v2\/posts\/59349\/revisions"}],"wp:featuredmedia":[{"embeddable":true,"href":"https:\/\/radiosolaris.com.br\/beta\/wp-json\/wp\/v2\/media\/35214"}],"wp:attachment":[{"href":"https:\/\/radiosolaris.com.br\/beta\/wp-json\/wp\/v2\/media?parent=59349"}],"wp:term":[{"taxonomy":"category","embeddable":true,"href":"https:\/\/radiosolaris.com.br\/beta\/wp-json\/wp\/v2\/categories?post=59349"},{"taxonomy":"post_tag","embeddable":true,"href":"https:\/\/radiosolaris.com.br\/beta\/wp-json\/wp\/v2\/tags?post=59349"},{"taxonomy":"powerkit_post_featured","embeddable":true,"href":"https:\/\/radiosolaris.com.br\/beta\/wp-json\/wp\/v2\/powerkit_post_featured?post=59349"}],"curies":[{"name":"wp","href":"https:\/\/api.w.org\/{rel}","templated":true}]}}