{"id":59224,"date":"2021-08-14T08:08:00","date_gmt":"2021-08-14T11:08:00","guid":{"rendered":"https:\/\/radiosolaris.com.br\/beta\/?p=59224"},"modified":"2021-08-14T10:18:01","modified_gmt":"2021-08-14T13:18:01","slug":"morre-o-bispo-florense-dom-osorio-bebber","status":"publish","type":"post","link":"https:\/\/radiosolaris.com.br\/beta\/morre-o-bispo-florense-dom-osorio-bebber\/","title":{"rendered":"Morre o bispo florense dom Os\u00f3rio Bebber"},"content":{"rendered":"\n<h4 id=\"ele-tinha-92-anos-e-sera-sepultado-na-capela-sao-paulo-neste-sabado-14\" class=\"wp-block-heading\">Ele tinha 92 anos e ser\u00e1 sepultado na Capela S\u00e3o Paulo, neste s\u00e1bado (14)<\/h4>\n\n\n\n<p>Faleceu na noite desta sexta-feira (13), em Caxias do Sul, o bispo dom frei Os\u00f3rio Bebber. Natural de Flores da Cunha, dom Os\u00f3rio tinha 92 anos e foi ordenado bispo em 1979, a pedido do papa Jo\u00e3o Paulo II. Comandou as dioceses de Tubar\u00e3o e Joa\u00e7aba, ambas em Santa Catarina e tamb\u00e9m de Coxim, no Mato Grosso.<\/p>\n\n\n\n<p>Dono de uma voz firme e cativante, dom Os\u00f3rio, que atualmente fazia parte da fraternidade Nossa Senhora de F\u00e1tima, em Vacaria, celebrou em fevereiro do ano passado, 65 anos de ordena\u00e7\u00e3o sacerdotal. Al\u00e9m disso, o bispo florense completou 72 anos de vida religiosa em janeiro. Desde abril de 2003 \u00e9 bispo em\u00e9rito de Joa\u00e7aba.<\/p>\n\n\n\n<p>Batizado como Claudino Bebber, acolheu a voca\u00e7\u00e3o religiosa e sacerdotal ainda na adolesc\u00eancia. Ingressou aos 12 anos na Prov\u00edncia dos Capuchinhos no Rio Grande do Sul e adotou o nome que ficou para sempre: frei Os\u00f3rio. Era filho de Ant\u00f4nio Bebber Filho e Catharina Trentin Bebber (ambos falecidos) e foi criado junto dos irm\u00e3os na Capela S\u00e3o Paulo. \u00a0<\/p>\n\n\n\n<p>De acordo com os confrades capuchinhos, dom Os\u00f3rio morreu por consequ\u00eancias do p\u00f3s-operat\u00f3rio em uma cirurgia. Os m\u00e9dicos que cuidavam de sua sa\u00fade informaram que ele sofreu um choque cardiog\u00eanico e insufici\u00eancia card\u00edaca. O bispo faleceu por volta das 23h de sexta, no Hospital da Unimed.<\/p>\n\n\n\n<p>As cerim\u00f4nias de despedida ocorrem neste s\u00e1bado (14), das 7h30min \u00e0s 11h, na Igreja Imaculada Concei\u00e7\u00e3o (Igreja dos Capuchinhos), em Caxias. A partir das 12h, continua\u00e7\u00e3o do vel\u00f3rio na Igreja Matriz de Flores da Cunha, onde \u00e0s 16h, ser\u00e1 celebrada a missa de corpo presente. Logo ap\u00f3s, o corpo de dom Os\u00f3rio ser\u00e1 sepultado no jazigo da fam\u00edlia, no Cemit\u00e9rio da Capela S\u00e3o Paulo.<br><\/p>\n\n\n\n<p><strong>Comunicado do Falecimento de Dom Os\u00f3rio Bebber da Prov\u00edncia dos Capuchinhos<br><\/strong>\u201cA Prov\u00edncia Sagrado Cora\u00e7\u00e3o de Jesus dos Freis Capuchinhos do RGS e a Fam\u00edlia Bebber comunicam o falecimento do Bispo Em\u00e9rito Dom Frei Os\u00f3rio Bebber. \u00c0s 16 horas, ser\u00e1 celebrada a Santa Missa, em Flores da Cunha, e em seguida, o sepultamento no cemit\u00e9rio da Comunidade S\u00e3o Paulo. Dai-lhe, Senhor, o descanso eterno e a luz perp\u00e9tua o ilumine, descanse em paz. Am\u00e9m\u201d.<\/p>\n\n\n\n<figure class=\"wp-block-gallery columns-3 is-cropped wp-block-gallery-1 is-layout-flex wp-block-gallery-is-layout-flex\"><ul class=\"blocks-gallery-grid\"><li class=\"blocks-gallery-item\"><figure><a href=\"https:\/\/radiosolaris.com.br\/beta\/wp-content\/uploads\/2021\/08\/Dom-Osorio-Bebber-1.jpeg\"><img  loading=\"lazy\"  decoding=\"async\"  width=\"731\"  height=\"1024\"  src=\"data:image\/png;base64,iVBORw0KGgoAAAANSUhEUgAAAAEAAAABAQMAAAAl21bKAAAAA1BMVEUAAP+KeNJXAAAAAXRSTlMAQObYZgAAAAlwSFlzAAAOxAAADsQBlSsOGwAAAApJREFUCNdjYAAAAAIAAeIhvDMAAAAASUVORK5CYII=\"  alt=\"\"  data-id=\"59226\"  data-full-url=\"https:\/\/radiosolaris.com.br\/beta\/wp-content\/uploads\/2021\/08\/Dom-Osorio-Bebber-1.jpeg\"  data-link=\"https:\/\/radiosolaris.com.br\/beta\/?attachment_id=59226\"  class=\"wp-image-59226 pk-lazyload\"  data-pk-sizes=\"auto\"  data-ls-sizes=\"auto, (max-width: 731px) 100vw, 731px\"  data-pk-src=\"https:\/\/radiosolaris.com.br\/beta\/wp-content\/uploads\/2021\/08\/Dom-Osorio-Bebber-1-731x1024.jpeg\"  data-pk-srcset=\"https:\/\/radiosolaris.com.br\/beta\/wp-content\/uploads\/2021\/08\/Dom-Osorio-Bebber-1-731x1024.jpeg 731w, https:\/\/radiosolaris.com.br\/beta\/wp-content\/uploads\/2021\/08\/Dom-Osorio-Bebber-1-800x1120.jpeg 800w, https:\/\/radiosolaris.com.br\/beta\/wp-content\/uploads\/2021\/08\/Dom-Osorio-Bebber-1-768x1076.jpeg 768w, https:\/\/radiosolaris.com.br\/beta\/wp-content\/uploads\/2021\/08\/Dom-Osorio-Bebber-1.jpeg 914w\" ><\/a><\/figure><\/li><li class=\"blocks-gallery-item\"><figure><a href=\"https:\/\/radiosolaris.com.br\/beta\/wp-content\/uploads\/2021\/08\/Dom-Osorio-Bebber-3.jpeg\"><img  decoding=\"async\"  src=\"data:image\/png;base64,iVBORw0KGgoAAAANSUhEUgAAAAEAAAABAQMAAAAl21bKAAAAA1BMVEUAAP+KeNJXAAAAAXRSTlMAQObYZgAAAAlwSFlzAAAOxAAADsQBlSsOGwAAAApJREFUCNdjYAAAAAIAAeIhvDMAAAAASUVORK5CYII=\"  alt=\"\"  data-id=\"59227\"  data-full-url=\"https:\/\/radiosolaris.com.br\/beta\/wp-content\/uploads\/2021\/08\/Dom-Osorio-Bebber-3.jpeg\"  data-link=\"https:\/\/radiosolaris.com.br\/beta\/?attachment_id=59227\"  class=\"wp-image-59227 pk-lazyload\"  data-pk-sizes=\"auto\"  data-pk-src=\"https:\/\/radiosolaris.com.br\/beta\/wp-content\/uploads\/2021\/08\/Dom-Osorio-Bebber-3-731x1024.jpeg\" ><\/a><\/figure><\/li><li class=\"blocks-gallery-item\"><figure><a href=\"https:\/\/radiosolaris.com.br\/beta\/wp-content\/uploads\/2021\/08\/Dom-Osorio-Bebber-2.jpeg\"><img  loading=\"lazy\"  decoding=\"async\"  width=\"914\"  height=\"754\"  src=\"data:image\/png;base64,iVBORw0KGgoAAAANSUhEUgAAAAEAAAABAQMAAAAl21bKAAAAA1BMVEUAAP+KeNJXAAAAAXRSTlMAQObYZgAAAAlwSFlzAAAOxAAADsQBlSsOGwAAAApJREFUCNdjYAAAAAIAAeIhvDMAAAAASUVORK5CYII=\"  alt=\"\"  data-id=\"59225\"  data-full-url=\"https:\/\/radiosolaris.com.br\/beta\/wp-content\/uploads\/2021\/08\/Dom-Osorio-Bebber-2.jpeg\"  data-link=\"https:\/\/radiosolaris.com.br\/beta\/?attachment_id=59225\"  class=\"wp-image-59225 pk-lazyload\"  data-pk-sizes=\"auto\"  data-ls-sizes=\"auto, (max-width: 914px) 100vw, 914px\"  data-pk-src=\"https:\/\/radiosolaris.com.br\/beta\/wp-content\/uploads\/2021\/08\/Dom-Osorio-Bebber-2.jpeg\"  data-pk-srcset=\"https:\/\/radiosolaris.com.br\/beta\/wp-content\/uploads\/2021\/08\/Dom-Osorio-Bebber-2.jpeg 914w, https:\/\/radiosolaris.com.br\/beta\/wp-content\/uploads\/2021\/08\/Dom-Osorio-Bebber-2-800x660.jpeg 800w\" ><\/a><\/figure><\/li><\/ul><figcaption class=\"blocks-gallery-caption\">Fotos: Luizinho Bebber\/ Divulga\u00e7\u00e3o<\/figcaption><\/figure>\n","protected":false},"excerpt":{"rendered":"<p>Ele tinha 92 anos e ser\u00e1 sepultado na Capela S\u00e3o Paulo, neste s\u00e1bado (14) Faleceu na noite desta sexta-feira (13), em Caxias do Sul, o bispo dom frei Os\u00f3rio Bebber.&hellip;<\/p>\n","protected":false},"author":13,"featured_media":59225,"comment_status":"closed","ping_status":"closed","sticky":false,"template":"","format":"standard","meta":{"_lmt_disableupdate":"","_lmt_disable":"","footnotes":""},"categories":[83],"tags":[7405,148,7954,7955,1485,114,4155,7952,2295,7956,3294,1424,283,7953],"powerkit_post_featured":[],"class_list":{"0":"post-59224","1":"post","2":"type-post","3":"status-publish","4":"format-standard","5":"has-post-thumbnail","7":"category-serra-gaucha","8":"tag-capela-sao-paulo","9":"tag-caxias-do-sul","10":"tag-coxim","11":"tag-dom-osorio-bebber","12":"tag-falecimento","13":"tag-flores-da-cunha","14":"tag-igreja-catolica","15":"tag-joacaba","16":"tag-missa","17":"tag-missa-de-corpo-presente","18":"tag-obituario","19":"tag-santa-catarina","20":"tag-serra-gaucha","21":"tag-tubarao"},"modified_by":"Filipe Brogliatto","_links":{"self":[{"href":"https:\/\/radiosolaris.com.br\/beta\/wp-json\/wp\/v2\/posts\/59224","targetHints":{"allow":["GET"]}}],"collection":[{"href":"https:\/\/radiosolaris.com.br\/beta\/wp-json\/wp\/v2\/posts"}],"about":[{"href":"https:\/\/radiosolaris.com.br\/beta\/wp-json\/wp\/v2\/types\/post"}],"author":[{"embeddable":true,"href":"https:\/\/radiosolaris.com.br\/beta\/wp-json\/wp\/v2\/users\/13"}],"replies":[{"embeddable":true,"href":"https:\/\/radiosolaris.com.br\/beta\/wp-json\/wp\/v2\/comments?post=59224"}],"version-history":[{"count":0,"href":"https:\/\/radiosolaris.com.br\/beta\/wp-json\/wp\/v2\/posts\/59224\/revisions"}],"wp:featuredmedia":[{"embeddable":true,"href":"https:\/\/radiosolaris.com.br\/beta\/wp-json\/wp\/v2\/media\/59225"}],"wp:attachment":[{"href":"https:\/\/radiosolaris.com.br\/beta\/wp-json\/wp\/v2\/media?parent=59224"}],"wp:term":[{"taxonomy":"category","embeddable":true,"href":"https:\/\/radiosolaris.com.br\/beta\/wp-json\/wp\/v2\/categories?post=59224"},{"taxonomy":"post_tag","embeddable":true,"href":"https:\/\/radiosolaris.com.br\/beta\/wp-json\/wp\/v2\/tags?post=59224"},{"taxonomy":"powerkit_post_featured","embeddable":true,"href":"https:\/\/radiosolaris.com.br\/beta\/wp-json\/wp\/v2\/powerkit_post_featured?post=59224"}],"curies":[{"name":"wp","href":"https:\/\/api.w.org\/{rel}","templated":true}]}}