{"id":59198,"date":"2021-08-13T14:25:33","date_gmt":"2021-08-13T17:25:33","guid":{"rendered":"https:\/\/radiosolaris.com.br\/beta\/?p=59198"},"modified":"2021-08-13T14:27:03","modified_gmt":"2021-08-13T17:27:03","slug":"flores-da-cunha-recebe-imagem-missionaria-de-nossa-senhora-aparecida","status":"publish","type":"post","link":"https:\/\/radiosolaris.com.br\/beta\/flores-da-cunha-recebe-imagem-missionaria-de-nossa-senhora-aparecida\/","title":{"rendered":"Flores da Cunha recebe imagem mission\u00e1ria de Nossa Senhora Aparecida"},"content":{"rendered":"\n<h4 id=\"santa-conhecida-como-padroeira-do-brasil-sera-recebida-na-cidade-neste-sabado-14\" class=\"wp-block-heading\">Santa conhecida como \u2018Padroeira do Brasil\u2019 ser\u00e1 recebida na cidade neste s\u00e1bado (14)<\/h4>\n\n\n\n<p>Deve chegar neste s\u00e1bado (14) em Flores da Cunha, a imagem mission\u00e1ria de Nossa Senhora Aparecida. A entrega da capelinha e da imagem ocorreu durante uma missa na manh\u00e3 de quinta-feira (12), no altar principal da Bas\u00edlica de Nossa Senhora, em Aparecida (SP).<\/p>\n\n\n\n<p>A cidade foi uma das seis contempladas no projeto \u2018Aparecida pelo Brasil\u2019, do Santu\u00e1rio Nacional, que envia capelinhas para todo o pa\u00eds no dia 12 de cada m\u00eas. Os objetos de devo\u00e7\u00e3o foram entregues ao devoto J\u00e1sser Panizzon.<\/p>\n\n\n\n<p>A santa ser\u00e1 recebida neste s\u00e1bado no bairro Aparecida, por volta das 18h15min. Uma celebra\u00e7\u00e3o eucar\u00edstica de acolhida da imagem da padroeira do Brasil est\u00e1 marcada para acontecer \u00e0s 19h na igreja da Comunidade.<\/p>\n\n\n\n<p>Outros eventos com a presen\u00e7a da imagem de Nossa Senhora devem ser organizados e divulgados nos pr\u00f3ximos dias.<\/p>\n","protected":false},"excerpt":{"rendered":"<p>Santa conhecida como \u2018Padroeira do Brasil\u2019 ser\u00e1 recebida na cidade neste s\u00e1bado (14) Deve chegar neste s\u00e1bado (14) em Flores da Cunha, a imagem mission\u00e1ria de Nossa Senhora Aparecida. A&hellip;<\/p>\n","protected":false},"author":13,"featured_media":59199,"comment_status":"closed","ping_status":"closed","sticky":false,"template":"","format":"standard","meta":{"_lmt_disableupdate":"","_lmt_disable":"","footnotes":""},"categories":[83],"tags":[3001,7942,114,4155,7943,7944,3761,1623,283],"powerkit_post_featured":[],"class_list":{"0":"post-59198","1":"post","2":"type-post","3":"status-publish","4":"format-standard","5":"has-post-thumbnail","7":"category-serra-gaucha","8":"tag-bairro-aparecida","9":"tag-capela-2","10":"tag-flores-da-cunha","11":"tag-igreja-catolica","12":"tag-imagem-missionaria","13":"tag-imagem-peregrina","14":"tag-nossa-senhora","15":"tag-nossa-senhora-aparecida","16":"tag-serra-gaucha"},"modified_by":"Filipe Brogliatto","_links":{"self":[{"href":"https:\/\/radiosolaris.com.br\/beta\/wp-json\/wp\/v2\/posts\/59198","targetHints":{"allow":["GET"]}}],"collection":[{"href":"https:\/\/radiosolaris.com.br\/beta\/wp-json\/wp\/v2\/posts"}],"about":[{"href":"https:\/\/radiosolaris.com.br\/beta\/wp-json\/wp\/v2\/types\/post"}],"author":[{"embeddable":true,"href":"https:\/\/radiosolaris.com.br\/beta\/wp-json\/wp\/v2\/users\/13"}],"replies":[{"embeddable":true,"href":"https:\/\/radiosolaris.com.br\/beta\/wp-json\/wp\/v2\/comments?post=59198"}],"version-history":[{"count":0,"href":"https:\/\/radiosolaris.com.br\/beta\/wp-json\/wp\/v2\/posts\/59198\/revisions"}],"wp:featuredmedia":[{"embeddable":true,"href":"https:\/\/radiosolaris.com.br\/beta\/wp-json\/wp\/v2\/media\/59199"}],"wp:attachment":[{"href":"https:\/\/radiosolaris.com.br\/beta\/wp-json\/wp\/v2\/media?parent=59198"}],"wp:term":[{"taxonomy":"category","embeddable":true,"href":"https:\/\/radiosolaris.com.br\/beta\/wp-json\/wp\/v2\/categories?post=59198"},{"taxonomy":"post_tag","embeddable":true,"href":"https:\/\/radiosolaris.com.br\/beta\/wp-json\/wp\/v2\/tags?post=59198"},{"taxonomy":"powerkit_post_featured","embeddable":true,"href":"https:\/\/radiosolaris.com.br\/beta\/wp-json\/wp\/v2\/powerkit_post_featured?post=59198"}],"curies":[{"name":"wp","href":"https:\/\/api.w.org\/{rel}","templated":true}]}}