{"id":58790,"date":"2021-08-07T10:37:27","date_gmt":"2021-08-07T13:37:27","guid":{"rendered":"https:\/\/radiosolaris.com.br\/beta\/?p=58790"},"modified":"2021-08-07T17:13:21","modified_gmt":"2021-08-07T20:13:21","slug":"homem-e-encontrado-morto-dentro-de-barraca-em-flores-da-cunha","status":"publish","type":"post","link":"https:\/\/radiosolaris.com.br\/beta\/homem-e-encontrado-morto-dentro-de-barraca-em-flores-da-cunha\/","title":{"rendered":"Homem \u00e9 encontrado morto dentro de barraca, em Flores da Cunha"},"content":{"rendered":"\n<h4 id=\"a-companheira-da-vitima-acordou-nesta-manha-e-notou-que-ele-ja-estava-sem-vida\" class=\"wp-block-heading\">A companheira da v\u00edtima acordou nesta manh\u00e3 e notou que ele j\u00e1 estava sem vida<\/h4>\n\n\n\n<p>Um homem de 34 anos, ainda n\u00e3o identificado, foi encontrado morto por volta das 8h30min deste s\u00e1bado (7), em Flores da Cunha. De acordo com a Brigada Militar (BM), a ocorr\u00eancia foi registrada na rua Garibaldi, no centro da cidade. Ao chegar no local, a guarni\u00e7\u00e3o encontrou o corpo dentro de uma barraca, localizada em via p\u00fablica.<\/p>\n\n\n\n<p>A companheira da v\u00edtima relatou \u00e0 pol\u00edcia ter acordado de manh\u00e3 e constatado que o homem j\u00e1 estava sem vida. Ela informou que ele possu\u00eda hepatite e cirrose e que, na \u00faltima semana, notou que ele estava apresentando sinais de fraqueza.<\/p>\n\n\n\n<p>O Servi\u00e7o de Atendimento M\u00f3vel de Urg\u00eancia (Samu) foi acionado e constatou o \u00f3bito no local. A Pol\u00edcia Civil compareceu para registrar o caso e o Departamento M\u00e9dico Legal (DML), efetuou a retirada do corpo durante a manh\u00e3. \u00a0<\/p>\n\n\n\n<figure class=\"wp-block-gallery columns-1 is-cropped wp-block-gallery-1 is-layout-flex wp-block-gallery-is-layout-flex\"><ul class=\"blocks-gallery-grid\"><li class=\"blocks-gallery-item\"><figure><img  decoding=\"async\"  src=\"data:image\/png;base64,iVBORw0KGgoAAAANSUhEUgAAAAEAAAABAQMAAAAl21bKAAAAA1BMVEUAAP+KeNJXAAAAAXRSTlMAQObYZgAAAAlwSFlzAAAOxAAADsQBlSsOGwAAAApJREFUCNdjYAAAAAIAAeIhvDMAAAAASUVORK5CYII=\"  alt=\"\"  data-id=\"58796\"  data-full-url=\"https:\/\/radiosolaris.com.br\/beta\/wp-content\/uploads\/2021\/08\/Homem-e-encontrado-morto-dentro-de-barraca-em-Flores-da-Cunha.jpeg\"  data-link=\"https:\/\/radiosolaris.com.br\/beta\/homem-e-encontrado-morto-dentro-de-barraca-em-flores-da-cunha\/homem-e-encontrado-morto-dentro-de-barraca-em-flores-da-cunha-2\/\"  class=\"wp-image-58796 pk-lazyload\"  data-pk-sizes=\"auto\"  data-pk-src=\"https:\/\/radiosolaris.com.br\/beta\/wp-content\/uploads\/2021\/08\/Homem-e-encontrado-morto-dentro-de-barraca-em-Flores-da-Cunha-1024x768.jpeg\" ><figcaption class=\"blocks-gallery-item__caption\">Foto: Divulga\u00e7\u00e3o\/ Redes Sociais<\/figcaption><\/figure><\/li><\/ul><\/figure>\n","protected":false},"excerpt":{"rendered":"<p>A companheira da v\u00edtima acordou nesta manh\u00e3 e notou que ele j\u00e1 estava sem vida Um homem de 34 anos, ainda n\u00e3o identificado, foi encontrado morto por volta das 8h30min&hellip;<\/p>\n","protected":false},"author":13,"featured_media":58796,"comment_status":"closed","ping_status":"closed","sticky":false,"template":"","format":"standard","meta":{"_lmt_disableupdate":"","_lmt_disable":"","footnotes":""},"categories":[83],"tags":[2134,7882,247,7883,114,2955,540,3040,283],"powerkit_post_featured":[],"class_list":{"0":"post-58790","1":"post","2":"type-post","3":"status-publish","4":"format-standard","5":"has-post-thumbnail","7":"category-serra-gaucha","8":"tag-bairro-sao-jose","9":"tag-barraca","10":"tag-brigada-militar","11":"tag-encontro-de-corpo","12":"tag-flores-da-cunha","13":"tag-morto","14":"tag-obito","15":"tag-ocorrencia","16":"tag-serra-gaucha"},"modified_by":"Filipe Brogliatto","_links":{"self":[{"href":"https:\/\/radiosolaris.com.br\/beta\/wp-json\/wp\/v2\/posts\/58790","targetHints":{"allow":["GET"]}}],"collection":[{"href":"https:\/\/radiosolaris.com.br\/beta\/wp-json\/wp\/v2\/posts"}],"about":[{"href":"https:\/\/radiosolaris.com.br\/beta\/wp-json\/wp\/v2\/types\/post"}],"author":[{"embeddable":true,"href":"https:\/\/radiosolaris.com.br\/beta\/wp-json\/wp\/v2\/users\/13"}],"replies":[{"embeddable":true,"href":"https:\/\/radiosolaris.com.br\/beta\/wp-json\/wp\/v2\/comments?post=58790"}],"version-history":[{"count":0,"href":"https:\/\/radiosolaris.com.br\/beta\/wp-json\/wp\/v2\/posts\/58790\/revisions"}],"wp:featuredmedia":[{"embeddable":true,"href":"https:\/\/radiosolaris.com.br\/beta\/wp-json\/wp\/v2\/media\/58796"}],"wp:attachment":[{"href":"https:\/\/radiosolaris.com.br\/beta\/wp-json\/wp\/v2\/media?parent=58790"}],"wp:term":[{"taxonomy":"category","embeddable":true,"href":"https:\/\/radiosolaris.com.br\/beta\/wp-json\/wp\/v2\/categories?post=58790"},{"taxonomy":"post_tag","embeddable":true,"href":"https:\/\/radiosolaris.com.br\/beta\/wp-json\/wp\/v2\/tags?post=58790"},{"taxonomy":"powerkit_post_featured","embeddable":true,"href":"https:\/\/radiosolaris.com.br\/beta\/wp-json\/wp\/v2\/powerkit_post_featured?post=58790"}],"curies":[{"name":"wp","href":"https:\/\/api.w.org\/{rel}","templated":true}]}}