{"id":58525,"date":"2021-08-03T11:40:55","date_gmt":"2021-08-03T14:40:55","guid":{"rendered":"https:\/\/radiosolaris.com.br\/beta\/?p=58525"},"modified":"2021-08-03T11:41:14","modified_gmt":"2021-08-03T14:41:14","slug":"carro-colide-em-caminhao-que-transportava-casa-em-carlos-barbosa","status":"publish","type":"post","link":"https:\/\/radiosolaris.com.br\/beta\/carro-colide-em-caminhao-que-transportava-casa-em-carlos-barbosa\/","title":{"rendered":"Carro colide em caminh\u00e3o que transportava casa em Carlos Barbosa"},"content":{"rendered":"\n<h4 id=\"o-fato-ocorreu-na-br-470-e-segundo-a-policia-rodoviaria-federal-motorista-do-caminhao-nao-possuia-habilitacao-para-dirigir-o-veiculo\" class=\"wp-block-heading\">O fato ocorreu na BR-470 e segundo a Pol\u00edcia Rodovi\u00e1ria Federal, motorista do caminh\u00e3o n\u00e3o possu\u00eda habilita\u00e7\u00e3o para dirigir o ve\u00edculo<\/h4>\n\n\n\n<p>Um Ford Focus colidiu na traseira de um caminh\u00e3o Mercedes Benz que transportava uma casa no Km-240 da BR-470, em Carlos Barbosa, por volta das 3h desta ter\u00e7a-feira (3). Segundo a Pol\u00edcia Rodovi\u00e1ria Federal (PRF), o ve\u00edculo estava ocupando duas faixas da rodovia. N\u00e3o houve feridos.<\/p>\n\n\n\n<p>Segundo a PRF, o caminh\u00e3o tem placas de Caxias do Sul e estava extrapolando os limites laterais e de altura estabelecidos pela legisla\u00e7\u00e3o. O condutor n\u00e3o tinha autoriza\u00e7\u00e3o nem sinaliza\u00e7\u00e3o adequada e estava com o licenciamento do ve\u00edculo vencido.<\/p>\n\n\n\n<p>Conforme a PRF, o motorista n\u00e3o possu\u00eda carteira de habilita\u00e7\u00e3o para dirigir o caminh\u00e3o. Ele foi autuado pelas diversas infra\u00e7\u00f5es cometidas e teve o ve\u00edculo retido at\u00e9 a chegada de um condutor habilitado.<\/p>\n\n\n\n<p>O limite de altura para trafegar na rodovia \u00e9 de 4,4 m. J\u00e1 a largura e comprimento deve ser igual ao compartimento de carga do ve\u00edculo. Caso a carca exceda os limites, \u00e9 necess\u00e1rio ter Autoriza\u00e7\u00e3o Especial de Tr\u00e2nsito (AET) expedida pelo Departamento Nacional de Infraestrutura de Transportes (DNIT).<\/p>\n\n\n\n<figure class=\"wp-block-gallery columns-1 is-cropped wp-block-gallery-1 is-layout-flex wp-block-gallery-is-layout-flex\"><ul class=\"blocks-gallery-grid\"><li class=\"blocks-gallery-item\"><figure><a href=\"https:\/\/radiosolaris.com.br\/beta\/wp-content\/uploads\/2021\/08\/caminhao-carregando-casa-2.jpeg\"><img  loading=\"lazy\"  decoding=\"async\"  width=\"1024\"  height=\"574\"  src=\"data:image\/png;base64,iVBORw0KGgoAAAANSUhEUgAAAAEAAAABAQMAAAAl21bKAAAAA1BMVEUAAP+KeNJXAAAAAXRSTlMAQObYZgAAAAlwSFlzAAAOxAAADsQBlSsOGwAAAApJREFUCNdjYAAAAAIAAeIhvDMAAAAASUVORK5CYII=\"  alt=\"\"  data-id=\"58529\"  data-full-url=\"https:\/\/radiosolaris.com.br\/beta\/wp-content\/uploads\/2021\/08\/caminhao-carregando-casa-2.jpeg\"  data-link=\"https:\/\/radiosolaris.com.br\/beta\/?attachment_id=58529\"  class=\"wp-image-58529 pk-lazyload\"  data-pk-sizes=\"auto\"  data-ls-sizes=\"auto, (max-width: 1024px) 100vw, 1024px\"  data-pk-src=\"https:\/\/radiosolaris.com.br\/beta\/wp-content\/uploads\/2021\/08\/caminhao-carregando-casa-2.jpeg\"  data-pk-srcset=\"https:\/\/radiosolaris.com.br\/beta\/wp-content\/uploads\/2021\/08\/caminhao-carregando-casa-2.jpeg 1024w, https:\/\/radiosolaris.com.br\/beta\/wp-content\/uploads\/2021\/08\/caminhao-carregando-casa-2-800x448.jpeg 800w\" ><\/a><\/figure><\/li><li class=\"blocks-gallery-item\"><figure><a href=\"https:\/\/radiosolaris.com.br\/beta\/wp-content\/uploads\/2021\/08\/caminhao-carregando-casa-1.jpeg\"><img  decoding=\"async\"  src=\"data:image\/png;base64,iVBORw0KGgoAAAANSUhEUgAAAAEAAAABAQMAAAAl21bKAAAAA1BMVEUAAP+KeNJXAAAAAXRSTlMAQObYZgAAAAlwSFlzAAAOxAAADsQBlSsOGwAAAApJREFUCNdjYAAAAAIAAeIhvDMAAAAASUVORK5CYII=\"  alt=\"\"  data-id=\"58528\"  data-full-url=\"https:\/\/radiosolaris.com.br\/beta\/wp-content\/uploads\/2021\/08\/caminhao-carregando-casa-1.jpeg\"  data-link=\"https:\/\/radiosolaris.com.br\/beta\/?attachment_id=58528\"  class=\"wp-image-58528 pk-lazyload\"  data-pk-sizes=\"auto\"  data-pk-src=\"https:\/\/radiosolaris.com.br\/beta\/wp-content\/uploads\/2021\/08\/caminhao-carregando-casa-1-1024x576.jpeg\" ><\/a><\/figure><\/li><\/ul><figcaption class=\"blocks-gallery-caption\">Fotos: Pol\u00edcia Rodovi\u00e1ria Federal<\/figcaption><\/figure>\n","protected":false},"excerpt":{"rendered":"<p>O fato ocorreu na BR-470 e segundo a Pol\u00edcia Rodovi\u00e1ria Federal, motorista do caminh\u00e3o n\u00e3o possu\u00eda habilita\u00e7\u00e3o para dirigir o ve\u00edculo Um Ford Focus colidiu na traseira de um caminh\u00e3o&hellip;<\/p>\n","protected":false},"author":16,"featured_media":58527,"comment_status":"closed","ping_status":"closed","sticky":false,"template":"","format":"standard","meta":{"_lmt_disableupdate":"","_lmt_disable":"","footnotes":""},"categories":[83],"tags":[6552,1961,638,7852,4208,992,283],"powerkit_post_featured":[],"class_list":{"0":"post-58525","1":"post","2":"type-post","3":"status-publish","4":"format-standard","5":"has-post-thumbnail","7":"category-serra-gaucha","8":"tag-acidente-de-transito","9":"tag-br-470","10":"tag-carlos-barbosa","11":"tag-colisao-entre-carro-e-caminhao","12":"tag-policia-rodoviaria-federal-2","13":"tag-serra","14":"tag-serra-gaucha"},"modified_by":"Bruna Picinini","_links":{"self":[{"href":"https:\/\/radiosolaris.com.br\/beta\/wp-json\/wp\/v2\/posts\/58525","targetHints":{"allow":["GET"]}}],"collection":[{"href":"https:\/\/radiosolaris.com.br\/beta\/wp-json\/wp\/v2\/posts"}],"about":[{"href":"https:\/\/radiosolaris.com.br\/beta\/wp-json\/wp\/v2\/types\/post"}],"author":[{"embeddable":true,"href":"https:\/\/radiosolaris.com.br\/beta\/wp-json\/wp\/v2\/users\/16"}],"replies":[{"embeddable":true,"href":"https:\/\/radiosolaris.com.br\/beta\/wp-json\/wp\/v2\/comments?post=58525"}],"version-history":[{"count":0,"href":"https:\/\/radiosolaris.com.br\/beta\/wp-json\/wp\/v2\/posts\/58525\/revisions"}],"wp:featuredmedia":[{"embeddable":true,"href":"https:\/\/radiosolaris.com.br\/beta\/wp-json\/wp\/v2\/media\/58527"}],"wp:attachment":[{"href":"https:\/\/radiosolaris.com.br\/beta\/wp-json\/wp\/v2\/media?parent=58525"}],"wp:term":[{"taxonomy":"category","embeddable":true,"href":"https:\/\/radiosolaris.com.br\/beta\/wp-json\/wp\/v2\/categories?post=58525"},{"taxonomy":"post_tag","embeddable":true,"href":"https:\/\/radiosolaris.com.br\/beta\/wp-json\/wp\/v2\/tags?post=58525"},{"taxonomy":"powerkit_post_featured","embeddable":true,"href":"https:\/\/radiosolaris.com.br\/beta\/wp-json\/wp\/v2\/powerkit_post_featured?post=58525"}],"curies":[{"name":"wp","href":"https:\/\/api.w.org\/{rel}","templated":true}]}}