{"id":58246,"date":"2021-07-29T10:59:08","date_gmt":"2021-07-29T13:59:08","guid":{"rendered":"https:\/\/radiosolaris.com.br\/beta\/?p=58246"},"modified":"2021-07-29T10:59:12","modified_gmt":"2021-07-29T13:59:12","slug":"pista-congelada-deixa-transito-bloqueado-na-rota-do-sol-em-sao-francisco-de-paula","status":"publish","type":"post","link":"https:\/\/radiosolaris.com.br\/beta\/pista-congelada-deixa-transito-bloqueado-na-rota-do-sol-em-sao-francisco-de-paula\/","title":{"rendered":"Pista congelada deixa tr\u00e2nsito bloqueado na Rota do Sol, em S\u00e3o Francisco de Paula"},"content":{"rendered":"\n<h4 id=\"neve-que-caiu-na-tarde-e-noite-desta-quarta-feira-28-deixou-a-rodovia-escorregadia-e-ha-risco-de-acidentes\" class=\"wp-block-heading\">Neve que caiu na tarde e noite desta quarta-feira (28) deixou a rodovia escorregadia e h\u00e1 risco de acidentes<\/h4>\n\n\n\n<p>O tr\u00e2nsito foi bloqueado por volta de 6h30 da manh\u00e3, desta quinta-feira (29), na RS-453, a Rota do Sol, na altura do km 225 at\u00e9 o km 232, entre Tainhas, localidade de S\u00e3o Francisco de Paula e Caxias do Sul, por causa da pista escorregadia. A\u00a0neve que caiu na tarde e noite desta quarta-feira(29) deixou a rodovia congelada e h\u00e1 risco de acidentes.<\/p>\n\n\n\n<p>Uma equipe do Grupo Rodovi\u00e1rio de Gramado est\u00e1 no local para espalhar sal na pista na tentativa de derreter o gelo. Pelo menos quatro sa\u00eddas de pista foram registradas nesta madrugada no trecho da Rota do Sol em S\u00e3o Francisco de Paula.\u00a0<\/p>\n\n\n\n<p>Ainda n\u00e3o h\u00e1 previs\u00e3o para libera\u00e7\u00e3o do tr\u00e2nsito.\u00a0<\/p>\n\n\n\n<p>Fonte: Pioneiro<\/p>\n\n\n\n<p>cr\u00e9dito da foto: CRBM<\/p>\n","protected":false},"excerpt":{"rendered":"<p>Neve que caiu na tarde e noite desta quarta-feira (28) deixou a rodovia escorregadia e h\u00e1 risco de acidentes O tr\u00e2nsito foi bloqueado por volta de 6h30 da manh\u00e3, desta&hellip;<\/p>\n","protected":false},"author":1,"featured_media":58247,"comment_status":"closed","ping_status":"closed","sticky":false,"template":"","format":"standard","meta":{"_lmt_disableupdate":"","_lmt_disable":"","footnotes":""},"categories":[1,83],"tags":[1227,1226],"powerkit_post_featured":[],"class_list":{"0":"post-58246","1":"post","2":"type-post","3":"status-publish","4":"format-standard","5":"has-post-thumbnail","7":"category-geral","8":"category-serra-gaucha","9":"tag-rota-do-sol","10":"tag-sao-francisco-de-paula"},"modified_by":null,"_links":{"self":[{"href":"https:\/\/radiosolaris.com.br\/beta\/wp-json\/wp\/v2\/posts\/58246","targetHints":{"allow":["GET"]}}],"collection":[{"href":"https:\/\/radiosolaris.com.br\/beta\/wp-json\/wp\/v2\/posts"}],"about":[{"href":"https:\/\/radiosolaris.com.br\/beta\/wp-json\/wp\/v2\/types\/post"}],"author":[{"embeddable":true,"href":"https:\/\/radiosolaris.com.br\/beta\/wp-json\/wp\/v2\/users\/1"}],"replies":[{"embeddable":true,"href":"https:\/\/radiosolaris.com.br\/beta\/wp-json\/wp\/v2\/comments?post=58246"}],"version-history":[{"count":0,"href":"https:\/\/radiosolaris.com.br\/beta\/wp-json\/wp\/v2\/posts\/58246\/revisions"}],"wp:featuredmedia":[{"embeddable":true,"href":"https:\/\/radiosolaris.com.br\/beta\/wp-json\/wp\/v2\/media\/58247"}],"wp:attachment":[{"href":"https:\/\/radiosolaris.com.br\/beta\/wp-json\/wp\/v2\/media?parent=58246"}],"wp:term":[{"taxonomy":"category","embeddable":true,"href":"https:\/\/radiosolaris.com.br\/beta\/wp-json\/wp\/v2\/categories?post=58246"},{"taxonomy":"post_tag","embeddable":true,"href":"https:\/\/radiosolaris.com.br\/beta\/wp-json\/wp\/v2\/tags?post=58246"},{"taxonomy":"powerkit_post_featured","embeddable":true,"href":"https:\/\/radiosolaris.com.br\/beta\/wp-json\/wp\/v2\/powerkit_post_featured?post=58246"}],"curies":[{"name":"wp","href":"https:\/\/api.w.org\/{rel}","templated":true}]}}