{"id":57417,"date":"2021-07-17T15:35:26","date_gmt":"2021-07-17T18:35:26","guid":{"rendered":"https:\/\/radiosolaris.com.br\/beta\/?p=57417"},"modified":"2021-07-19T08:30:02","modified_gmt":"2021-07-19T11:30:02","slug":"homem-e-preso-por-embriaguez-ao-volante-apos-capotar-carro-em-flores-da-cunha","status":"publish","type":"post","link":"https:\/\/radiosolaris.com.br\/beta\/homem-e-preso-por-embriaguez-ao-volante-apos-capotar-carro-em-flores-da-cunha\/","title":{"rendered":"Homem \u00e9 preso por embriaguez ao volante ap\u00f3s capotar carro em Flores da Cunha"},"content":{"rendered":"\n<h4 id=\"segundo-a-brigada-militar-o-condutor-perdeu-o-controle-do-veiculo-e-foi-parar-em-um-matagal\" class=\"wp-block-heading\">Segundo a Brigada Militar, o condutor perdeu o controle do ve\u00edculo e foi parar em um matagal<\/h4>\n\n\n\n<p>Um homem foi preso por embriaguez ao volante depois de capotar o ve\u00edculo em que conduzia. O fato ocorreu na manh\u00e3 deste s\u00e1bado (17), no Loteamento Sonda, em Flores da Cunha. Segundo a Brigada Militar (BM), o condutor do ve\u00edculo Chevrolet Corsa perdeu o controle do carro e foi parar em um matagal.<\/p>\n\n\n\n<p>Segundo Boletim de Ocorr\u00eancia (BO), no autom\u00f3vel, al\u00e9m do motorista, haviam mais duas mulheres de 21 e 25 anos. O condutor e as duas v\u00edtimas foram encaminhados ao Hospital F\u00e1tima por uma unidade do Servi\u00e7o de Atendimento M\u00f3vel de Urg\u00eancia (Samu) para receber atendimento.<\/p>\n\n\n\n<p>Depois de ser liberado, o condutor de 22 anos foi encaminhado \u00e0 Delegacia de Pol\u00edcia de Pronto Atendimento (DPPA) de Caxias do Sul para registro do flagrante por embriaguez ao volante. Posteriormente, o homem foi encaminhado \u00e0 Penitenci\u00e1ria Estadual do Apanhador, visto que o crime que cometeu \u00e9 inafian\u00e7\u00e1vel, segundo a BM.<\/p>\n\n\n\n<figure class=\"wp-block-gallery columns-1 is-cropped wp-block-gallery-1 is-layout-flex wp-block-gallery-is-layout-flex\"><ul class=\"blocks-gallery-grid\"><li class=\"blocks-gallery-item\"><figure><a href=\"https:\/\/radiosolaris.com.br\/beta\/wp-content\/uploads\/2021\/07\/Capotamento-em-Flores-da-Cunha-1.jpeg\"><img  loading=\"lazy\"  decoding=\"async\"  width=\"899\"  height=\"603\"  src=\"data:image\/png;base64,iVBORw0KGgoAAAANSUhEUgAAAAEAAAABAQMAAAAl21bKAAAAA1BMVEUAAP+KeNJXAAAAAXRSTlMAQObYZgAAAAlwSFlzAAAOxAAADsQBlSsOGwAAAApJREFUCNdjYAAAAAIAAeIhvDMAAAAASUVORK5CYII=\"  alt=\"\"  data-id=\"57419\"  data-full-url=\"https:\/\/radiosolaris.com.br\/beta\/wp-content\/uploads\/2021\/07\/Capotamento-em-Flores-da-Cunha-1.jpeg\"  data-link=\"https:\/\/radiosolaris.com.br\/beta\/?attachment_id=57419\"  class=\"wp-image-57419 pk-lazyload\"  data-pk-sizes=\"auto\"  data-ls-sizes=\"auto, (max-width: 899px) 100vw, 899px\"  data-pk-src=\"https:\/\/radiosolaris.com.br\/beta\/wp-content\/uploads\/2021\/07\/Capotamento-em-Flores-da-Cunha-1.jpeg\"  data-pk-srcset=\"https:\/\/radiosolaris.com.br\/beta\/wp-content\/uploads\/2021\/07\/Capotamento-em-Flores-da-Cunha-1.jpeg 899w, https:\/\/radiosolaris.com.br\/beta\/wp-content\/uploads\/2021\/07\/Capotamento-em-Flores-da-Cunha-1-800x537.jpeg 800w\" ><\/a><figcaption class=\"blocks-gallery-item__caption\">Foto: Brigada Militar\/ Divulga\u00e7\u00e3o<\/figcaption><\/figure><\/li><\/ul><\/figure>\n","protected":false},"excerpt":{"rendered":"<p>Segundo a Brigada Militar, o condutor perdeu o controle do ve\u00edculo e foi parar em um matagal Um homem foi preso por embriaguez ao volante depois de capotar o ve\u00edculo&hellip;<\/p>\n","protected":false},"author":13,"featured_media":57418,"comment_status":"closed","ping_status":"closed","sticky":false,"template":"","format":"standard","meta":{"_lmt_disableupdate":"","_lmt_disable":"","footnotes":""},"categories":[83],"tags":[5983,2479,2470,114,7675,505,992,283],"powerkit_post_featured":[],"class_list":{"0":"post-57417","1":"post","2":"type-post","3":"status-publish","4":"format-standard","5":"has-post-thumbnail","7":"category-serra-gaucha","8":"tag-brigada-militar-flores-da-cunha","9":"tag-capotamento","10":"tag-embriaguez-ao-volante","11":"tag-flores-da-cunha","12":"tag-loteamento-sonda","13":"tag-seguranca-publica","14":"tag-serra","15":"tag-serra-gaucha"},"modified_by":"Bruna Picinini","_links":{"self":[{"href":"https:\/\/radiosolaris.com.br\/beta\/wp-json\/wp\/v2\/posts\/57417","targetHints":{"allow":["GET"]}}],"collection":[{"href":"https:\/\/radiosolaris.com.br\/beta\/wp-json\/wp\/v2\/posts"}],"about":[{"href":"https:\/\/radiosolaris.com.br\/beta\/wp-json\/wp\/v2\/types\/post"}],"author":[{"embeddable":true,"href":"https:\/\/radiosolaris.com.br\/beta\/wp-json\/wp\/v2\/users\/13"}],"replies":[{"embeddable":true,"href":"https:\/\/radiosolaris.com.br\/beta\/wp-json\/wp\/v2\/comments?post=57417"}],"version-history":[{"count":0,"href":"https:\/\/radiosolaris.com.br\/beta\/wp-json\/wp\/v2\/posts\/57417\/revisions"}],"wp:featuredmedia":[{"embeddable":true,"href":"https:\/\/radiosolaris.com.br\/beta\/wp-json\/wp\/v2\/media\/57418"}],"wp:attachment":[{"href":"https:\/\/radiosolaris.com.br\/beta\/wp-json\/wp\/v2\/media?parent=57417"}],"wp:term":[{"taxonomy":"category","embeddable":true,"href":"https:\/\/radiosolaris.com.br\/beta\/wp-json\/wp\/v2\/categories?post=57417"},{"taxonomy":"post_tag","embeddable":true,"href":"https:\/\/radiosolaris.com.br\/beta\/wp-json\/wp\/v2\/tags?post=57417"},{"taxonomy":"powerkit_post_featured","embeddable":true,"href":"https:\/\/radiosolaris.com.br\/beta\/wp-json\/wp\/v2\/powerkit_post_featured?post=57417"}],"curies":[{"name":"wp","href":"https:\/\/api.w.org\/{rel}","templated":true}]}}