{"id":57405,"date":"2021-07-16T19:38:01","date_gmt":"2021-07-16T22:38:01","guid":{"rendered":"https:\/\/radiosolaris.com.br\/beta\/?p=57405"},"modified":"2021-07-16T19:39:42","modified_gmt":"2021-07-16T22:39:42","slug":"quatro-veiculos-se-envolvem-em-engavetamento-na-avenida-25-de-julho-em-flores-da-cunha","status":"publish","type":"post","link":"https:\/\/radiosolaris.com.br\/beta\/quatro-veiculos-se-envolvem-em-engavetamento-na-avenida-25-de-julho-em-flores-da-cunha\/","title":{"rendered":"Quatro ve\u00edculos se envolvem em engavetamento na Avenida 25 de Julho, em Flores da Cunha"},"content":{"rendered":"\n<h4 id=\"ocorrencia-foi-registrada-proximo-ao-portico-de-acesso-sul-da-cidade\" class=\"wp-block-heading\">Ocorr\u00eancia foi registrada pr\u00f3ximo ao p\u00f3rtico de acesso sul da cidade<\/h4>\n\n\n\n<p>Quatro ve\u00edculos se envolveram em um engavetamento registrado no prolongamento da Avenida 25 de Julho, em Flores da Cunha. A ocorr\u00eancia entre um caminh\u00e3o, um carro, uma caminhonete e um \u00f4nibus, foi registrada por volta das 18h30min desta sexta-feira (16), pr\u00f3ximo ao p\u00f3rtico de acesso sul, no bairro S\u00e3o Crist\u00f3v\u00e3o.<\/p>\n\n\n\n<p>De acordo com testemunhas, ambos seguiam no sentido Caxias-Flores, quando ao passarem pela r\u00f3tula para entrar na cidade, o motorista do caminh\u00e3o que seguia na frente, teria reduzido a velocidade e parado na pista para desviar de uma carreta bitrem, que estava estacionada por problemas mec\u00e2nicos. Posteriormente, os demais ve\u00edculos colidiram, ocasionando o engavetamento.<\/p>\n\n\n\n<p>Os condutores relataram que o caminhoneiro parou ap\u00f3s o acidente, mas decidiu seguir viagem. O Fiat Cronos de um taxista, uma Ford Ranger e o \u00f4nibus, permanecem no local aguardando a chegada da Brigada Militar (BM), para o registro da ocorr\u00eancia. Na colis\u00e3o, ningu\u00e9m ficou ferido. \u00a0\u00a0\u00a0<\/p>\n\n\n\n<figure class=\"wp-block-gallery columns-1 is-cropped wp-block-gallery-1 is-layout-flex wp-block-gallery-is-layout-flex\"><ul class=\"blocks-gallery-grid\"><li class=\"blocks-gallery-item\"><figure><a href=\"https:\/\/radiosolaris.com.br\/beta\/wp-content\/uploads\/2021\/07\/Quatro-veiculos-se-envolvem-em-engavetamento-na-Avenida-25-de-Julho-em-Flores-da-Cunha-2-1.jpeg\"><img  decoding=\"async\"  src=\"data:image\/png;base64,iVBORw0KGgoAAAANSUhEUgAAAAEAAAABAQMAAAAl21bKAAAAA1BMVEUAAP+KeNJXAAAAAXRSTlMAQObYZgAAAAlwSFlzAAAOxAAADsQBlSsOGwAAAApJREFUCNdjYAAAAAIAAeIhvDMAAAAASUVORK5CYII=\"  alt=\"\"  data-id=\"57410\"  data-full-url=\"https:\/\/radiosolaris.com.br\/beta\/wp-content\/uploads\/2021\/07\/Quatro-veiculos-se-envolvem-em-engavetamento-na-Avenida-25-de-Julho-em-Flores-da-Cunha-2-1.jpeg\"  data-link=\"https:\/\/radiosolaris.com.br\/beta\/quatro-veiculos-se-envolvem-em-engavetamento-na-avenida-25-de-julho-em-flores-da-cunha\/quatro-veiculos-se-envolvem-em-engavetamento-na-avenida-25-de-julho-em-flores-da-cunha-2-1\/\"  class=\"wp-image-57410 pk-lazyload\"  data-pk-sizes=\"auto\"  data-pk-src=\"https:\/\/radiosolaris.com.br\/beta\/wp-content\/uploads\/2021\/07\/Quatro-veiculos-se-envolvem-em-engavetamento-na-Avenida-25-de-Julho-em-Flores-da-Cunha-2-1-1024x576.jpeg\" ><\/a><\/figure><\/li><li class=\"blocks-gallery-item\"><figure><a href=\"https:\/\/radiosolaris.com.br\/beta\/wp-content\/uploads\/2021\/07\/Quatro-veiculos-se-envolvem-em-engavetamento-na-Avenida-25-de-Julho-em-Flores-da-Cunha-1-1.jpeg\"><img  decoding=\"async\"  src=\"data:image\/png;base64,iVBORw0KGgoAAAANSUhEUgAAAAEAAAABAQMAAAAl21bKAAAAA1BMVEUAAP+KeNJXAAAAAXRSTlMAQObYZgAAAAlwSFlzAAAOxAAADsQBlSsOGwAAAApJREFUCNdjYAAAAAIAAeIhvDMAAAAASUVORK5CYII=\"  alt=\"\"  data-id=\"57411\"  data-full-url=\"https:\/\/radiosolaris.com.br\/beta\/wp-content\/uploads\/2021\/07\/Quatro-veiculos-se-envolvem-em-engavetamento-na-Avenida-25-de-Julho-em-Flores-da-Cunha-1-1.jpeg\"  data-link=\"https:\/\/radiosolaris.com.br\/beta\/quatro-veiculos-se-envolvem-em-engavetamento-na-avenida-25-de-julho-em-flores-da-cunha\/quatro-veiculos-se-envolvem-em-engavetamento-na-avenida-25-de-julho-em-flores-da-cunha-1-1\/\"  class=\"wp-image-57411 pk-lazyload\"  data-pk-sizes=\"auto\"  data-pk-src=\"https:\/\/radiosolaris.com.br\/beta\/wp-content\/uploads\/2021\/07\/Quatro-veiculos-se-envolvem-em-engavetamento-na-Avenida-25-de-Julho-em-Flores-da-Cunha-1-1-1024x576.jpeg\" ><\/a><\/figure><\/li><\/ul><figcaption class=\"blocks-gallery-caption\">Fotos: Bruna Picinini\/ Grupo Solaris<\/figcaption><\/figure>\n","protected":false},"excerpt":{"rendered":"<p>Ocorr\u00eancia foi registrada pr\u00f3ximo ao p\u00f3rtico de acesso sul da cidade Quatro ve\u00edculos se envolveram em um engavetamento registrado no prolongamento da Avenida 25 de Julho, em Flores da Cunha.&hellip;<\/p>\n","protected":false},"author":13,"featured_media":57407,"comment_status":"closed","ping_status":"closed","sticky":false,"template":"","format":"standard","meta":{"_lmt_disableupdate":"","_lmt_disable":"","footnotes":""},"categories":[83],"tags":[307,4354,247,4037,114,3040,283,351],"powerkit_post_featured":[],"class_list":{"0":"post-57405","1":"post","2":"type-post","3":"status-publish","4":"format-standard","5":"has-post-thumbnail","7":"category-serra-gaucha","8":"tag-acidente","9":"tag-avenida-25-de-julho","10":"tag-brigada-militar","11":"tag-engavetamento","12":"tag-flores-da-cunha","13":"tag-ocorrencia","14":"tag-serra-gaucha","15":"tag-transito"},"modified_by":"Filipe Brogliatto","_links":{"self":[{"href":"https:\/\/radiosolaris.com.br\/beta\/wp-json\/wp\/v2\/posts\/57405","targetHints":{"allow":["GET"]}}],"collection":[{"href":"https:\/\/radiosolaris.com.br\/beta\/wp-json\/wp\/v2\/posts"}],"about":[{"href":"https:\/\/radiosolaris.com.br\/beta\/wp-json\/wp\/v2\/types\/post"}],"author":[{"embeddable":true,"href":"https:\/\/radiosolaris.com.br\/beta\/wp-json\/wp\/v2\/users\/13"}],"replies":[{"embeddable":true,"href":"https:\/\/radiosolaris.com.br\/beta\/wp-json\/wp\/v2\/comments?post=57405"}],"version-history":[{"count":0,"href":"https:\/\/radiosolaris.com.br\/beta\/wp-json\/wp\/v2\/posts\/57405\/revisions"}],"wp:featuredmedia":[{"embeddable":true,"href":"https:\/\/radiosolaris.com.br\/beta\/wp-json\/wp\/v2\/media\/57407"}],"wp:attachment":[{"href":"https:\/\/radiosolaris.com.br\/beta\/wp-json\/wp\/v2\/media?parent=57405"}],"wp:term":[{"taxonomy":"category","embeddable":true,"href":"https:\/\/radiosolaris.com.br\/beta\/wp-json\/wp\/v2\/categories?post=57405"},{"taxonomy":"post_tag","embeddable":true,"href":"https:\/\/radiosolaris.com.br\/beta\/wp-json\/wp\/v2\/tags?post=57405"},{"taxonomy":"powerkit_post_featured","embeddable":true,"href":"https:\/\/radiosolaris.com.br\/beta\/wp-json\/wp\/v2\/powerkit_post_featured?post=57405"}],"curies":[{"name":"wp","href":"https:\/\/api.w.org\/{rel}","templated":true}]}}