{"id":57305,"date":"2021-07-15T08:34:00","date_gmt":"2021-07-15T11:34:00","guid":{"rendered":"https:\/\/radiosolaris.com.br\/beta\/?p=57305"},"modified":"2021-07-15T08:36:39","modified_gmt":"2021-07-15T11:36:39","slug":"cic-caxias-recebe-voto-de-congratulacoes-da-camara-municipal-pelos-120-anos-de-fundacao","status":"publish","type":"post","link":"https:\/\/radiosolaris.com.br\/beta\/cic-caxias-recebe-voto-de-congratulacoes-da-camara-municipal-pelos-120-anos-de-fundacao\/","title":{"rendered":"CIC Caxias recebe Voto de Congratula\u00e7\u00f5es da C\u00e2mara Municipal pelos 120 anos de funda\u00e7\u00e3o"},"content":{"rendered":"\n<h4 id=\"homenagem-foi-entregue-a-ivanir-gasparin-e-jaime-andreazza-nesta-quarta-feira-14\" class=\"wp-block-heading\">Homenagem foi entregue a Ivanir Gasparin e Jaime Andreazza nesta quarta-feira (14)<\/h4>\n\n\n\n<p>Na manh\u00e3 de quarta-feira (14), na Sala Adelar Bertussi, da C\u00e2mara Municipal de Caxias do Sul, foi entregue o Voto de Congratula\u00e7\u00f5es 482\/2021 \u00e0 C\u00e2mara de Ind\u00fastria, Com\u00e9rcio e Servi\u00e7os de Caxias do Sul (CIC Caxias) por seus 120 anos de funda\u00e7\u00e3o, celebrados no \u00faltimo dia oito de julho. A homenagem foi concedida a partir de proposi\u00e7\u00e3o dos vereadores Marisol Santos e Elisandro Fiuza, que juntamente com os vereadores Felipe Gremelmaier, Tatiane Frizzo e Olmir Cadore, que entregaram os votos ao presidente da CIC Caxias, Ivanir Gasparin, e ao vice-presidente de Com\u00e9rcio da entidade, Jaime Andreazza.<\/p>\n\n\n\n<p>\u201cS\u00e3o 120 anos de uma trajet\u00f3ria de desenvolvimento do empreendedorismo, do associativismo e da livre iniciativa, n\u00e3o apenas de Caxias do Sul, mas de toda a Regi\u00e3o.&nbsp;Em 12 d\u00e9cadas, muitos assuntos foram debatidos por meio da CIC, sempre com o objetivo de defender o sistema produtivo, melhorar as condi\u00e7\u00f5es econ\u00f4micas e valorizar o que a nossa cidade tem de melhor\u201d, afirmaram os parlamentares no Voto de Congratula\u00e7\u00f5es.<\/p>\n\n\n\n<p>A distin\u00e7\u00e3o foi endossada em of\u00edcio pelo presidente do Legislativo caxiense, Velocino Uez, que expressou seus cumprimentos \u00e0 entidade pelo anivers\u00e1rio.<\/p>\n\n\n\n<p>Ao agradecer pela homenagem, o presidente Ivanir Gasparin lembrou que a CIC Caxias tem e teve muitas lutas e bandeiras cujas conquistas ficar\u00e3o como legado \u00e0s futuras gera\u00e7\u00f5es. J\u00e1 o vice-presidente Jaime Andreazza ressaltou que \u00e9 gratificante ter o Legislativo sempre acompanhando o trabalho da entidade, e que os empres\u00e1rios que dela fazem parte est\u00e3o se doando para a comunidade e para que todos tenham uma cidade melhor.<\/p>\n\n\n\n<p>A CIC Caxias foi fundada em 8 de julho de 1901 por \u00cdtalo Victor Bersani e desde ent\u00e3o passou por 45 gest\u00f5es. Sua estrutura estatut\u00e1ria \u00e9 composta por tr\u00eas conselhos: o Executivo, hoje presidido por Ivanir Gasparin, o Deliberativo, presidido por Emir Jos\u00e9 Alves da Silva, e o Superior, presidido por David Randon. Os mandatos do Conselho Executivo s\u00e3o de dois anos, com possibilidade de reelei\u00e7\u00e3o para mais dois.<\/p>\n\n\n\n<p>Ivanir Gasparin tem Mauro Bellini como vice-presidente de Ind\u00fastria, Jaime Andreazza como vice-presidente de Com\u00e9rcio e Maristela Tomasi Chiappin como vice-presidente de Servi\u00e7os. Com cerca de 30 funcion\u00e1rios, a entidade possui aproximadamente mil empresas associadas e 25 sindicatos patronais filiados. Neste ano, foi apontada na pesquisa Marcas de Quem Decide como a quarta entidade de classe na prefer\u00eancia dos ga\u00fachos, atr\u00e1s somente das federa\u00e7\u00f5es. Entre as lutas hist\u00f3ricas mais conhecidas na \u00e1rea de infraestrutura est\u00e3o a chegada do trem, a passagem da BR-116, a constru\u00e7\u00e3o da Rota do Sol, abastecimento de \u00e1gua e energia e a constru\u00e7\u00e3o do novo aeroporto da Serra Ga\u00facha.&nbsp;&nbsp;<\/p>\n\n\n\n<p>Sua sede pr\u00f3pria est\u00e1 localizada na&nbsp;<a href=\"https:\/\/www.google.com\/maps\/search\/Rua+%C3%8Dtalo+Victor+Bersani,+1134?entry=gmail&amp;source=g\" target=\"_blank\" rel=\"noreferrer noopener\">Rua \u00cdtalo Victor Bersani, 1134<\/a>, no Bairro Jardim Am\u00e9rica.&nbsp; &nbsp;<\/p>\n\n\n\n<figure class=\"wp-block-image size-large\"><img  loading=\"lazy\"  decoding=\"async\"  width=\"500\"  height=\"231\"  src=\"data:image\/png;base64,iVBORw0KGgoAAAANSUhEUgAAAAEAAAABAQMAAAAl21bKAAAAA1BMVEUAAP+KeNJXAAAAAXRSTlMAQObYZgAAAAlwSFlzAAAOxAAADsQBlSsOGwAAAApJREFUCNdjYAAAAAIAAeIhvDMAAAAASUVORK5CYII=\"  alt=\"\"  class=\"wp-image-57308 pk-lazyload\"  data-pk-sizes=\"auto\"  data-ls-sizes=\"auto, (max-width: 500px) 100vw, 500px\"  data-pk-src=\"https:\/\/radiosolaris.com.br\/beta\/wp-content\/uploads\/2021\/07\/9598ea0f3792d07822d603612f5e4340-1.jpg\"  data-pk-srcset=\"https:\/\/radiosolaris.com.br\/beta\/wp-content\/uploads\/2021\/07\/9598ea0f3792d07822d603612f5e4340-1.jpg 500w, https:\/\/radiosolaris.com.br\/beta\/wp-content\/uploads\/2021\/07\/9598ea0f3792d07822d603612f5e4340-1-300x139.jpg 300w\" ><\/figure>\n\n\n\n<p>Fonte: Assessoria de Imprensa CIC Caxias<\/p>\n\n\n\n<p>cr\u00e9dito foto: Revista News<\/p>\n","protected":false},"excerpt":{"rendered":"<p>Homenagem foi entregue a Ivanir Gasparin e Jaime Andreazza nesta quarta-feira (14) Na manh\u00e3 de quarta-feira (14), na Sala Adelar Bertussi, da C\u00e2mara Municipal de Caxias do Sul, foi entregue&hellip;<\/p>\n","protected":false},"author":1,"featured_media":57311,"comment_status":"closed","ping_status":"closed","sticky":false,"template":"","format":"standard","meta":{"_lmt_disableupdate":"","_lmt_disable":"","footnotes":""},"categories":[1,93],"tags":[2008,7654],"powerkit_post_featured":[],"class_list":{"0":"post-57305","1":"post","2":"type-post","3":"status-publish","4":"format-standard","5":"has-post-thumbnail","7":"category-geral","8":"category-noticias-rs","9":"tag-cic-caxias-do-sul","10":"tag-voto-de-congratulacoes"},"modified_by":null,"_links":{"self":[{"href":"https:\/\/radiosolaris.com.br\/beta\/wp-json\/wp\/v2\/posts\/57305","targetHints":{"allow":["GET"]}}],"collection":[{"href":"https:\/\/radiosolaris.com.br\/beta\/wp-json\/wp\/v2\/posts"}],"about":[{"href":"https:\/\/radiosolaris.com.br\/beta\/wp-json\/wp\/v2\/types\/post"}],"author":[{"embeddable":true,"href":"https:\/\/radiosolaris.com.br\/beta\/wp-json\/wp\/v2\/users\/1"}],"replies":[{"embeddable":true,"href":"https:\/\/radiosolaris.com.br\/beta\/wp-json\/wp\/v2\/comments?post=57305"}],"version-history":[{"count":0,"href":"https:\/\/radiosolaris.com.br\/beta\/wp-json\/wp\/v2\/posts\/57305\/revisions"}],"wp:featuredmedia":[{"embeddable":true,"href":"https:\/\/radiosolaris.com.br\/beta\/wp-json\/wp\/v2\/media\/57311"}],"wp:attachment":[{"href":"https:\/\/radiosolaris.com.br\/beta\/wp-json\/wp\/v2\/media?parent=57305"}],"wp:term":[{"taxonomy":"category","embeddable":true,"href":"https:\/\/radiosolaris.com.br\/beta\/wp-json\/wp\/v2\/categories?post=57305"},{"taxonomy":"post_tag","embeddable":true,"href":"https:\/\/radiosolaris.com.br\/beta\/wp-json\/wp\/v2\/tags?post=57305"},{"taxonomy":"powerkit_post_featured","embeddable":true,"href":"https:\/\/radiosolaris.com.br\/beta\/wp-json\/wp\/v2\/powerkit_post_featured?post=57305"}],"curies":[{"name":"wp","href":"https:\/\/api.w.org\/{rel}","templated":true}]}}