{"id":57018,"date":"2021-07-10T20:15:36","date_gmt":"2021-07-10T23:15:36","guid":{"rendered":"https:\/\/radiosolaris.com.br\/beta\/?p=57018"},"modified":"2021-07-11T11:23:11","modified_gmt":"2021-07-11T14:23:11","slug":"carreata-historica-da-enfermagem-bate-recorde-de-apoiadores-na-serra-gaucha","status":"publish","type":"post","link":"https:\/\/radiosolaris.com.br\/beta\/carreata-historica-da-enfermagem-bate-recorde-de-apoiadores-na-serra-gaucha\/","title":{"rendered":"Carreata hist\u00f3rica da enfermagem bate recorde de apoiadores na Serra ga\u00facha"},"content":{"rendered":"\n<h4 id=\"manifestacao-envolveu-mais-de-700-pessoas-e-encerrou-na-praca-da-bandeira-em-flores-da-cunha-por-volta-das-14-horas-deste-sabado-10\" class=\"wp-block-heading\"><strong>Manifesta\u00e7\u00e3o envolveu mais de 700 pessoas e encerrou na Pra\u00e7a da Bandeira, em Flores da Cunha, por volta das 14 horas deste s\u00e1bado (10)<\/strong><\/h4>\n\n\n\n<p>Um grupo de profissionais da sa\u00fade se mobiliza desde o m\u00eas de maio pela aprova\u00e7\u00e3o do PL 2564\/2020 que prev\u00ea a cria\u00e7\u00e3o de um piso salarial para enfermeiros, t\u00e9cnicos e auxiliares de enfermagem em todo pa\u00eds. Uma categoria que tem, hoje, um sal\u00e1rio m\u00e9dio de R $1.700 mensais no Rio Grande do Sul.<\/p>\n\n\n\n<p>A carreata intitulada &#8220;Unidos pela Enfermagem&#8221;, ocorreu na manh\u00e3 deste s\u00e1bado (10). Manifestantes partiram de Bento Gon\u00e7alves \u00e0s 9 horas da manh\u00e3 passando por Farroupilha, Caxias do Sul e encerrando em frente a Pra\u00e7a da Bandeira, em Flores da Cunha, por volta das 14 horas. Em Caxias do Sul o grupo bloqueou o tr\u00e2nsito em frente \u00e0 catedral por cerca de meia hora.<\/p>\n\n\n\n<p>O ato representa um protesto dos profissionais de sa\u00fade que est\u00e3o na linha de frente no combate ao coronav\u00edrus, mas tamb\u00e9m, em todas as situa\u00e7\u00f5es de sa\u00fade,\u00a0 que n\u00e3o tem a devida valoriza\u00e7\u00e3o e compatibilidade salarial com a import\u00e2ncia do trabalho que desempenham.<\/p>\n\n\n\n<p>De acordo com a presidente do Sindisa\u00fade, Bernardete Giacomini, esta carreata foi um marco hist\u00f3rico na luta da enfermagem. &#8221; Eu tenho mais de trinta anos de experi\u00eancia e viv\u00eancia nessas lutas da categoria, e esta \u00e9 a primeira vez que vejo essa uni\u00e3o e mobiliza\u00e7\u00e3o em prol de melhorias para o setor como um todo. Antes eram apenas discuss\u00f5es e acordos diretos com cada empresa, agora iniciamos uma nova era de lutas e conquistas para todos&#8221;, comemora.<\/p>\n\n\n\n<p>A deputada estadual Fran Somensi, que apoiou e participou da mobiliza\u00e7\u00e3o, comentou sobre o tema. &#8221; N\u00f3s temos que olhar essa situa\u00e7\u00e3o como investimento no sistema p\u00fablico de sa\u00fade, pois estamos investindo em pessoas. Esses profissionais chegam a trabalhar em dois, at\u00e9 tr\u00eas empregos diferentes para dar a volta&#8230; Isso afeta diretamente a qualidade de vida desses trabalhadores, mas tamb\u00e9m a qualidade dos servi\u00e7os prestados \u00e0 popula\u00e7\u00e3o. Eles precisam de um sal\u00e1rio digno&#8221;, defende Somensi.<\/p>\n\n\n\n<p>O Projeto de Lei que cria o piso salarial da enfermagem \u00e9 &nbsp;de autoria do Senador Fabiano Contarato (Rede\/ES), sendo que o texto original prev\u00ea um piso R $7.315,00 para enfermeiros, correspondendo a uma jornada de 30 horas semanais. Para os t\u00e9cnicos e auxiliares de Enfermagem o piso salarial estabelecido \u00e9, respectivamente, de 70% (R $5.120,50)&nbsp; e 50% deste valor (R $3.657,50). Para parteiras, o PL prev\u00ea o mesmo piso dos auxiliares de Enfermagem. O valor foi fixado seria com base na carga hor\u00e1ria de 30hs semanais.<\/p>\n\n\n\n<p>Fonte: Assessoria de Comunica\u00e7\u00e3o da&nbsp;deputada Fran Somensi&nbsp;<\/p>\n\n\n\n<figure class=\"wp-block-image size-large\"><img  decoding=\"async\"  src=\"data:image\/png;base64,iVBORw0KGgoAAAANSUhEUgAABIgAAANmAQMAAACrCyL8AAAAA1BMVEUAAP+KeNJXAAAAAXRSTlMAQObYZgAAAAlwSFlzAAAOxAAADsQBlSsOGwAAAJJJREFUeNrtwTEBAAAAwqD1T20JT6AAAAAAAAAAAAAAAAAAAAAAAAAAAAAAAAAAAAAAAAAAAAAAAAAAAAAAAAAAAAAAAAAAAAAAAAAAAAAAAAAAAAAAAAAAAAAAAAAAAAAAAAAAAAAAAAAAAAAAAAAAAAAAAAAAAAAAAAAAAAAAAAAAAAAAAAAAAAAAAAAAAAD+BvA7AAGTZkFsAAAAAElFTkSuQmCC\"  alt=\"\"  class=\"wp-image-57019 pk-lazyload\"  data-pk-sizes=\"auto\"  data-pk-src=\"https:\/\/radiosolaris.com.br\/beta\/wp-content\/uploads\/2021\/07\/Esta-1024x768.jpg\" ><\/figure>\n\n\n\n<figure class=\"wp-block-image size-large\"><img  loading=\"lazy\"  decoding=\"async\"  width=\"1024\"  height=\"768\"  src=\"data:image\/png;base64,iVBORw0KGgoAAAANSUhEUgAAAAEAAAABAQMAAAAl21bKAAAAA1BMVEUAAP+KeNJXAAAAAXRSTlMAQObYZgAAAAlwSFlzAAAOxAAADsQBlSsOGwAAAApJREFUCNdjYAAAAAIAAeIhvDMAAAAASUVORK5CYII=\"  alt=\"\"  class=\"wp-image-57020 pk-lazyload\"  data-pk-sizes=\"auto\"  data-ls-sizes=\"auto, (max-width: 1024px) 100vw, 1024px\"  data-pk-src=\"https:\/\/radiosolaris.com.br\/beta\/wp-content\/uploads\/2021\/07\/foto-2-1024x768.jpg\"  data-pk-srcset=\"https:\/\/radiosolaris.com.br\/beta\/wp-content\/uploads\/2021\/07\/foto-2-1024x768.jpg 1024w, https:\/\/radiosolaris.com.br\/beta\/wp-content\/uploads\/2021\/07\/foto-2-300x225.jpg 300w, https:\/\/radiosolaris.com.br\/beta\/wp-content\/uploads\/2021\/07\/foto-2-768x576.jpg 768w, https:\/\/radiosolaris.com.br\/beta\/wp-content\/uploads\/2021\/07\/foto-2.jpg 1280w\" ><\/figure>\n\n\n\n<figure class=\"wp-block-image size-large\"><img  loading=\"lazy\"  decoding=\"async\"  width=\"775\"  height=\"574\"  src=\"data:image\/png;base64,iVBORw0KGgoAAAANSUhEUgAAAAEAAAABAQMAAAAl21bKAAAAA1BMVEUAAP+KeNJXAAAAAXRSTlMAQObYZgAAAAlwSFlzAAAOxAAADsQBlSsOGwAAAApJREFUCNdjYAAAAAIAAeIhvDMAAAAASUVORK5CYII=\"  alt=\"\"  class=\"wp-image-57021 pk-lazyload\"  data-pk-sizes=\"auto\"  data-ls-sizes=\"auto, (max-width: 775px) 100vw, 775px\"  data-pk-src=\"https:\/\/radiosolaris.com.br\/beta\/wp-content\/uploads\/2021\/07\/foto-muller.jpg\"  data-pk-srcset=\"https:\/\/radiosolaris.com.br\/beta\/wp-content\/uploads\/2021\/07\/foto-muller.jpg 775w, https:\/\/radiosolaris.com.br\/beta\/wp-content\/uploads\/2021\/07\/foto-muller-300x222.jpg 300w, https:\/\/radiosolaris.com.br\/beta\/wp-content\/uploads\/2021\/07\/foto-muller-768x569.jpg 768w\" ><\/figure>\n","protected":false},"excerpt":{"rendered":"<p>Manifesta\u00e7\u00e3o envolveu mais de 700 pessoas e encerrou na Pra\u00e7a da Bandeira, em Flores da Cunha, por volta das 14 horas deste s\u00e1bado (10) Um grupo de profissionais da sa\u00fade&hellip;<\/p>\n","protected":false},"author":17,"featured_media":57019,"comment_status":"closed","ping_status":"closed","sticky":false,"template":"","format":"standard","meta":{"_lmt_disableupdate":"","_lmt_disable":"","footnotes":""},"categories":[1],"tags":[306,7581,7587,148,7584,6999,7582,114,3110,7583,7586,283,7585],"powerkit_post_featured":[],"class_list":{"0":"post-57018","1":"post","2":"type-post","3":"status-publish","4":"format-standard","5":"has-post-thumbnail","7":"category-geral","8":"tag-bento-goncalves","9":"tag-cafrreata","10":"tag-carreata-historica","11":"tag-caxias-do-sul","12":"tag-enfeimeiros","13":"tag-enfermagem","14":"tag-farroupicha","15":"tag-flores-da-cunha","16":"tag-pandemia","17":"tag-piso-salarial","18":"tag-pl-2564","19":"tag-serra-gaucha","20":"tag-valorizacao"},"modified_by":"Igor Panzenhagen","_links":{"self":[{"href":"https:\/\/radiosolaris.com.br\/beta\/wp-json\/wp\/v2\/posts\/57018","targetHints":{"allow":["GET"]}}],"collection":[{"href":"https:\/\/radiosolaris.com.br\/beta\/wp-json\/wp\/v2\/posts"}],"about":[{"href":"https:\/\/radiosolaris.com.br\/beta\/wp-json\/wp\/v2\/types\/post"}],"author":[{"embeddable":true,"href":"https:\/\/radiosolaris.com.br\/beta\/wp-json\/wp\/v2\/users\/17"}],"replies":[{"embeddable":true,"href":"https:\/\/radiosolaris.com.br\/beta\/wp-json\/wp\/v2\/comments?post=57018"}],"version-history":[{"count":0,"href":"https:\/\/radiosolaris.com.br\/beta\/wp-json\/wp\/v2\/posts\/57018\/revisions"}],"wp:featuredmedia":[{"embeddable":true,"href":"https:\/\/radiosolaris.com.br\/beta\/wp-json\/wp\/v2\/media\/57019"}],"wp:attachment":[{"href":"https:\/\/radiosolaris.com.br\/beta\/wp-json\/wp\/v2\/media?parent=57018"}],"wp:term":[{"taxonomy":"category","embeddable":true,"href":"https:\/\/radiosolaris.com.br\/beta\/wp-json\/wp\/v2\/categories?post=57018"},{"taxonomy":"post_tag","embeddable":true,"href":"https:\/\/radiosolaris.com.br\/beta\/wp-json\/wp\/v2\/tags?post=57018"},{"taxonomy":"powerkit_post_featured","embeddable":true,"href":"https:\/\/radiosolaris.com.br\/beta\/wp-json\/wp\/v2\/powerkit_post_featured?post=57018"}],"curies":[{"name":"wp","href":"https:\/\/api.w.org\/{rel}","templated":true}]}}