{"id":56938,"date":"2021-07-09T08:58:54","date_gmt":"2021-07-09T11:58:54","guid":{"rendered":"https:\/\/radiosolaris.com.br\/beta\/?p=56938"},"modified":"2021-07-09T09:05:38","modified_gmt":"2021-07-09T12:05:38","slug":"sartori-e-internado-no-hospital-santa-casa-apos-testar-positivo-para-a-covid-19","status":"publish","type":"post","link":"https:\/\/radiosolaris.com.br\/beta\/sartori-e-internado-no-hospital-santa-casa-apos-testar-positivo-para-a-covid-19\/","title":{"rendered":"Sartori \u00e9 internado no Hospital Santa Casa ap\u00f3s testar positivo para a Covid-19"},"content":{"rendered":"\n<h4 id=\"o-boletim-medico-publicado-informou-que-ele-esta-bem-e-nao-apresenta-maiores-sintomas-ou-complicacoes\" class=\"wp-block-heading\">O boletim m\u00e9dico publicado informou que ele \u201cest\u00e1 bem e n\u00e3o apresenta maiores sintomas ou complica\u00e7\u00f5es\u201d<\/h4>\n\n\n\n<p>Jos\u00e9 Ivo Sartori, ex-governador do Rio Grande do Sul, est\u00e1 internado no Hospital Santa Casa de Porto Alegre ap\u00f3s ter testado positivo para Covid-19. Ele recebeu resultado do teste na \u00faltima quarta-feira (7).<\/p>\n\n\n\n<p>De acordo com comunicado da assessoria, divulgado na quinta-feira, Sartori, com 73 anos, apresentava sintomas leves e foi internado por precau\u00e7\u00e3o. O boletim m\u00e9dico publicado pelo hospital informou que ele \u201cest\u00e1 bem e n\u00e3o apresenta maiores sintomas ou complica\u00e7\u00f5es\u201d.<\/p>\n","protected":false},"excerpt":{"rendered":"<p>O boletim m\u00e9dico publicado informou que ele \u201cest\u00e1 bem e n\u00e3o apresenta maiores sintomas ou complica\u00e7\u00f5es\u201d Jos\u00e9 Ivo Sartori, ex-governador do Rio Grande do Sul, est\u00e1 internado no Hospital Santa&hellip;<\/p>\n","protected":false},"author":17,"featured_media":56940,"comment_status":"closed","ping_status":"closed","sticky":false,"template":"","format":"standard","meta":{"_lmt_disableupdate":"","_lmt_disable":"","footnotes":""},"categories":[93],"tags":[2752,3137,1249,7571,5380,7570,135,7569,283],"powerkit_post_featured":[],"class_list":{"0":"post-56938","1":"post","2":"type-post","3":"status-publish","4":"format-standard","5":"has-post-thumbnail","7":"category-noticias-rs","8":"tag-coronavirus","9":"tag-covid-19","10":"tag-ex-governador","11":"tag-internadio","12":"tag-internado","13":"tag-jose-ivo-sartori","14":"tag-rio-grande-do-sul","15":"tag-sartori","16":"tag-serra-gaucha"},"modified_by":"Igor Panzenhagen","_links":{"self":[{"href":"https:\/\/radiosolaris.com.br\/beta\/wp-json\/wp\/v2\/posts\/56938","targetHints":{"allow":["GET"]}}],"collection":[{"href":"https:\/\/radiosolaris.com.br\/beta\/wp-json\/wp\/v2\/posts"}],"about":[{"href":"https:\/\/radiosolaris.com.br\/beta\/wp-json\/wp\/v2\/types\/post"}],"author":[{"embeddable":true,"href":"https:\/\/radiosolaris.com.br\/beta\/wp-json\/wp\/v2\/users\/17"}],"replies":[{"embeddable":true,"href":"https:\/\/radiosolaris.com.br\/beta\/wp-json\/wp\/v2\/comments?post=56938"}],"version-history":[{"count":0,"href":"https:\/\/radiosolaris.com.br\/beta\/wp-json\/wp\/v2\/posts\/56938\/revisions"}],"wp:featuredmedia":[{"embeddable":true,"href":"https:\/\/radiosolaris.com.br\/beta\/wp-json\/wp\/v2\/media\/56940"}],"wp:attachment":[{"href":"https:\/\/radiosolaris.com.br\/beta\/wp-json\/wp\/v2\/media?parent=56938"}],"wp:term":[{"taxonomy":"category","embeddable":true,"href":"https:\/\/radiosolaris.com.br\/beta\/wp-json\/wp\/v2\/categories?post=56938"},{"taxonomy":"post_tag","embeddable":true,"href":"https:\/\/radiosolaris.com.br\/beta\/wp-json\/wp\/v2\/tags?post=56938"},{"taxonomy":"powerkit_post_featured","embeddable":true,"href":"https:\/\/radiosolaris.com.br\/beta\/wp-json\/wp\/v2\/powerkit_post_featured?post=56938"}],"curies":[{"name":"wp","href":"https:\/\/api.w.org\/{rel}","templated":true}]}}