{"id":56594,"date":"2021-07-02T13:44:09","date_gmt":"2021-07-02T16:44:09","guid":{"rendered":"https:\/\/radiosolaris.com.br\/beta\/?p=56594"},"modified":"2021-07-02T13:45:08","modified_gmt":"2021-07-02T16:45:08","slug":"assinado-contrato-para-construcao-de-novo-hotel-em-flores-da-cunha","status":"publish","type":"post","link":"https:\/\/radiosolaris.com.br\/beta\/assinado-contrato-para-construcao-de-novo-hotel-em-flores-da-cunha\/","title":{"rendered":"Assinado contrato para constru\u00e7\u00e3o de novo hotel em Flores da Cunha"},"content":{"rendered":"\n<h4 id=\"projeto-do-complexo-nova-alianca-preve-instalacoes-hoteleiras-e-um-centro-comercial\" class=\"wp-block-heading\">Projeto do Complexo Nova Alian\u00e7a prev\u00ea instala\u00e7\u00f5es hoteleiras e um centro comercial<\/h4>\n\n\n\n<p>Foi assinado na \u00faltima quarta-feira (30), o contrato do Complexo Nova Alian\u00e7a, em Flores da Cunha. O empreendimento, que contempla a constru\u00e7\u00e3o de um hotel e um centro comercial com museu, restaurante, jardim e pra\u00e7a, ser\u00e1 instalado na Avenida 25 de Julho, da antiga Cooperativa Santo Ant\u00f4nio.<\/p>\n\n\n\n<p>O projeto passou por reformula\u00e7\u00f5es desde a sua primeira apresenta\u00e7\u00e3o ao poder p\u00fablico. Foram feitas adequa\u00e7\u00f5es ao Plano Diretor e atualmente o projeto encontra-se em fase de pr\u00e9-aprova\u00e7\u00e3o na prefeitura. O empreendimento mais um investimento da rede Axten Hot\u00e9is na regi\u00e3o da Serra ga\u00facha.<\/p>\n\n\n\n<p>O prefeito C\u00e9sar Ulian e o vice Marcio Rech, estiveram presentes na Vin\u00edcola Nova Alian\u00e7a para tamb\u00e9m assinarem o contrato. C\u00e9sar colocou-se \u00e0 disposi\u00e7\u00e3o e desejou sucesso ao empreendimento. \u201cEste complexo ser\u00e1 um diferencial para o nosso munic\u00edpio e ir\u00e1 impulsionar ainda mais o turismo e o com\u00e9rcio\u201d, avaliou o prefeito na cerim\u00f4nia.<\/p>\n\n\n\n<p>O ato contou ainda com a participa\u00e7\u00e3o do presidente da Cooperativa Nova Alian\u00e7a, Alceu Dalle Molle, do s\u00f3cio-diretor da Axten, Hor\u00e1cio Forni, dos s\u00f3cios-diretores da ANP Neg\u00f3cios Imobili\u00e1rios, Arlei Betiolo Theodoro e Marcelo Piazza, e de membros do conselho da Cooperativa.<\/p>\n\n\n\n<figure class=\"wp-block-gallery columns-1 is-cropped wp-block-gallery-1 is-layout-flex wp-block-gallery-is-layout-flex\"><ul class=\"blocks-gallery-grid\"><li class=\"blocks-gallery-item\"><figure><a href=\"https:\/\/radiosolaris.com.br\/beta\/wp-content\/uploads\/2021\/07\/Assinado-contrato-para-construcao-de-novo-hotel-em-Flores-da-Cunha-1.jpg\"><img  loading=\"lazy\"  decoding=\"async\"  width=\"800\"  height=\"531\"  src=\"data:image\/png;base64,iVBORw0KGgoAAAANSUhEUgAAAAEAAAABAQMAAAAl21bKAAAAA1BMVEUAAP+KeNJXAAAAAXRSTlMAQObYZgAAAAlwSFlzAAAOxAAADsQBlSsOGwAAAApJREFUCNdjYAAAAAIAAeIhvDMAAAAASUVORK5CYII=\"  alt=\"\"  data-id=\"56595\"  data-full-url=\"https:\/\/radiosolaris.com.br\/beta\/wp-content\/uploads\/2021\/07\/Assinado-contrato-para-construcao-de-novo-hotel-em-Flores-da-Cunha-1.jpg\"  data-link=\"https:\/\/radiosolaris.com.br\/beta\/?attachment_id=56595\"  class=\"wp-image-56595 pk-lazyload\"  data-pk-sizes=\"auto\"  data-pk-src=\"https:\/\/radiosolaris.com.br\/beta\/wp-content\/uploads\/2021\/07\/Assinado-contrato-para-construcao-de-novo-hotel-em-Flores-da-Cunha-1.jpg\" ><\/a><\/figure><\/li><li class=\"blocks-gallery-item\"><figure><a href=\"https:\/\/radiosolaris.com.br\/beta\/wp-content\/uploads\/2021\/07\/Assinado-contrato-para-construcao-de-novo-hotel-em-Flores-da-Cunha-2.jpg\"><img  loading=\"lazy\"  decoding=\"async\"  width=\"800\"  height=\"531\"  src=\"data:image\/png;base64,iVBORw0KGgoAAAANSUhEUgAAAAEAAAABAQMAAAAl21bKAAAAA1BMVEUAAP+KeNJXAAAAAXRSTlMAQObYZgAAAAlwSFlzAAAOxAAADsQBlSsOGwAAAApJREFUCNdjYAAAAAIAAeIhvDMAAAAASUVORK5CYII=\"  alt=\"\"  data-id=\"56596\"  data-full-url=\"https:\/\/radiosolaris.com.br\/beta\/wp-content\/uploads\/2021\/07\/Assinado-contrato-para-construcao-de-novo-hotel-em-Flores-da-Cunha-2.jpg\"  data-link=\"https:\/\/radiosolaris.com.br\/beta\/?attachment_id=56596\"  class=\"wp-image-56596 pk-lazyload\"  data-pk-sizes=\"auto\"  data-ls-sizes=\"auto, (max-width: 800px) 100vw, 800px\"  data-pk-src=\"https:\/\/radiosolaris.com.br\/beta\/wp-content\/uploads\/2021\/07\/Assinado-contrato-para-construcao-de-novo-hotel-em-Flores-da-Cunha-2.jpg\"  data-pk-srcset=\"https:\/\/radiosolaris.com.br\/beta\/wp-content\/uploads\/2021\/07\/Assinado-contrato-para-construcao-de-novo-hotel-em-Flores-da-Cunha-2.jpg 800w, https:\/\/radiosolaris.com.br\/beta\/wp-content\/uploads\/2021\/07\/Assinado-contrato-para-construcao-de-novo-hotel-em-Flores-da-Cunha-2-120x80.jpg 120w, https:\/\/radiosolaris.com.br\/beta\/wp-content\/uploads\/2021\/07\/Assinado-contrato-para-construcao-de-novo-hotel-em-Flores-da-Cunha-2-90x60.jpg 90w, https:\/\/radiosolaris.com.br\/beta\/wp-content\/uploads\/2021\/07\/Assinado-contrato-para-construcao-de-novo-hotel-em-Flores-da-Cunha-2-320x212.jpg 320w, https:\/\/radiosolaris.com.br\/beta\/wp-content\/uploads\/2021\/07\/Assinado-contrato-para-construcao-de-novo-hotel-em-Flores-da-Cunha-2-560x372.jpg 560w\" ><\/a><\/figure><\/li><li class=\"blocks-gallery-item\"><figure><a href=\"https:\/\/radiosolaris.com.br\/beta\/wp-content\/uploads\/2021\/07\/Assinado-contrato-para-construcao-de-novo-hotel-em-Flores-da-Cunha-3.jpg\"><img  loading=\"lazy\"  decoding=\"async\"  width=\"800\"  height=\"577\"  src=\"data:image\/png;base64,iVBORw0KGgoAAAANSUhEUgAAAAEAAAABAQMAAAAl21bKAAAAA1BMVEUAAP+KeNJXAAAAAXRSTlMAQObYZgAAAAlwSFlzAAAOxAAADsQBlSsOGwAAAApJREFUCNdjYAAAAAIAAeIhvDMAAAAASUVORK5CYII=\"  alt=\"\"  data-id=\"56597\"  data-full-url=\"https:\/\/radiosolaris.com.br\/beta\/wp-content\/uploads\/2021\/07\/Assinado-contrato-para-construcao-de-novo-hotel-em-Flores-da-Cunha-3.jpg\"  data-link=\"https:\/\/radiosolaris.com.br\/beta\/?attachment_id=56597\"  class=\"wp-image-56597 pk-lazyload\"  data-pk-sizes=\"auto\"  data-ls-sizes=\"auto, (max-width: 800px) 100vw, 800px\"  data-pk-src=\"https:\/\/radiosolaris.com.br\/beta\/wp-content\/uploads\/2021\/07\/Assinado-contrato-para-construcao-de-novo-hotel-em-Flores-da-Cunha-3.jpg\"  data-pk-srcset=\"https:\/\/radiosolaris.com.br\/beta\/wp-content\/uploads\/2021\/07\/Assinado-contrato-para-construcao-de-novo-hotel-em-Flores-da-Cunha-3.jpg 800w, https:\/\/radiosolaris.com.br\/beta\/wp-content\/uploads\/2021\/07\/Assinado-contrato-para-construcao-de-novo-hotel-em-Flores-da-Cunha-3-300x216.jpg 300w, https:\/\/radiosolaris.com.br\/beta\/wp-content\/uploads\/2021\/07\/Assinado-contrato-para-construcao-de-novo-hotel-em-Flores-da-Cunha-3-768x554.jpg 768w\" ><\/a><\/figure><\/li><li class=\"blocks-gallery-item\"><figure><a href=\"https:\/\/radiosolaris.com.br\/beta\/wp-content\/uploads\/2021\/07\/Assinado-contrato-para-construcao-de-novo-hotel-em-Flores-da-Cunha-4.jpg\"><img  loading=\"lazy\"  decoding=\"async\"  width=\"800\"  height=\"500\"  src=\"data:image\/png;base64,iVBORw0KGgoAAAANSUhEUgAAAAEAAAABAQMAAAAl21bKAAAAA1BMVEUAAP+KeNJXAAAAAXRSTlMAQObYZgAAAAlwSFlzAAAOxAAADsQBlSsOGwAAAApJREFUCNdjYAAAAAIAAeIhvDMAAAAASUVORK5CYII=\"  alt=\"\"  data-id=\"56598\"  data-full-url=\"https:\/\/radiosolaris.com.br\/beta\/wp-content\/uploads\/2021\/07\/Assinado-contrato-para-construcao-de-novo-hotel-em-Flores-da-Cunha-4.jpg\"  data-link=\"https:\/\/radiosolaris.com.br\/beta\/?attachment_id=56598\"  class=\"wp-image-56598 pk-lazyload\"  data-pk-sizes=\"auto\"  data-ls-sizes=\"auto, (max-width: 800px) 100vw, 800px\"  data-pk-src=\"https:\/\/radiosolaris.com.br\/beta\/wp-content\/uploads\/2021\/07\/Assinado-contrato-para-construcao-de-novo-hotel-em-Flores-da-Cunha-4.jpg\"  data-pk-srcset=\"https:\/\/radiosolaris.com.br\/beta\/wp-content\/uploads\/2021\/07\/Assinado-contrato-para-construcao-de-novo-hotel-em-Flores-da-Cunha-4.jpg 800w, https:\/\/radiosolaris.com.br\/beta\/wp-content\/uploads\/2021\/07\/Assinado-contrato-para-construcao-de-novo-hotel-em-Flores-da-Cunha-4-300x188.jpg 300w, https:\/\/radiosolaris.com.br\/beta\/wp-content\/uploads\/2021\/07\/Assinado-contrato-para-construcao-de-novo-hotel-em-Flores-da-Cunha-4-768x480.jpg 768w\" ><\/a><\/figure><\/li><\/ul><figcaption class=\"blocks-gallery-caption\">Fotos: Assessoria de Imprensa Prefeitura de Flores da Cunha\/ Divulga\u00e7\u00e3o<\/figcaption><\/figure>\n","protected":false},"excerpt":{"rendered":"<p>Projeto do Complexo Nova Alian\u00e7a prev\u00ea instala\u00e7\u00f5es hoteleiras e um centro comercial Foi assinado na \u00faltima quarta-feira (30), o contrato do Complexo Nova Alian\u00e7a, em Flores da Cunha. O empreendimento,&hellip;<\/p>\n","protected":false},"author":13,"featured_media":56596,"comment_status":"closed","ping_status":"closed","sticky":false,"template":"","format":"standard","meta":{"_lmt_disableupdate":"","_lmt_disable":"","footnotes":""},"categories":[83],"tags":[4350,657,7220,4347,114,3009,7499,3105,283],"powerkit_post_featured":[],"class_list":{"0":"post-56594","1":"post","2":"type-post","3":"status-publish","4":"format-standard","5":"has-post-thumbnail","7":"category-serra-gaucha","8":"tag-assinatura-do-contrato","9":"tag-axten-hotel","10":"tag-complexo-nova-alianca","11":"tag-cooperativa-nova-alianca","12":"tag-flores-da-cunha","13":"tag-hotel","14":"tag-novo-hotel","15":"tag-prefeitura-de-flores-da-cunha","16":"tag-serra-gaucha"},"modified_by":"Filipe Brogliatto","_links":{"self":[{"href":"https:\/\/radiosolaris.com.br\/beta\/wp-json\/wp\/v2\/posts\/56594","targetHints":{"allow":["GET"]}}],"collection":[{"href":"https:\/\/radiosolaris.com.br\/beta\/wp-json\/wp\/v2\/posts"}],"about":[{"href":"https:\/\/radiosolaris.com.br\/beta\/wp-json\/wp\/v2\/types\/post"}],"author":[{"embeddable":true,"href":"https:\/\/radiosolaris.com.br\/beta\/wp-json\/wp\/v2\/users\/13"}],"replies":[{"embeddable":true,"href":"https:\/\/radiosolaris.com.br\/beta\/wp-json\/wp\/v2\/comments?post=56594"}],"version-history":[{"count":0,"href":"https:\/\/radiosolaris.com.br\/beta\/wp-json\/wp\/v2\/posts\/56594\/revisions"}],"wp:featuredmedia":[{"embeddable":true,"href":"https:\/\/radiosolaris.com.br\/beta\/wp-json\/wp\/v2\/media\/56596"}],"wp:attachment":[{"href":"https:\/\/radiosolaris.com.br\/beta\/wp-json\/wp\/v2\/media?parent=56594"}],"wp:term":[{"taxonomy":"category","embeddable":true,"href":"https:\/\/radiosolaris.com.br\/beta\/wp-json\/wp\/v2\/categories?post=56594"},{"taxonomy":"post_tag","embeddable":true,"href":"https:\/\/radiosolaris.com.br\/beta\/wp-json\/wp\/v2\/tags?post=56594"},{"taxonomy":"powerkit_post_featured","embeddable":true,"href":"https:\/\/radiosolaris.com.br\/beta\/wp-json\/wp\/v2\/powerkit_post_featured?post=56594"}],"curies":[{"name":"wp","href":"https:\/\/api.w.org\/{rel}","templated":true}]}}