{"id":56507,"date":"2021-07-01T10:15:47","date_gmt":"2021-07-01T13:15:47","guid":{"rendered":"https:\/\/radiosolaris.com.br\/beta\/?p=56507"},"modified":"2021-07-01T10:15:50","modified_gmt":"2021-07-01T13:15:50","slug":"carreta-com-placas-de-sao-paulo-tomba-na-vrs-814-em-flores-da-cunha","status":"publish","type":"post","link":"https:\/\/radiosolaris.com.br\/beta\/carreta-com-placas-de-sao-paulo-tomba-na-vrs-814-em-flores-da-cunha\/","title":{"rendered":"Carreta com placas de S\u00e3o Paulo tomba na VRS-814 em Flores da Cunha"},"content":{"rendered":"\n<h4 id=\"veiculo-seguia-no-sentido-flores-nova-padua-quando-perdeu-o-controle-e-tombou-sobre-a-pista\" class=\"wp-block-heading\">Ve\u00edculo seguia no sentido Flores-Nova P\u00e1dua, quando perdeu o controle e tombou sobre a pista<\/h4>\n\n\n\n<p>Uma carreta com placas de Campinas (SP), tombou na VRS-814, em Flores da Cunha na noite da quarta-feira (30). O acidente foi registrado no entroncamento da Estrada \u00c2ngelo Araldi com a Rua Gir\u00f3lamo Mioranza, na localidade de Alfredo Chaves.<\/p>\n\n\n\n<p>De acordo com testemunhas, o condutor do caminh\u00e3o seguia pela rodovia no sentido Flores-Nova P\u00e1dua, quando, por motivos desconhecidos, perdeu o controle do ve\u00edculo e tombou na pista. O caminhoneiro n\u00e3o ficou ferido.<\/p>\n\n\n\n<p>Na manh\u00e3 desta quinta-feira (1\u00ba), a carreta permanecia no local. Profissionais da empresa respons\u00e1vel pelo caminh\u00e3o j\u00e1 chegaram em Flores da Cunha e seguem aguardando o guincho, que deve realizar a retirada da carga e do ve\u00edculo da estrada. O fluxo de ve\u00edculos segue normalmente no local.<\/p>\n\n\n\n<figure class=\"wp-block-gallery columns-1 is-cropped wp-block-gallery-1 is-layout-flex wp-block-gallery-is-layout-flex\"><ul class=\"blocks-gallery-grid\"><li class=\"blocks-gallery-item\"><figure><a href=\"https:\/\/radiosolaris.com.br\/beta\/wp-content\/uploads\/2021\/07\/Carreta-com-placas-de-Sao-Paulo-tomba-na-VRS-814-em-Flores-da-Cunha-1.jpeg\"><img  loading=\"lazy\"  decoding=\"async\"  width=\"1024\"  height=\"682\"  src=\"data:image\/png;base64,iVBORw0KGgoAAAANSUhEUgAAAAEAAAABAQMAAAAl21bKAAAAA1BMVEUAAP+KeNJXAAAAAXRSTlMAQObYZgAAAAlwSFlzAAAOxAAADsQBlSsOGwAAAApJREFUCNdjYAAAAAIAAeIhvDMAAAAASUVORK5CYII=\"  alt=\"\"  data-id=\"56508\"  data-full-url=\"https:\/\/radiosolaris.com.br\/beta\/wp-content\/uploads\/2021\/07\/Carreta-com-placas-de-Sao-Paulo-tomba-na-VRS-814-em-Flores-da-Cunha-1.jpeg\"  data-link=\"https:\/\/radiosolaris.com.br\/beta\/?attachment_id=56508\"  class=\"wp-image-56508 pk-lazyload\"  data-pk-sizes=\"auto\"  data-ls-sizes=\"auto, (max-width: 1024px) 100vw, 1024px\"  data-pk-src=\"https:\/\/radiosolaris.com.br\/beta\/wp-content\/uploads\/2021\/07\/Carreta-com-placas-de-Sao-Paulo-tomba-na-VRS-814-em-Flores-da-Cunha-1-1024x682.jpeg\"  data-pk-srcset=\"https:\/\/radiosolaris.com.br\/beta\/wp-content\/uploads\/2021\/07\/Carreta-com-placas-de-Sao-Paulo-tomba-na-VRS-814-em-Flores-da-Cunha-1-1024x682.jpeg 1024w, https:\/\/radiosolaris.com.br\/beta\/wp-content\/uploads\/2021\/07\/Carreta-com-placas-de-Sao-Paulo-tomba-na-VRS-814-em-Flores-da-Cunha-1-300x200.jpeg 300w, https:\/\/radiosolaris.com.br\/beta\/wp-content\/uploads\/2021\/07\/Carreta-com-placas-de-Sao-Paulo-tomba-na-VRS-814-em-Flores-da-Cunha-1-768x512.jpeg 768w, https:\/\/radiosolaris.com.br\/beta\/wp-content\/uploads\/2021\/07\/Carreta-com-placas-de-Sao-Paulo-tomba-na-VRS-814-em-Flores-da-Cunha-1.jpeg 1280w\" ><\/a><\/figure><\/li><li class=\"blocks-gallery-item\"><figure><a href=\"https:\/\/radiosolaris.com.br\/beta\/wp-content\/uploads\/2021\/07\/Carreta-com-placas-de-Sao-Paulo-tomba-na-VRS-814-em-Flores-da-Cunha-2.jpeg\"><img  decoding=\"async\"  src=\"data:image\/png;base64,iVBORw0KGgoAAAANSUhEUgAAAAEAAAABAQMAAAAl21bKAAAAA1BMVEUAAP+KeNJXAAAAAXRSTlMAQObYZgAAAAlwSFlzAAAOxAAADsQBlSsOGwAAAApJREFUCNdjYAAAAAIAAeIhvDMAAAAASUVORK5CYII=\"  alt=\"\"  data-id=\"56509\"  data-full-url=\"https:\/\/radiosolaris.com.br\/beta\/wp-content\/uploads\/2021\/07\/Carreta-com-placas-de-Sao-Paulo-tomba-na-VRS-814-em-Flores-da-Cunha-2.jpeg\"  data-link=\"https:\/\/radiosolaris.com.br\/beta\/?attachment_id=56509\"  class=\"wp-image-56509 pk-lazyload\"  data-pk-sizes=\"auto\"  data-pk-src=\"https:\/\/radiosolaris.com.br\/beta\/wp-content\/uploads\/2021\/07\/Carreta-com-placas-de-Sao-Paulo-tomba-na-VRS-814-em-Flores-da-Cunha-2-1024x665.jpeg\" ><\/a><\/figure><\/li><li class=\"blocks-gallery-item\"><figure><a href=\"https:\/\/radiosolaris.com.br\/beta\/wp-content\/uploads\/2021\/07\/Carreta-com-placas-de-Sao-Paulo-tomba-na-VRS-814-em-Flores-da-Cunha-3.jpeg\"><img  loading=\"lazy\"  decoding=\"async\"  width=\"1024\"  height=\"682\"  src=\"data:image\/png;base64,iVBORw0KGgoAAAANSUhEUgAAAAEAAAABAQMAAAAl21bKAAAAA1BMVEUAAP+KeNJXAAAAAXRSTlMAQObYZgAAAAlwSFlzAAAOxAAADsQBlSsOGwAAAApJREFUCNdjYAAAAAIAAeIhvDMAAAAASUVORK5CYII=\"  alt=\"\"  data-id=\"56510\"  data-full-url=\"https:\/\/radiosolaris.com.br\/beta\/wp-content\/uploads\/2021\/07\/Carreta-com-placas-de-Sao-Paulo-tomba-na-VRS-814-em-Flores-da-Cunha-3.jpeg\"  data-link=\"https:\/\/radiosolaris.com.br\/beta\/?attachment_id=56510\"  class=\"wp-image-56510 pk-lazyload\"  data-pk-sizes=\"auto\"  data-ls-sizes=\"auto, (max-width: 1024px) 100vw, 1024px\"  data-pk-src=\"https:\/\/radiosolaris.com.br\/beta\/wp-content\/uploads\/2021\/07\/Carreta-com-placas-de-Sao-Paulo-tomba-na-VRS-814-em-Flores-da-Cunha-3-1024x682.jpeg\"  data-pk-srcset=\"https:\/\/radiosolaris.com.br\/beta\/wp-content\/uploads\/2021\/07\/Carreta-com-placas-de-Sao-Paulo-tomba-na-VRS-814-em-Flores-da-Cunha-3-1024x682.jpeg 1024w, https:\/\/radiosolaris.com.br\/beta\/wp-content\/uploads\/2021\/07\/Carreta-com-placas-de-Sao-Paulo-tomba-na-VRS-814-em-Flores-da-Cunha-3-300x200.jpeg 300w, https:\/\/radiosolaris.com.br\/beta\/wp-content\/uploads\/2021\/07\/Carreta-com-placas-de-Sao-Paulo-tomba-na-VRS-814-em-Flores-da-Cunha-3-768x512.jpeg 768w, https:\/\/radiosolaris.com.br\/beta\/wp-content\/uploads\/2021\/07\/Carreta-com-placas-de-Sao-Paulo-tomba-na-VRS-814-em-Flores-da-Cunha-3.jpeg 1280w\" ><\/a><\/figure><\/li><li class=\"blocks-gallery-item\"><figure><a href=\"https:\/\/radiosolaris.com.br\/beta\/wp-content\/uploads\/2021\/07\/Carreta-com-placas-de-Sao-Paulo-tomba-na-VRS-814-em-Flores-da-Cunha-4.jpeg\"><img  loading=\"lazy\"  decoding=\"async\"  width=\"1024\"  height=\"682\"  src=\"data:image\/png;base64,iVBORw0KGgoAAAANSUhEUgAAAAEAAAABAQMAAAAl21bKAAAAA1BMVEUAAP+KeNJXAAAAAXRSTlMAQObYZgAAAAlwSFlzAAAOxAAADsQBlSsOGwAAAApJREFUCNdjYAAAAAIAAeIhvDMAAAAASUVORK5CYII=\"  alt=\"\"  data-id=\"56511\"  data-full-url=\"https:\/\/radiosolaris.com.br\/beta\/wp-content\/uploads\/2021\/07\/Carreta-com-placas-de-Sao-Paulo-tomba-na-VRS-814-em-Flores-da-Cunha-4.jpeg\"  data-link=\"https:\/\/radiosolaris.com.br\/beta\/?attachment_id=56511\"  class=\"wp-image-56511 pk-lazyload\"  data-pk-sizes=\"auto\"  data-ls-sizes=\"auto, (max-width: 1024px) 100vw, 1024px\"  data-pk-src=\"https:\/\/radiosolaris.com.br\/beta\/wp-content\/uploads\/2021\/07\/Carreta-com-placas-de-Sao-Paulo-tomba-na-VRS-814-em-Flores-da-Cunha-4-1024x682.jpeg\"  data-pk-srcset=\"https:\/\/radiosolaris.com.br\/beta\/wp-content\/uploads\/2021\/07\/Carreta-com-placas-de-Sao-Paulo-tomba-na-VRS-814-em-Flores-da-Cunha-4-1024x682.jpeg 1024w, https:\/\/radiosolaris.com.br\/beta\/wp-content\/uploads\/2021\/07\/Carreta-com-placas-de-Sao-Paulo-tomba-na-VRS-814-em-Flores-da-Cunha-4-300x200.jpeg 300w, https:\/\/radiosolaris.com.br\/beta\/wp-content\/uploads\/2021\/07\/Carreta-com-placas-de-Sao-Paulo-tomba-na-VRS-814-em-Flores-da-Cunha-4-768x512.jpeg 768w, https:\/\/radiosolaris.com.br\/beta\/wp-content\/uploads\/2021\/07\/Carreta-com-placas-de-Sao-Paulo-tomba-na-VRS-814-em-Flores-da-Cunha-4.jpeg 1280w\" ><\/a><\/figure><\/li><\/ul><figcaption class=\"blocks-gallery-caption\">Fotos: Bruna Picinini\/ Grupo Solaris<\/figcaption><\/figure>\n","protected":false},"excerpt":{"rendered":"<p>Ve\u00edculo seguia no sentido Flores-Nova P\u00e1dua, quando perdeu o controle e tombou sobre a pista Uma carreta com placas de Campinas (SP), tombou na VRS-814, em Flores da Cunha na&hellip;<\/p>\n","protected":false},"author":13,"featured_media":56509,"comment_status":"closed","ping_status":"closed","sticky":false,"template":"","format":"standard","meta":{"_lmt_disableupdate":"","_lmt_disable":"","footnotes":""},"categories":[83],"tags":[307,580,6354,114,167,283,1243,351],"powerkit_post_featured":[],"class_list":{"0":"post-56507","1":"post","2":"type-post","3":"status-publish","4":"format-standard","5":"has-post-thumbnail","7":"category-serra-gaucha","8":"tag-acidente","9":"tag-caminhao","10":"tag-carreta-tombada","11":"tag-flores-da-cunha","12":"tag-nova-padua","13":"tag-serra-gaucha","14":"tag-tombamento","15":"tag-transito"},"modified_by":"Filipe Brogliatto","_links":{"self":[{"href":"https:\/\/radiosolaris.com.br\/beta\/wp-json\/wp\/v2\/posts\/56507","targetHints":{"allow":["GET"]}}],"collection":[{"href":"https:\/\/radiosolaris.com.br\/beta\/wp-json\/wp\/v2\/posts"}],"about":[{"href":"https:\/\/radiosolaris.com.br\/beta\/wp-json\/wp\/v2\/types\/post"}],"author":[{"embeddable":true,"href":"https:\/\/radiosolaris.com.br\/beta\/wp-json\/wp\/v2\/users\/13"}],"replies":[{"embeddable":true,"href":"https:\/\/radiosolaris.com.br\/beta\/wp-json\/wp\/v2\/comments?post=56507"}],"version-history":[{"count":0,"href":"https:\/\/radiosolaris.com.br\/beta\/wp-json\/wp\/v2\/posts\/56507\/revisions"}],"wp:featuredmedia":[{"embeddable":true,"href":"https:\/\/radiosolaris.com.br\/beta\/wp-json\/wp\/v2\/media\/56509"}],"wp:attachment":[{"href":"https:\/\/radiosolaris.com.br\/beta\/wp-json\/wp\/v2\/media?parent=56507"}],"wp:term":[{"taxonomy":"category","embeddable":true,"href":"https:\/\/radiosolaris.com.br\/beta\/wp-json\/wp\/v2\/categories?post=56507"},{"taxonomy":"post_tag","embeddable":true,"href":"https:\/\/radiosolaris.com.br\/beta\/wp-json\/wp\/v2\/tags?post=56507"},{"taxonomy":"powerkit_post_featured","embeddable":true,"href":"https:\/\/radiosolaris.com.br\/beta\/wp-json\/wp\/v2\/powerkit_post_featured?post=56507"}],"curies":[{"name":"wp","href":"https:\/\/api.w.org\/{rel}","templated":true}]}}