{"id":56322,"date":"2021-06-28T15:27:27","date_gmt":"2021-06-28T18:27:27","guid":{"rendered":"https:\/\/radiosolaris.com.br\/beta\/?p=56322"},"modified":"2021-06-28T15:27:31","modified_gmt":"2021-06-28T18:27:31","slug":"acompanhe-o-andamento-da-obra-do-axten-hotel-em-antonio-prado","status":"publish","type":"post","link":"https:\/\/radiosolaris.com.br\/beta\/acompanhe-o-andamento-da-obra-do-axten-hotel-em-antonio-prado\/","title":{"rendered":"Acompanhe o andamento da obra do Axten Hotel em Ant\u00f4nio Prado"},"content":{"rendered":"\n<h4 id=\"a-finalizacao-da-obra-esta-orcada-em-cerca-de-r-25-milhoes\" class=\"wp-block-heading\">A finaliza\u00e7\u00e3o da obra est\u00e1 or\u00e7ada em cerca de R$ 25 milh\u00f5es <\/h4>\n\n\n\n<p>Na manh\u00e3 de sexta-feira (25), a reportagem da R\u00e1dio Solaris realizou visita a obra do Axten Hotel que est\u00e1 sendo constru\u00eddo em Ant\u00f4nio Prado.<\/p>\n\n\n\n<p>A visita foi coordenada pelo diretor de obras da empresa Nellfor, Hor\u00e1cio Elbio Castillo Forni, que mostrou a estrutura e falou sobre as expectativas para o novo empreendimento.<\/p>\n\n\n\n<p>Trata-se de um investimento com t\u00e9rmino or\u00e7ando em cerda de R$ 25 milh\u00f5es, que ter\u00e1 cinco andares e contar\u00e1 com 125 quartos para hospedagem sendo seis deles apartamentos adaptados para pessoas com defici\u00eancia, com portas mais largas, sem box, barras de apoio no banheiro, entre outras adapta\u00e7\u00f5es.<\/p>\n\n\n\n<figure class=\"wp-block-image size-large is-resized\"><img  loading=\"lazy\"  decoding=\"async\"  src=\"data:image\/png;base64,iVBORw0KGgoAAAANSUhEUgAAAAEAAAABAQMAAAAl21bKAAAAA1BMVEUAAP+KeNJXAAAAAXRSTlMAQObYZgAAAAlwSFlzAAAOxAAADsQBlSsOGwAAAApJREFUCNdjYAAAAAIAAeIhvDMAAAAASUVORK5CYII=\"  alt=\"\"  class=\"wp-image-56327 pk-lazyload\"  width=\"371\"  height=\"495\"  data-pk-sizes=\"auto\"  data-pk-src=\"https:\/\/radiosolaris.com.br\/beta\/wp-content\/uploads\/2021\/06\/WhatsApp-Image-2021-06-28-at-11.29.26.jpeg\" ><\/figure>\n\n\n\n<p>O pr\u00e9dio possui fachada com revestimento em alum\u00ednio, o que segundo Forni trata-se de um material de alto custo, mas que possui baixa manuten\u00e7\u00e3o. O diretor tamb\u00e9m comentou durante a visita que grande parte do material, m\u00f3veis, entre outros itens utilizados na constru\u00e7\u00e3o da obra s\u00e3o provenientes de empresas locais.<\/p>\n\n\n\n<h4 id=\"conhecendo-a-obra\" class=\"wp-block-heading\">Conhecendo a Obra<\/h4>\n\n\n\n<p>O espa\u00e7o interno do primeiro andar contar\u00e1 com recep\u00e7\u00e3o, ambiente para caf\u00e9 da manh\u00e3, salas de reuni\u00f5es, cozinha, \u00e1rea com piscina e hidromassagem, academia e espa\u00e7o kids. Tamb\u00e9m existe a possibilidade de algumas salas disponibilizadas para agroind\u00fastrias locais que poder\u00e3o expor seus produtos. Nos quartos os h\u00f3spedes contar\u00e3o com uma vista ampla de toda a cidade e poder\u00e3o apreciar um jardim de Arauc\u00e1rias constru\u00eddo no local.<\/p>\n\n\n\n<figure class=\"wp-block-image size-large is-resized\"><img  loading=\"lazy\"  decoding=\"async\"  src=\"data:image\/png;base64,iVBORw0KGgoAAAANSUhEUgAAAAEAAAABAQMAAAAl21bKAAAAA1BMVEUAAP+KeNJXAAAAAXRSTlMAQObYZgAAAAlwSFlzAAAOxAAADsQBlSsOGwAAAApJREFUCNdjYAAAAAIAAeIhvDMAAAAASUVORK5CYII=\"  alt=\"\"  class=\"wp-image-56328 pk-lazyload\"  width=\"385\"  height=\"513\"  data-pk-sizes=\"auto\"  data-ls-sizes=\"auto, (max-width: 385px) 100vw, 385px\"  data-pk-src=\"https:\/\/radiosolaris.com.br\/beta\/wp-content\/uploads\/2021\/06\/WhatsApp-Image-2021-06-28-at-11.29.27-1.jpeg\"  data-pk-srcset=\"https:\/\/radiosolaris.com.br\/beta\/wp-content\/uploads\/2021\/06\/WhatsApp-Image-2021-06-28-at-11.29.27-1.jpeg 768w, https:\/\/radiosolaris.com.br\/beta\/wp-content\/uploads\/2021\/06\/WhatsApp-Image-2021-06-28-at-11.29.27-1-225x300.jpeg 225w\" ><\/figure>\n\n\n\n<p>A parte da infraestrutura contar\u00e1 com um total de 32 caixas d\u2019\u00e1gua que devem abastecer todo o hotel al\u00e9m de mais seis caixas d\u2019\u00e1gua com capacidade de 60 mil litros, sendo tr\u00eas delas destinadas \u00e0 \u00e1gua reciclada, caldeira, sistema de tratamento de piscinas, cozinha e vesti\u00e1rios para funcion\u00e1rios e almoxarifado.\u00a0<\/p>\n\n\n\n<figure class=\"wp-block-image size-large is-resized\"><img  loading=\"lazy\"  decoding=\"async\"  src=\"data:image\/png;base64,iVBORw0KGgoAAAANSUhEUgAAAAEAAAABAQMAAAAl21bKAAAAA1BMVEUAAP+KeNJXAAAAAXRSTlMAQObYZgAAAAlwSFlzAAAOxAAADsQBlSsOGwAAAApJREFUCNdjYAAAAAIAAeIhvDMAAAAASUVORK5CYII=\"  alt=\"\"  class=\"wp-image-56329 pk-lazyload\"  width=\"399\"  height=\"532\"  data-pk-sizes=\"auto\"  data-ls-sizes=\"auto, (max-width: 399px) 100vw, 399px\"  data-pk-src=\"https:\/\/radiosolaris.com.br\/beta\/wp-content\/uploads\/2021\/06\/WhatsApp-Image-2021-06-28-at-11.29.27-4.jpeg\"  data-pk-srcset=\"https:\/\/radiosolaris.com.br\/beta\/wp-content\/uploads\/2021\/06\/WhatsApp-Image-2021-06-28-at-11.29.27-4.jpeg 768w, https:\/\/radiosolaris.com.br\/beta\/wp-content\/uploads\/2021\/06\/WhatsApp-Image-2021-06-28-at-11.29.27-4-225x300.jpeg 225w\" ><\/figure>\n\n\n\n<p>Forni destacou que o grupo Axten j\u00e1 possui um hotel em Caxias do Sul, est\u00e1 finalizando o segundo em Ant\u00f4nio Prado e pretende em breve ampliar a rede com a constru\u00e7\u00e3o de mais dois, sendo um em Flores da Cunha e outro possivelmente em Cambar\u00e1 do Sul que contar\u00e1 com uma estrutura para campo de golfe.<\/p>\n\n\n\n<p>O Hotel possu\u00eda previs\u00e3o para t\u00e9rmino em meados de setembro por\u00e9m devido a um contratempo na quantidade de apartamentos que necessitavam ser vendidos, algumas adequa\u00e7\u00f5es precisaram ser feitas.<\/p>\n\n\n\n<p>Fonte: Grupo Solaris &#8211; Rep\u00f3rter Ta\u00eds Vargas<\/p>\n","protected":false},"excerpt":{"rendered":"<p>A finaliza\u00e7\u00e3o da obra est\u00e1 or\u00e7ada em cerca de R$ 25 milh\u00f5es Na manh\u00e3 de sexta-feira (25), a reportagem da R\u00e1dio Solaris realizou visita a obra do Axten Hotel que&hellip;<\/p>\n","protected":false},"author":1,"featured_media":56326,"comment_status":"closed","ping_status":"closed","sticky":false,"template":"","format":"standard","meta":{"_lmt_disableupdate":"","_lmt_disable":"","footnotes":""},"categories":[1,83],"tags":[143,657],"powerkit_post_featured":[],"class_list":{"0":"post-56322","1":"post","2":"type-post","3":"status-publish","4":"format-standard","5":"has-post-thumbnail","7":"category-geral","8":"category-serra-gaucha","9":"tag-antonio-prado","10":"tag-axten-hotel"},"modified_by":null,"_links":{"self":[{"href":"https:\/\/radiosolaris.com.br\/beta\/wp-json\/wp\/v2\/posts\/56322","targetHints":{"allow":["GET"]}}],"collection":[{"href":"https:\/\/radiosolaris.com.br\/beta\/wp-json\/wp\/v2\/posts"}],"about":[{"href":"https:\/\/radiosolaris.com.br\/beta\/wp-json\/wp\/v2\/types\/post"}],"author":[{"embeddable":true,"href":"https:\/\/radiosolaris.com.br\/beta\/wp-json\/wp\/v2\/users\/1"}],"replies":[{"embeddable":true,"href":"https:\/\/radiosolaris.com.br\/beta\/wp-json\/wp\/v2\/comments?post=56322"}],"version-history":[{"count":0,"href":"https:\/\/radiosolaris.com.br\/beta\/wp-json\/wp\/v2\/posts\/56322\/revisions"}],"wp:featuredmedia":[{"embeddable":true,"href":"https:\/\/radiosolaris.com.br\/beta\/wp-json\/wp\/v2\/media\/56326"}],"wp:attachment":[{"href":"https:\/\/radiosolaris.com.br\/beta\/wp-json\/wp\/v2\/media?parent=56322"}],"wp:term":[{"taxonomy":"category","embeddable":true,"href":"https:\/\/radiosolaris.com.br\/beta\/wp-json\/wp\/v2\/categories?post=56322"},{"taxonomy":"post_tag","embeddable":true,"href":"https:\/\/radiosolaris.com.br\/beta\/wp-json\/wp\/v2\/tags?post=56322"},{"taxonomy":"powerkit_post_featured","embeddable":true,"href":"https:\/\/radiosolaris.com.br\/beta\/wp-json\/wp\/v2\/powerkit_post_featured?post=56322"}],"curies":[{"name":"wp","href":"https:\/\/api.w.org\/{rel}","templated":true}]}}