{"id":56289,"date":"2021-06-28T10:14:35","date_gmt":"2021-06-28T13:14:35","guid":{"rendered":"https:\/\/radiosolaris.com.br\/beta\/?p=56289"},"modified":"2021-06-28T10:33:46","modified_gmt":"2021-06-28T13:33:46","slug":"lazaro-e-morto-durante-troca-de-tiros-na-mata","status":"publish","type":"post","link":"https:\/\/radiosolaris.com.br\/beta\/lazaro-e-morto-durante-troca-de-tiros-na-mata\/","title":{"rendered":"L\u00e1zaro \u00e9 morto durante troca de tiros com a pol\u00edcia"},"content":{"rendered":"\n<h4 id=\"o-confronto-ocorreu-na-manha-desta-segunda-feira-28-depois-do-criminoso-passar-20-dias-foragido\" class=\"wp-block-heading\">O confronto ocorreu na manh\u00e3 desta segunda-feira (28), depois do criminoso passar 20 dias foragido<\/h4>\n\n\n\n<p>Suspeito de matar uma fam\u00edlia no Distrito Federal (DF) e balear outras cinco pessoas numa s\u00e9rie de assaltos em ch\u00e1caras na capital do pa\u00eds e em Goi\u00e1s, L\u00e1zaro Barbosa de Sousa, 32 anos, foi morto durante confronto com for\u00e7as policiais na manh\u00e3 desta segunda-feira (28).<\/p>\n\n\n\n<p>O governador do estado de Goi\u00e1s, Ronaldo Caiado, anunciou em suas redes sociais que o serial killer teia sido preso. Na sequ\u00eancia, agentes que trabalharam na captura informaram que ele estaria morto.<\/p>\n\n\n\n<p>L\u00e1zaro estava foragido havia 20 dias. As buscas come\u00e7aram no dia 9 de junho, ap\u00f3s o crime no DF. Na fuga, ele roubou um carro e foi para a cidade de Cocalzinho de Goi\u00e1s, a 80 km de dist\u00e2ncia. Desde ent\u00e3o, foi perseguido pela for\u00e7a-tarefa policial pelas matas da regi\u00e3o.<\/p>\n\n\n\n<p>Drones, helic\u00f3pteros, r\u00e1dios comunicadores e at\u00e9 um caminh\u00e3o com uma plataforma de observa\u00e7\u00e3o elevada de videomonitoramento ajudaram nas opera\u00e7\u00f5es. C\u00e3es farejadores tamb\u00e9m atuaram na ca\u00e7ada a L\u00e1zaro.<\/p>\n\n\n\n<p>Durante a persegui\u00e7\u00e3o, L\u00e1zaro invadiu ao menos 11 fazendas, trocou tiros e baleou moradores, dois policiais militares e um oficial da For\u00e7a A\u00e9rea Brasileira (FAB).<\/p>\n\n\n\n<p><\/p>\n","protected":false},"excerpt":{"rendered":"<p>O confronto ocorreu na manh\u00e3 desta segunda-feira (28), depois do criminoso passar 20 dias foragido Suspeito de matar uma fam\u00edlia no Distrito Federal (DF) e balear outras cinco pessoas numa&hellip;<\/p>\n","protected":false},"author":17,"featured_media":56292,"comment_status":"closed","ping_status":"closed","sticky":false,"template":"","format":"standard","meta":{"_lmt_disableupdate":"","_lmt_disable":"","footnotes":""},"categories":[84],"tags":[186,2603,7448,7449,2955,7450,283],"powerkit_post_featured":[],"class_list":{"0":"post-56289","1":"post","2":"type-post","3":"status-publish","4":"format-standard","5":"has-post-thumbnail","7":"category-brasil","8":"tag-brasil","9":"tag-confronto","10":"tag-lazaro","11":"tag-lazaro-e-morto-a-tiros","12":"tag-morto","13":"tag-serial-killer","14":"tag-serra-gaucha"},"modified_by":"Igor Panzenhagen","_links":{"self":[{"href":"https:\/\/radiosolaris.com.br\/beta\/wp-json\/wp\/v2\/posts\/56289","targetHints":{"allow":["GET"]}}],"collection":[{"href":"https:\/\/radiosolaris.com.br\/beta\/wp-json\/wp\/v2\/posts"}],"about":[{"href":"https:\/\/radiosolaris.com.br\/beta\/wp-json\/wp\/v2\/types\/post"}],"author":[{"embeddable":true,"href":"https:\/\/radiosolaris.com.br\/beta\/wp-json\/wp\/v2\/users\/17"}],"replies":[{"embeddable":true,"href":"https:\/\/radiosolaris.com.br\/beta\/wp-json\/wp\/v2\/comments?post=56289"}],"version-history":[{"count":0,"href":"https:\/\/radiosolaris.com.br\/beta\/wp-json\/wp\/v2\/posts\/56289\/revisions"}],"wp:featuredmedia":[{"embeddable":true,"href":"https:\/\/radiosolaris.com.br\/beta\/wp-json\/wp\/v2\/media\/56292"}],"wp:attachment":[{"href":"https:\/\/radiosolaris.com.br\/beta\/wp-json\/wp\/v2\/media?parent=56289"}],"wp:term":[{"taxonomy":"category","embeddable":true,"href":"https:\/\/radiosolaris.com.br\/beta\/wp-json\/wp\/v2\/categories?post=56289"},{"taxonomy":"post_tag","embeddable":true,"href":"https:\/\/radiosolaris.com.br\/beta\/wp-json\/wp\/v2\/tags?post=56289"},{"taxonomy":"powerkit_post_featured","embeddable":true,"href":"https:\/\/radiosolaris.com.br\/beta\/wp-json\/wp\/v2\/powerkit_post_featured?post=56289"}],"curies":[{"name":"wp","href":"https:\/\/api.w.org\/{rel}","templated":true}]}}