{"id":55391,"date":"2021-06-14T21:00:30","date_gmt":"2021-06-15T00:00:30","guid":{"rendered":"https:\/\/radiosolaris.com.br\/beta\/?p=55391"},"modified":"2021-06-15T13:21:01","modified_gmt":"2021-06-15T16:21:01","slug":"escola-sao-pelegrino-desde-1990-transformando-a-educacao-na-serra-gaucha","status":"publish","type":"post","link":"https:\/\/radiosolaris.com.br\/beta\/escola-sao-pelegrino-desde-1990-transformando-a-educacao-na-serra-gaucha\/","title":{"rendered":"Escola S\u00e3o Pelegrino, desde 1990 transformando a educa\u00e7\u00e3o na Serra ga\u00facha"},"content":{"rendered":"\n<h4 id=\"a-reportagem-da-radio-solaris-conversou-com-andreia-boldo-marostica-diretora-de-ensino-na-unidade-caxias-do-sul\" class=\"wp-block-heading\">A reportagem da R\u00e1dio Solaris conversou com Andreia Boldo Marostica, diretora de ensino na unidade Caxias do Sul<\/h4>\n\n\n\n<p>A Escola S\u00e3o Pelegrino (ESP) \u00e9 uma institui\u00e7\u00e3o de ensino especializada em cursos t\u00e9cnicos e profissionalizantes, e tem como objetivo oportunizar ao mercado conhecimento te\u00f3rico e pr\u00e1tico na forma\u00e7\u00e3o profissional, contribuindo com o crescimento das comunidades em que atua. A reportagem da R\u00e1dio Solaris 99.1 FM conversou com Andreia Boldo Marostica, diretora de ensino na unidade Caxias do Sul, para conhecer a institui\u00e7\u00e3o.<br><br>Fundada em 1990, inicialmente oferecia treinamentos em inform\u00e1tica. A partir de 2002, a escola come\u00e7a a ampliar seu portf\u00f3lio e hoje conta com nove cursos t\u00e9cnicos e mais de 20 cursos profissionalizantes. Al\u00e9m disso, a ESP, como \u00e9 conhecida, \u00e9 polo EAD (estudo a dist\u00e2ncia) da Faculdade Assis Gurgacz.<br><br>Com o decreto estadual que permitiu o retorno das aulas presenciais, as tr\u00eas unidades da escola, nos munic\u00edpios de Caxias do Sul, Carlos Barbosa e Nova Prata, reabriram suas portas. Segundo Andreia, os professores, atrav\u00e9s das plataformas de ensino virtual, buscam \u201cdeixar o aluno o m\u00e1ximo a vontade, mas receber o aluno no espa\u00e7o f\u00edsico da institui\u00e7\u00e3o \u00e9 muito melhor\u201d. A escola conta com laborat\u00f3rios de inform\u00e1tica, biblioteca e diversos ambientes que oportunizam um ambiente de ensino acolhedor.<br><br>A diretora conta que os professores da ESP buscam respeitar os valores individuais de cada estudante, entendendo as diferentes realidades em que cada um est\u00e1 inserido e procurando entender os seus objetivos com cada curso. \u201cVoc\u00ea percebe as pessoas se transformando pela educa\u00e7\u00e3o e transformando muitos sonhos atrav\u00e9s dela\u201d, resume ela com orgulho.<br><br>Atenta as mudan\u00e7as constantes do mercado de trabalho, a escola vem tralhando com o Projeto Cocriar, que, de acordo com a professora Andreia, \u00e9 uma \u201cinova\u00e7\u00e3o na arte de ensinar\u201d. O programa, que atende os estudantes de todos os cursos, busca tornar o profissional melhor preparado para diferentes cen\u00e1rios de um futuro incerto.<br><br>Segundo a diretora de ensino, a metodologia da escola vem se tornando cada vez mais imersiva: \u201ca gente est\u00e1 extraindo o que h\u00e1 de melhor em cada um dos nossos alunos\u201d. A partir dos valores da empresa, que s\u00e3o compet\u00eancia, \u00e9tica, responsabilidade e envolvimento, a vis\u00e3o da ESP \u00e9 ser refer\u00eancia como formadora de profissionais qualificados e comprometidos.<\/p>\n\n\n\n<figure class=\"wp-block-gallery columns-1 is-cropped wp-block-gallery-1 is-layout-flex wp-block-gallery-is-layout-flex\"><ul class=\"blocks-gallery-grid\"><li class=\"blocks-gallery-item\"><figure><a href=\"https:\/\/radiosolaris.com.br\/beta\/wp-content\/uploads\/2021\/06\/WhatsApp-Image-2021-06-14-at-17.30.42.jpeg\"><img  decoding=\"async\"  src=\"data:image\/png;base64,iVBORw0KGgoAAAANSUhEUgAAAAEAAAABAQMAAAAl21bKAAAAA1BMVEUAAP+KeNJXAAAAAXRSTlMAQObYZgAAAAlwSFlzAAAOxAAADsQBlSsOGwAAAApJREFUCNdjYAAAAAIAAeIhvDMAAAAASUVORK5CYII=\"  alt=\"\"  data-id=\"55392\"  data-full-url=\"https:\/\/radiosolaris.com.br\/beta\/wp-content\/uploads\/2021\/06\/WhatsApp-Image-2021-06-14-at-17.30.42.jpeg\"  data-link=\"https:\/\/radiosolaris.com.br\/beta\/?attachment_id=55392\"  class=\"wp-image-55392 pk-lazyload\"  data-pk-sizes=\"auto\"  data-pk-src=\"https:\/\/radiosolaris.com.br\/beta\/wp-content\/uploads\/2021\/06\/WhatsApp-Image-2021-06-14-at-17.30.42-1024x894.jpeg\" ><\/a><figcaption class=\"blocks-gallery-item__caption\">Foto: Filipe Brogliatto<\/figcaption><\/figure><\/li><\/ul><\/figure>\n","protected":false},"excerpt":{"rendered":"<p>A reportagem da R\u00e1dio Solaris conversou com Andreia Boldo Marostica, diretora de ensino na unidade Caxias do Sul A Escola S\u00e3o Pelegrino (ESP) \u00e9 uma institui\u00e7\u00e3o de ensino especializada em&hellip;<\/p>\n","protected":false},"author":17,"featured_media":55392,"comment_status":"closed","ping_status":"closed","sticky":false,"template":"","format":"standard","meta":{"_lmt_disableupdate":"","_lmt_disable":"","footnotes":""},"categories":[1],"tags":[638,148,1531,182,7303,4829,6902,867,7304,283],"powerkit_post_featured":[],"class_list":{"0":"post-55391","1":"post","2":"type-post","3":"status-publish","4":"format-standard","5":"has-post-thumbnail","7":"category-geral","8":"tag-carlos-barbosa","9":"tag-caxias-do-sul","10":"tag-cursos","11":"tag-educacao","12":"tag-ensino-tecnico","13":"tag-escola-sao-pelegrino","14":"tag-gente-que-faz","15":"tag-nova-prata","16":"tag-profissionalizante","17":"tag-serra-gaucha"},"modified_by":"Bruna Picinini","_links":{"self":[{"href":"https:\/\/radiosolaris.com.br\/beta\/wp-json\/wp\/v2\/posts\/55391","targetHints":{"allow":["GET"]}}],"collection":[{"href":"https:\/\/radiosolaris.com.br\/beta\/wp-json\/wp\/v2\/posts"}],"about":[{"href":"https:\/\/radiosolaris.com.br\/beta\/wp-json\/wp\/v2\/types\/post"}],"author":[{"embeddable":true,"href":"https:\/\/radiosolaris.com.br\/beta\/wp-json\/wp\/v2\/users\/17"}],"replies":[{"embeddable":true,"href":"https:\/\/radiosolaris.com.br\/beta\/wp-json\/wp\/v2\/comments?post=55391"}],"version-history":[{"count":0,"href":"https:\/\/radiosolaris.com.br\/beta\/wp-json\/wp\/v2\/posts\/55391\/revisions"}],"wp:featuredmedia":[{"embeddable":true,"href":"https:\/\/radiosolaris.com.br\/beta\/wp-json\/wp\/v2\/media\/55392"}],"wp:attachment":[{"href":"https:\/\/radiosolaris.com.br\/beta\/wp-json\/wp\/v2\/media?parent=55391"}],"wp:term":[{"taxonomy":"category","embeddable":true,"href":"https:\/\/radiosolaris.com.br\/beta\/wp-json\/wp\/v2\/categories?post=55391"},{"taxonomy":"post_tag","embeddable":true,"href":"https:\/\/radiosolaris.com.br\/beta\/wp-json\/wp\/v2\/tags?post=55391"},{"taxonomy":"powerkit_post_featured","embeddable":true,"href":"https:\/\/radiosolaris.com.br\/beta\/wp-json\/wp\/v2\/powerkit_post_featured?post=55391"}],"curies":[{"name":"wp","href":"https:\/\/api.w.org\/{rel}","templated":true}]}}