{"id":55338,"date":"2021-06-14T08:39:30","date_gmt":"2021-06-14T11:39:30","guid":{"rendered":"https:\/\/radiosolaris.com.br\/beta\/?p=55338"},"modified":"2021-06-14T08:39:33","modified_gmt":"2021-06-14T11:39:33","slug":"ipe-pessoas-acima-de-50-anos-recebem-nesta-terca15-vacina-contra-covid-19","status":"publish","type":"post","link":"https:\/\/radiosolaris.com.br\/beta\/ipe-pessoas-acima-de-50-anos-recebem-nesta-terca15-vacina-contra-covid-19\/","title":{"rendered":"Ip\u00ea: Pessoas acima de 50 anos recebem nesta ter\u00e7a(15) vacina contra covid-19"},"content":{"rendered":"\n<h4 id=\"o-drive-thru-sera-realizado-em-frente-a-igreja-matriz-das-8h-as-13h\" class=\"wp-block-heading\">O Drive thru ser\u00e1 realizado em frente a Igreja Matriz das 8h \u00e0s 13h<\/h4>\n\n\n\n<p>A Secretaria Municipal de Sa\u00fade de Ip\u00ea realiza nesta ter\u00e7a-feira (15), drive thru de vacina\u00e7\u00e3o contra Covid-19 em adultos acima de 50 anos.<\/p>\n\n\n\n<p>A primeira dose ser\u00e1 aplicada no hor\u00e1rio das 8h \u00e0s 13h em frente a Igreja Matriz do munic\u00edpio.<\/p>\n\n\n\n<p>Nas localidades S\u00e3o Paulino e Vila Segredo a comunidade deve realizar agendamento pr\u00e9vio nas Unidades B\u00e1sicas de Sa\u00fade.<\/p>\n\n\n\n<p>A popula\u00e7\u00e3o contemplada nesta etapa deve apresentar no momento da vacina carteira de vacina\u00e7\u00e3o, CPF e caso possua tamb\u00e9m, o Cart\u00e3o SUS.<\/p>\n\n\n\n<p><\/p>\n\n\n\n<p>Fonte: Grupo Solaris &#8211; Rep\u00f3rter Ta\u00eds Vargas <\/p>\n","protected":false},"excerpt":{"rendered":"<p>O Drive thru ser\u00e1 realizado em frente a Igreja Matriz das 8h \u00e0s 13h A Secretaria Municipal de Sa\u00fade de Ip\u00ea realiza nesta ter\u00e7a-feira (15), drive thru de vacina\u00e7\u00e3o contra&hellip;<\/p>\n","protected":false},"author":1,"featured_media":55339,"comment_status":"closed","ping_status":"closed","sticky":false,"template":"","format":"standard","meta":{"_lmt_disableupdate":"","_lmt_disable":"","footnotes":""},"categories":[1855,83],"tags":[6422,116,6006],"powerkit_post_featured":[],"class_list":{"0":"post-55338","1":"post","2":"type-post","3":"status-publish","4":"format-standard","5":"has-post-thumbnail","7":"category-saude","8":"category-serra-gaucha","9":"tag-drive-trhu","10":"tag-ipe","11":"tag-vacinacao-coronavirus"},"modified_by":null,"_links":{"self":[{"href":"https:\/\/radiosolaris.com.br\/beta\/wp-json\/wp\/v2\/posts\/55338","targetHints":{"allow":["GET"]}}],"collection":[{"href":"https:\/\/radiosolaris.com.br\/beta\/wp-json\/wp\/v2\/posts"}],"about":[{"href":"https:\/\/radiosolaris.com.br\/beta\/wp-json\/wp\/v2\/types\/post"}],"author":[{"embeddable":true,"href":"https:\/\/radiosolaris.com.br\/beta\/wp-json\/wp\/v2\/users\/1"}],"replies":[{"embeddable":true,"href":"https:\/\/radiosolaris.com.br\/beta\/wp-json\/wp\/v2\/comments?post=55338"}],"version-history":[{"count":0,"href":"https:\/\/radiosolaris.com.br\/beta\/wp-json\/wp\/v2\/posts\/55338\/revisions"}],"wp:featuredmedia":[{"embeddable":true,"href":"https:\/\/radiosolaris.com.br\/beta\/wp-json\/wp\/v2\/media\/55339"}],"wp:attachment":[{"href":"https:\/\/radiosolaris.com.br\/beta\/wp-json\/wp\/v2\/media?parent=55338"}],"wp:term":[{"taxonomy":"category","embeddable":true,"href":"https:\/\/radiosolaris.com.br\/beta\/wp-json\/wp\/v2\/categories?post=55338"},{"taxonomy":"post_tag","embeddable":true,"href":"https:\/\/radiosolaris.com.br\/beta\/wp-json\/wp\/v2\/tags?post=55338"},{"taxonomy":"powerkit_post_featured","embeddable":true,"href":"https:\/\/radiosolaris.com.br\/beta\/wp-json\/wp\/v2\/powerkit_post_featured?post=55338"}],"curies":[{"name":"wp","href":"https:\/\/api.w.org\/{rel}","templated":true}]}}