{"id":55046,"date":"2021-06-08T15:03:18","date_gmt":"2021-06-08T18:03:18","guid":{"rendered":"https:\/\/radiosolaris.com.br\/beta\/?p=55046"},"modified":"2021-06-08T15:29:00","modified_gmt":"2021-06-08T18:29:00","slug":"carreta-carregada-de-garrafas-tomba-proximo-ao-portico-de-flores-da-cunha","status":"publish","type":"post","link":"https:\/\/radiosolaris.com.br\/beta\/carreta-carregada-de-garrafas-tomba-proximo-ao-portico-de-flores-da-cunha\/","title":{"rendered":"Carreta carregada de garrafas tomba pr\u00f3ximo ao p\u00f3rtico de Flores da Cunha"},"content":{"rendered":"\n<h4 id=\"acidente-foi-registrado-pouco-depois-das-14h-no-prolongamento-da-avenida-25-de-julho-no-acesso-sul\" class=\"wp-block-heading\">Acidente foi registrado pouco depois das 14h, no prolongamento da Avenida 25 de Julho, no acesso sul<\/h4>\n\n\n\n<p>Uma carreta com placas de Caxias do Sul, tombou na tarde desta ter\u00e7a-feira (8), no acesso sul de Flores da Cunha. De acordo com informa\u00e7\u00f5es de populares, o acidente ocorreu pouco depois das 14h, pr\u00f3ximo ao p\u00f3rtico, no bairro S\u00e3o Pedro.<\/p>\n\n\n\n<p>Segundo a Brigada Militar (BM), o motorista do caminh\u00e3o, que transportava garrafas de vidro vazias, seguia no sentido Caxias-Flores, quando por motivos ainda desconhecidos, perdeu o controle e tombou sobre a pista, na Avenida 25 de Julho.<\/p>\n\n\n\n<p>O Corpo de Bombeiros e o Samu retiraram a v\u00edtima do caminh\u00e3o, com ferimentos leves e escoria\u00e7\u00f5es. O homem, que estaria em estado de choque, foi encaminhado ao Pronto-atendimento do Hospital F\u00e1tima, onde permanece em observa\u00e7\u00e3o.<\/p>\n\n\n\n<p>O tr\u00e2nsito segue parcialmente bloqueado na regi\u00e3o at\u00e9 a retirada do ve\u00edculo. Por enquanto, n\u00e3o h\u00e1 previs\u00e3o para a libera\u00e7\u00e3o total da via. A BM est\u00e1 orientando os motoristas no local para que desviem o acidente. \u00a0<\/p>\n\n\n\n<figure class=\"wp-block-gallery columns-1 is-cropped wp-block-gallery-1 is-layout-flex wp-block-gallery-is-layout-flex\"><ul class=\"blocks-gallery-grid\"><li class=\"blocks-gallery-item\"><figure><a href=\"https:\/\/radiosolaris.com.br\/beta\/wp-content\/uploads\/2021\/06\/Carreta-carregada-de-garrafas-tomba-proximo-ao-portico-de-Flores-da-Cunha-1.jpeg\"><img  loading=\"lazy\"  decoding=\"async\"  width=\"1024\"  height=\"576\"  src=\"data:image\/png;base64,iVBORw0KGgoAAAANSUhEUgAAAAEAAAABAQMAAAAl21bKAAAAA1BMVEUAAP+KeNJXAAAAAXRSTlMAQObYZgAAAAlwSFlzAAAOxAAADsQBlSsOGwAAAApJREFUCNdjYAAAAAIAAeIhvDMAAAAASUVORK5CYII=\"  alt=\"\"  data-id=\"55047\"  data-full-url=\"https:\/\/radiosolaris.com.br\/beta\/wp-content\/uploads\/2021\/06\/Carreta-carregada-de-garrafas-tomba-proximo-ao-portico-de-Flores-da-Cunha-1.jpeg\"  data-link=\"https:\/\/radiosolaris.com.br\/beta\/?attachment_id=55047\"  class=\"wp-image-55047 pk-lazyload\"  data-pk-sizes=\"auto\"  data-ls-sizes=\"auto, (max-width: 1024px) 100vw, 1024px\"  data-pk-src=\"https:\/\/radiosolaris.com.br\/beta\/wp-content\/uploads\/2021\/06\/Carreta-carregada-de-garrafas-tomba-proximo-ao-portico-de-Flores-da-Cunha-1-1024x576.jpeg\"  data-pk-srcset=\"https:\/\/radiosolaris.com.br\/beta\/wp-content\/uploads\/2021\/06\/Carreta-carregada-de-garrafas-tomba-proximo-ao-portico-de-Flores-da-Cunha-1-1024x576.jpeg 1024w, https:\/\/radiosolaris.com.br\/beta\/wp-content\/uploads\/2021\/06\/Carreta-carregada-de-garrafas-tomba-proximo-ao-portico-de-Flores-da-Cunha-1-300x169.jpeg 300w, https:\/\/radiosolaris.com.br\/beta\/wp-content\/uploads\/2021\/06\/Carreta-carregada-de-garrafas-tomba-proximo-ao-portico-de-Flores-da-Cunha-1-768x432.jpeg 768w, https:\/\/radiosolaris.com.br\/beta\/wp-content\/uploads\/2021\/06\/Carreta-carregada-de-garrafas-tomba-proximo-ao-portico-de-Flores-da-Cunha-1.jpeg 1280w\" ><\/a><\/figure><\/li><li class=\"blocks-gallery-item\"><figure><a href=\"https:\/\/radiosolaris.com.br\/beta\/wp-content\/uploads\/2021\/06\/Carreta-carregada-de-garrafas-tomba-proximo-ao-portico-de-Flores-da-Cunha-2.jpeg\"><img  loading=\"lazy\"  decoding=\"async\"  width=\"1024\"  height=\"576\"  src=\"data:image\/png;base64,iVBORw0KGgoAAAANSUhEUgAAAAEAAAABAQMAAAAl21bKAAAAA1BMVEUAAP+KeNJXAAAAAXRSTlMAQObYZgAAAAlwSFlzAAAOxAAADsQBlSsOGwAAAApJREFUCNdjYAAAAAIAAeIhvDMAAAAASUVORK5CYII=\"  alt=\"\"  data-id=\"55048\"  data-full-url=\"https:\/\/radiosolaris.com.br\/beta\/wp-content\/uploads\/2021\/06\/Carreta-carregada-de-garrafas-tomba-proximo-ao-portico-de-Flores-da-Cunha-2.jpeg\"  data-link=\"https:\/\/radiosolaris.com.br\/beta\/?attachment_id=55048\"  class=\"wp-image-55048 pk-lazyload\"  data-pk-sizes=\"auto\"  data-ls-sizes=\"auto, (max-width: 1024px) 100vw, 1024px\"  data-pk-src=\"https:\/\/radiosolaris.com.br\/beta\/wp-content\/uploads\/2021\/06\/Carreta-carregada-de-garrafas-tomba-proximo-ao-portico-de-Flores-da-Cunha-2-1024x576.jpeg\"  data-pk-srcset=\"https:\/\/radiosolaris.com.br\/beta\/wp-content\/uploads\/2021\/06\/Carreta-carregada-de-garrafas-tomba-proximo-ao-portico-de-Flores-da-Cunha-2-1024x576.jpeg 1024w, https:\/\/radiosolaris.com.br\/beta\/wp-content\/uploads\/2021\/06\/Carreta-carregada-de-garrafas-tomba-proximo-ao-portico-de-Flores-da-Cunha-2-300x169.jpeg 300w, https:\/\/radiosolaris.com.br\/beta\/wp-content\/uploads\/2021\/06\/Carreta-carregada-de-garrafas-tomba-proximo-ao-portico-de-Flores-da-Cunha-2-768x432.jpeg 768w, https:\/\/radiosolaris.com.br\/beta\/wp-content\/uploads\/2021\/06\/Carreta-carregada-de-garrafas-tomba-proximo-ao-portico-de-Flores-da-Cunha-2.jpeg 1280w\" ><\/a><\/figure><\/li><li class=\"blocks-gallery-item\"><figure><a href=\"https:\/\/radiosolaris.com.br\/beta\/wp-content\/uploads\/2021\/06\/Carreta-carregada-de-garrafas-tomba-proximo-ao-portico-de-Flores-da-Cunha-4.jpeg\"><img  decoding=\"async\"  src=\"data:image\/png;base64,iVBORw0KGgoAAAANSUhEUgAAAAEAAAABAQMAAAAl21bKAAAAA1BMVEUAAP+KeNJXAAAAAXRSTlMAQObYZgAAAAlwSFlzAAAOxAAADsQBlSsOGwAAAApJREFUCNdjYAAAAAIAAeIhvDMAAAAASUVORK5CYII=\"  alt=\"\"  data-id=\"55050\"  data-full-url=\"https:\/\/radiosolaris.com.br\/beta\/wp-content\/uploads\/2021\/06\/Carreta-carregada-de-garrafas-tomba-proximo-ao-portico-de-Flores-da-Cunha-4.jpeg\"  data-link=\"https:\/\/radiosolaris.com.br\/beta\/?attachment_id=55050\"  class=\"wp-image-55050 pk-lazyload\"  data-pk-sizes=\"auto\"  data-pk-src=\"https:\/\/radiosolaris.com.br\/beta\/wp-content\/uploads\/2021\/06\/Carreta-carregada-de-garrafas-tomba-proximo-ao-portico-de-Flores-da-Cunha-4-1024x576.jpeg\" ><\/a><\/figure><\/li><li class=\"blocks-gallery-item\"><figure><a href=\"https:\/\/radiosolaris.com.br\/beta\/wp-content\/uploads\/2021\/06\/Carreta-carregada-de-garrafas-tomba-proximo-ao-portico-de-Flores-da-Cunha-5.jpeg\"><img  loading=\"lazy\"  decoding=\"async\"  width=\"1024\"  height=\"576\"  src=\"data:image\/png;base64,iVBORw0KGgoAAAANSUhEUgAAAAEAAAABAQMAAAAl21bKAAAAA1BMVEUAAP+KeNJXAAAAAXRSTlMAQObYZgAAAAlwSFlzAAAOxAAADsQBlSsOGwAAAApJREFUCNdjYAAAAAIAAeIhvDMAAAAASUVORK5CYII=\"  alt=\"\"  data-id=\"55051\"  data-full-url=\"https:\/\/radiosolaris.com.br\/beta\/wp-content\/uploads\/2021\/06\/Carreta-carregada-de-garrafas-tomba-proximo-ao-portico-de-Flores-da-Cunha-5.jpeg\"  data-link=\"https:\/\/radiosolaris.com.br\/beta\/?attachment_id=55051\"  class=\"wp-image-55051 pk-lazyload\"  data-pk-sizes=\"auto\"  data-ls-sizes=\"auto, (max-width: 1024px) 100vw, 1024px\"  data-pk-src=\"https:\/\/radiosolaris.com.br\/beta\/wp-content\/uploads\/2021\/06\/Carreta-carregada-de-garrafas-tomba-proximo-ao-portico-de-Flores-da-Cunha-5-1024x576.jpeg\"  data-pk-srcset=\"https:\/\/radiosolaris.com.br\/beta\/wp-content\/uploads\/2021\/06\/Carreta-carregada-de-garrafas-tomba-proximo-ao-portico-de-Flores-da-Cunha-5-1024x576.jpeg 1024w, https:\/\/radiosolaris.com.br\/beta\/wp-content\/uploads\/2021\/06\/Carreta-carregada-de-garrafas-tomba-proximo-ao-portico-de-Flores-da-Cunha-5-300x169.jpeg 300w, https:\/\/radiosolaris.com.br\/beta\/wp-content\/uploads\/2021\/06\/Carreta-carregada-de-garrafas-tomba-proximo-ao-portico-de-Flores-da-Cunha-5-768x432.jpeg 768w, https:\/\/radiosolaris.com.br\/beta\/wp-content\/uploads\/2021\/06\/Carreta-carregada-de-garrafas-tomba-proximo-ao-portico-de-Flores-da-Cunha-5.jpeg 1280w\" ><\/a><\/figure><\/li><li class=\"blocks-gallery-item\"><figure><a href=\"https:\/\/radiosolaris.com.br\/beta\/wp-content\/uploads\/2021\/06\/Carreta-carregada-de-garrafas-tomba-proximo-ao-portico-de-Flores-da-Cunha-6.jpeg\"><img  decoding=\"async\"  src=\"data:image\/png;base64,iVBORw0KGgoAAAANSUhEUgAAAAEAAAABAQMAAAAl21bKAAAAA1BMVEUAAP+KeNJXAAAAAXRSTlMAQObYZgAAAAlwSFlzAAAOxAAADsQBlSsOGwAAAApJREFUCNdjYAAAAAIAAeIhvDMAAAAASUVORK5CYII=\"  alt=\"\"  data-id=\"55052\"  data-full-url=\"https:\/\/radiosolaris.com.br\/beta\/wp-content\/uploads\/2021\/06\/Carreta-carregada-de-garrafas-tomba-proximo-ao-portico-de-Flores-da-Cunha-6.jpeg\"  data-link=\"https:\/\/radiosolaris.com.br\/beta\/?attachment_id=55052\"  class=\"wp-image-55052 pk-lazyload\"  data-pk-sizes=\"auto\"  data-pk-src=\"https:\/\/radiosolaris.com.br\/beta\/wp-content\/uploads\/2021\/06\/Carreta-carregada-de-garrafas-tomba-proximo-ao-portico-de-Flores-da-Cunha-6-1024x576.jpeg\" ><\/a><\/figure><\/li><\/ul><figcaption class=\"blocks-gallery-caption\">Fotos: Bruna Picinini\/ Grupo Solaris<\/figcaption><\/figure>\n\n\n\n<p><\/p>\n","protected":false},"excerpt":{"rendered":"<p>Acidente foi registrado pouco depois das 14h, no prolongamento da Avenida 25 de Julho, no acesso sul Uma carreta com placas de Caxias do Sul, tombou na tarde desta ter\u00e7a-feira&hellip;<\/p>\n","protected":false},"author":13,"featured_media":55050,"comment_status":"closed","ping_status":"closed","sticky":false,"template":"","format":"standard","meta":{"_lmt_disableupdate":"","_lmt_disable":"","footnotes":""},"categories":[83],"tags":[307,4354,904,6354,114,7270,283,1243],"powerkit_post_featured":[],"class_list":{"0":"post-55046","1":"post","2":"type-post","3":"status-publish","4":"format-standard","5":"has-post-thumbnail","7":"category-serra-gaucha","8":"tag-acidente","9":"tag-avenida-25-de-julho","10":"tag-carreta","11":"tag-carreta-tombada","12":"tag-flores-da-cunha","13":"tag-garrafas-de-vidro","14":"tag-serra-gaucha","15":"tag-tombamento"},"modified_by":"Filipe Brogliatto","_links":{"self":[{"href":"https:\/\/radiosolaris.com.br\/beta\/wp-json\/wp\/v2\/posts\/55046","targetHints":{"allow":["GET"]}}],"collection":[{"href":"https:\/\/radiosolaris.com.br\/beta\/wp-json\/wp\/v2\/posts"}],"about":[{"href":"https:\/\/radiosolaris.com.br\/beta\/wp-json\/wp\/v2\/types\/post"}],"author":[{"embeddable":true,"href":"https:\/\/radiosolaris.com.br\/beta\/wp-json\/wp\/v2\/users\/13"}],"replies":[{"embeddable":true,"href":"https:\/\/radiosolaris.com.br\/beta\/wp-json\/wp\/v2\/comments?post=55046"}],"version-history":[{"count":0,"href":"https:\/\/radiosolaris.com.br\/beta\/wp-json\/wp\/v2\/posts\/55046\/revisions"}],"wp:featuredmedia":[{"embeddable":true,"href":"https:\/\/radiosolaris.com.br\/beta\/wp-json\/wp\/v2\/media\/55050"}],"wp:attachment":[{"href":"https:\/\/radiosolaris.com.br\/beta\/wp-json\/wp\/v2\/media?parent=55046"}],"wp:term":[{"taxonomy":"category","embeddable":true,"href":"https:\/\/radiosolaris.com.br\/beta\/wp-json\/wp\/v2\/categories?post=55046"},{"taxonomy":"post_tag","embeddable":true,"href":"https:\/\/radiosolaris.com.br\/beta\/wp-json\/wp\/v2\/tags?post=55046"},{"taxonomy":"powerkit_post_featured","embeddable":true,"href":"https:\/\/radiosolaris.com.br\/beta\/wp-json\/wp\/v2\/powerkit_post_featured?post=55046"}],"curies":[{"name":"wp","href":"https:\/\/api.w.org\/{rel}","templated":true}]}}