{"id":54895,"date":"2021-06-06T16:45:56","date_gmt":"2021-06-06T19:45:56","guid":{"rendered":"https:\/\/radiosolaris.com.br\/beta\/?p=54895"},"modified":"2021-06-06T16:46:00","modified_gmt":"2021-06-06T19:46:00","slug":"anvisa-aguarda-documentos-do-butantan-para-estudo-sobre-a-butanvac","status":"publish","type":"post","link":"https:\/\/radiosolaris.com.br\/beta\/anvisa-aguarda-documentos-do-butantan-para-estudo-sobre-a-butanvac\/","title":{"rendered":"Anvisa aguarda documentos do Butantan para estudo sobre a Butanvac"},"content":{"rendered":"\n<h4 id=\"instituto-se-comprometeu-a-fornecer-os-dados-faltantes-ate-amanha\" class=\"wp-block-heading\">Instituto se comprometeu a fornecer os dados faltantes at\u00e9 amanh\u00e3<\/h4>\n\n\n\n<p>A Ag\u00eancia Nacional de Vigil\u00e2ncia Sanit\u00e1ria (Anvisa) informou hoje (06), que aguarda documentos do Instituto Butantan para avaliar o pedido de in\u00edcio de estudos com seres humanos para o desenvolvimento da vacina brasileira Butanvac.<img  decoding=\"async\"  src=\"data:image\/png;base64,iVBORw0KGgoAAAANSUhEUgAAAAEAAAABAQMAAAAl21bKAAAAA1BMVEUAAP+KeNJXAAAAAXRSTlMAQObYZgAAAAlwSFlzAAAOxAAADsQBlSsOGwAAAApJREFUCNdjYAAAAAIAAeIhvDMAAAAASUVORK5CYII=\"  class=\" pk-lazyload\"  data-pk-sizes=\"auto\"  data-pk-src=\"https:\/\/agenciabrasil.ebc.com.br\/ebc.png?id=1411790&amp;o=node\" ><img  decoding=\"async\"  src=\"data:image\/png;base64,iVBORw0KGgoAAAANSUhEUgAAAAEAAAABAQMAAAAl21bKAAAAA1BMVEUAAP+KeNJXAAAAAXRSTlMAQObYZgAAAAlwSFlzAAAOxAAADsQBlSsOGwAAAApJREFUCNdjYAAAAAIAAeIhvDMAAAAASUVORK5CYII=\"  class=\" pk-lazyload\"  data-pk-sizes=\"auto\"  data-pk-src=\"https:\/\/agenciabrasil.ebc.com.br\/ebc.gif?id=1411790&amp;o=node\" ><\/p>\n\n\n\n<p>De acordo com a Anvisa, este momento em que s\u00e3o necess\u00e1rias informa\u00e7\u00f5es complementares constituem a fase do processo se que o \u00f3rg\u00e3o chama de \u201cexig\u00eancia\u201d. Ainda segundo a Ag\u00eancia, o Instituto Butantan se comprometeu a fornecer os dados faltantes at\u00e9 amanh\u00e3 (07).<\/p>\n\n\n\n<p>O pedido foi apresentado no dia 26 de mar\u00e7o. Conforme a Anvisa, desde esta data durante 48 dias os t\u00e9cnicos aguardaram informa\u00e7\u00f5es complementares. Os \u00faltimos dados recebidos foram sobre o protocolo cl\u00ednico, que est\u00e3o sendo analisados pela equipe t\u00e9cnica da Ag\u00eancia.&nbsp;<\/p>\n\n\n\n<p>O esclarecimento foi divulgado ap\u00f3s not\u00edcias publicadas em meios de comunica\u00e7\u00e3o sobre uma suposta imin\u00eancia da autoriza\u00e7\u00e3o dos estudos pela Anvisa.<\/p>\n\n\n\n<p>Fonte: Ag\u00eancia Brasil<\/p>\n","protected":false},"excerpt":{"rendered":"<p>Instituto se comprometeu a fornecer os dados faltantes at\u00e9 amanh\u00e3 A Ag\u00eancia Nacional de Vigil\u00e2ncia Sanit\u00e1ria (Anvisa) informou hoje (06), que aguarda documentos do Instituto Butantan para avaliar o pedido&hellip;<\/p>\n","protected":false},"author":1,"featured_media":54896,"comment_status":"closed","ping_status":"closed","sticky":false,"template":"","format":"standard","meta":{"_lmt_disableupdate":"","_lmt_disable":"","footnotes":""},"categories":[84,1855],"tags":[585,7099,3137],"powerkit_post_featured":[],"class_list":{"0":"post-54895","1":"post","2":"type-post","3":"status-publish","4":"format-standard","5":"has-post-thumbnail","7":"category-brasil","8":"category-saude","9":"tag-anvisa","10":"tag-butanvac","11":"tag-covid-19"},"modified_by":null,"_links":{"self":[{"href":"https:\/\/radiosolaris.com.br\/beta\/wp-json\/wp\/v2\/posts\/54895","targetHints":{"allow":["GET"]}}],"collection":[{"href":"https:\/\/radiosolaris.com.br\/beta\/wp-json\/wp\/v2\/posts"}],"about":[{"href":"https:\/\/radiosolaris.com.br\/beta\/wp-json\/wp\/v2\/types\/post"}],"author":[{"embeddable":true,"href":"https:\/\/radiosolaris.com.br\/beta\/wp-json\/wp\/v2\/users\/1"}],"replies":[{"embeddable":true,"href":"https:\/\/radiosolaris.com.br\/beta\/wp-json\/wp\/v2\/comments?post=54895"}],"version-history":[{"count":0,"href":"https:\/\/radiosolaris.com.br\/beta\/wp-json\/wp\/v2\/posts\/54895\/revisions"}],"wp:featuredmedia":[{"embeddable":true,"href":"https:\/\/radiosolaris.com.br\/beta\/wp-json\/wp\/v2\/media\/54896"}],"wp:attachment":[{"href":"https:\/\/radiosolaris.com.br\/beta\/wp-json\/wp\/v2\/media?parent=54895"}],"wp:term":[{"taxonomy":"category","embeddable":true,"href":"https:\/\/radiosolaris.com.br\/beta\/wp-json\/wp\/v2\/categories?post=54895"},{"taxonomy":"post_tag","embeddable":true,"href":"https:\/\/radiosolaris.com.br\/beta\/wp-json\/wp\/v2\/tags?post=54895"},{"taxonomy":"powerkit_post_featured","embeddable":true,"href":"https:\/\/radiosolaris.com.br\/beta\/wp-json\/wp\/v2\/powerkit_post_featured?post=54895"}],"curies":[{"name":"wp","href":"https:\/\/api.w.org\/{rel}","templated":true}]}}