{"id":54887,"date":"2021-06-06T16:26:30","date_gmt":"2021-06-06T19:26:30","guid":{"rendered":"https:\/\/radiosolaris.com.br\/beta\/?p=54887"},"modified":"2021-06-06T16:27:18","modified_gmt":"2021-06-06T19:27:18","slug":"flores-da-cunha-registra-o-56o-obito-por-covid-19","status":"publish","type":"post","link":"https:\/\/radiosolaris.com.br\/beta\/flores-da-cunha-registra-o-56o-obito-por-covid-19\/","title":{"rendered":"Flores da Cunha registra o 56\u00ba \u00f3bito por Covid-19"},"content":{"rendered":"\n<h4 id=\"trata-se-de-um-homem-de-68-anos-que-estava-internado-no-hospital-fatima\" class=\"wp-block-heading\">Trata-se de um homem de 68 anos que estava internado no Hospital F\u00e1tima<\/h4>\n\n\n\n<p>A Secretaria Municipal da Sa\u00fade (SMS) de Flores da Cunha, confirmou na tarde deste domingo (6), mais uma morte em decorr\u00eancia da Covid-19, no munic\u00edpio. Trata-se de um homem de 68 anos, que estava internado no Hospital Beneficente Nossa Senhora de F\u00e1tima, em Flores da Cunha.<\/p>\n\n\n\n<p>At\u00e9 o momento o Centro de Opera\u00e7\u00f5es de Emerg\u00eancia (COE) da cidade, contabiliza 56 \u00f3bitos pelo novo coronav\u00edrus. Destes, 43 foram registrados ao longo de 2021 e 13 casos no ano passado. Esta \u00e9 a segunda morte registrada nesse m\u00eas de junho no munic\u00edpio. <a href=\"https:\/\/radiosolaris.com.br\/beta\/flores-da-cunha-registra-o-55o-obito-por-covid-19\/\" data-type=\"URL\" data-id=\"https:\/\/radiosolaris.com.br\/beta\/flores-da-cunha-registra-o-55o-obito-por-covid-19\/\" target=\"_blank\" rel=\"noreferrer noopener\">A primeira ocorreu na \u00faltima sexta (4)<\/a>. Em maio, foram nove \u00f3bitos.\u00a0<\/p>\n","protected":false},"excerpt":{"rendered":"<p>Trata-se de um homem de 68 anos que estava internado no Hospital F\u00e1tima A Secretaria Municipal da Sa\u00fade (SMS) de Flores da Cunha, confirmou na tarde deste domingo (6), mais&hellip;<\/p>\n","protected":false},"author":13,"featured_media":49743,"comment_status":"closed","ping_status":"closed","sticky":false,"template":"","format":"standard","meta":{"_lmt_disableupdate":"","_lmt_disable":"","footnotes":""},"categories":[83],"tags":[7253,2752,3137,114,222,6363,540,283],"powerkit_post_featured":[],"class_list":{"0":"post-54887","1":"post","2":"type-post","3":"status-publish","4":"format-standard","5":"has-post-thumbnail","7":"category-serra-gaucha","8":"tag-56o-obito","9":"tag-coronavirus","10":"tag-covid-19","11":"tag-flores-da-cunha","12":"tag-morte","13":"tag-morte-covid-19-em-flores-da-cunha","14":"tag-obito","15":"tag-serra-gaucha"},"modified_by":"Filipe Brogliatto","_links":{"self":[{"href":"https:\/\/radiosolaris.com.br\/beta\/wp-json\/wp\/v2\/posts\/54887","targetHints":{"allow":["GET"]}}],"collection":[{"href":"https:\/\/radiosolaris.com.br\/beta\/wp-json\/wp\/v2\/posts"}],"about":[{"href":"https:\/\/radiosolaris.com.br\/beta\/wp-json\/wp\/v2\/types\/post"}],"author":[{"embeddable":true,"href":"https:\/\/radiosolaris.com.br\/beta\/wp-json\/wp\/v2\/users\/13"}],"replies":[{"embeddable":true,"href":"https:\/\/radiosolaris.com.br\/beta\/wp-json\/wp\/v2\/comments?post=54887"}],"version-history":[{"count":0,"href":"https:\/\/radiosolaris.com.br\/beta\/wp-json\/wp\/v2\/posts\/54887\/revisions"}],"wp:featuredmedia":[{"embeddable":true,"href":"https:\/\/radiosolaris.com.br\/beta\/wp-json\/wp\/v2\/media\/49743"}],"wp:attachment":[{"href":"https:\/\/radiosolaris.com.br\/beta\/wp-json\/wp\/v2\/media?parent=54887"}],"wp:term":[{"taxonomy":"category","embeddable":true,"href":"https:\/\/radiosolaris.com.br\/beta\/wp-json\/wp\/v2\/categories?post=54887"},{"taxonomy":"post_tag","embeddable":true,"href":"https:\/\/radiosolaris.com.br\/beta\/wp-json\/wp\/v2\/tags?post=54887"},{"taxonomy":"powerkit_post_featured","embeddable":true,"href":"https:\/\/radiosolaris.com.br\/beta\/wp-json\/wp\/v2\/powerkit_post_featured?post=54887"}],"curies":[{"name":"wp","href":"https:\/\/api.w.org\/{rel}","templated":true}]}}