{"id":54675,"date":"2021-06-02T11:09:30","date_gmt":"2021-06-02T14:09:30","guid":{"rendered":"https:\/\/radiosolaris.com.br\/beta\/?p=54675"},"modified":"2021-06-03T15:09:12","modified_gmt":"2021-06-03T18:09:12","slug":"projeto-do-complexo-nova-alianca-e-apresentado-ao-prefeito-de-flores-da-cunha","status":"publish","type":"post","link":"https:\/\/radiosolaris.com.br\/beta\/projeto-do-complexo-nova-alianca-e-apresentado-ao-prefeito-de-flores-da-cunha\/","title":{"rendered":"Projeto do Complexo Nova Alian\u00e7a \u00e9 apresentado na Prefeitura de Flores da Cunha"},"content":{"rendered":"\n<h4 id=\"empreendimento-contempla-a-construcao-de-um-hotel-e-centro-comercial-com-museu-restaurante-jardim-e-praca\" class=\"wp-block-heading\">Empreendimento contempla a constru\u00e7\u00e3o de um hotel e centro comercial com museu, restaurante, jardim e pra\u00e7a<\/h4>\n\n\n\n<p>O Complexo Nova Alian\u00e7a, que ter\u00e1 futuras instala\u00e7\u00f5es na Avenida 25 de Julho, em Flores da Cunha, foi apresentado ao prefeito C\u00e9sar Ulian na manh\u00e3 de ter\u00e7a-feira (1\u00ba). O projeto contempla a constru\u00e7\u00e3o de um hotel e de um centro comercial com museu, restaurante, jardim e pra\u00e7a.<\/p>\n\n\n\n<p>A comitiva, formada pelo s\u00f3cio-diretor da Axten Hotel, Hor\u00e1cio Forni, pelo representante da empresa desenvolvedora hoteleira e s\u00f3cio da Axten Hotel, Maurenio Stortti; pelos s\u00f3cios-diretores da ANP Neg\u00f3cios Imobili\u00e1rios, Arlei Betiolo Theodoro, Nilo da Rocha e Marcelo Piazza; e pelo arquiteto da Mstortti, Tarso Hoffmeister, apresentou um v\u00eddeo demostrando uma proje\u00e7\u00e3o do empreendimento.<\/p>\n\n\n\n<p>\u201cEste \u00e9 mais um empreendimento que vem para fortalecer o turismo em nosso munic\u00edpio\u201d, destaca o prefeito, C\u00e9sar Ulian. A obra tem a parceria da Cooperativa Nova Alian\u00e7a, presidida por Alceu Dalle Molle.<\/p>\n\n\n\n<p>O encontro tamb\u00e9m contou com a participa\u00e7\u00e3o do vice-prefeito, Marcio Rech, do secret\u00e1rio de Turismo, Ind\u00fastria, Com\u00e9rcio e Servi\u00e7os, Paulo S\u00e9rgio Wichmann, da secret\u00e1ria de Planejamento, Rosiane Machado Pradella, e do chefe de gabinete, Daniel Gavazzoni.&nbsp;<\/p>\n\n\n\n<figure class=\"wp-block-gallery columns-1 is-cropped wp-block-gallery-1 is-layout-flex wp-block-gallery-is-layout-flex\"><ul class=\"blocks-gallery-grid\"><li class=\"blocks-gallery-item\"><figure><a href=\"https:\/\/radiosolaris.com.br\/beta\/wp-content\/uploads\/2021\/06\/20210602101842.jpeg\"><img  loading=\"lazy\"  decoding=\"async\"  width=\"800\"  height=\"555\"  src=\"data:image\/png;base64,iVBORw0KGgoAAAANSUhEUgAAAAEAAAABAQMAAAAl21bKAAAAA1BMVEUAAP+KeNJXAAAAAXRSTlMAQObYZgAAAAlwSFlzAAAOxAAADsQBlSsOGwAAAApJREFUCNdjYAAAAAIAAeIhvDMAAAAASUVORK5CYII=\"  alt=\"\"  data-id=\"54678\"  data-full-url=\"https:\/\/radiosolaris.com.br\/beta\/wp-content\/uploads\/2021\/06\/20210602101842.jpeg\"  data-link=\"https:\/\/radiosolaris.com.br\/beta\/?attachment_id=54678\"  class=\"wp-image-54678 pk-lazyload\"  data-pk-sizes=\"auto\"  data-ls-sizes=\"auto, (max-width: 800px) 100vw, 800px\"  data-pk-src=\"https:\/\/radiosolaris.com.br\/beta\/wp-content\/uploads\/2021\/06\/20210602101842.jpeg\"  data-pk-srcset=\"https:\/\/radiosolaris.com.br\/beta\/wp-content\/uploads\/2021\/06\/20210602101842.jpeg 800w, https:\/\/radiosolaris.com.br\/beta\/wp-content\/uploads\/2021\/06\/20210602101842-120x83.jpeg 120w, https:\/\/radiosolaris.com.br\/beta\/wp-content\/uploads\/2021\/06\/20210602101842-90x62.jpeg 90w, https:\/\/radiosolaris.com.br\/beta\/wp-content\/uploads\/2021\/06\/20210602101842-320x222.jpeg 320w, https:\/\/radiosolaris.com.br\/beta\/wp-content\/uploads\/2021\/06\/20210602101842-560x389.jpeg 560w\" ><\/a><\/figure><\/li><li class=\"blocks-gallery-item\"><figure><a href=\"https:\/\/radiosolaris.com.br\/beta\/wp-content\/uploads\/2021\/06\/20210602101840.jpeg\"><img  loading=\"lazy\"  decoding=\"async\"  width=\"800\"  height=\"546\"  src=\"data:image\/png;base64,iVBORw0KGgoAAAANSUhEUgAAAAEAAAABAQMAAAAl21bKAAAAA1BMVEUAAP+KeNJXAAAAAXRSTlMAQObYZgAAAAlwSFlzAAAOxAAADsQBlSsOGwAAAApJREFUCNdjYAAAAAIAAeIhvDMAAAAASUVORK5CYII=\"  alt=\"\"  data-id=\"54676\"  data-full-url=\"https:\/\/radiosolaris.com.br\/beta\/wp-content\/uploads\/2021\/06\/20210602101840.jpeg\"  data-link=\"https:\/\/radiosolaris.com.br\/beta\/?attachment_id=54676\"  class=\"wp-image-54676 pk-lazyload\"  data-pk-sizes=\"auto\"  data-ls-sizes=\"auto, (max-width: 800px) 100vw, 800px\"  data-pk-src=\"https:\/\/radiosolaris.com.br\/beta\/wp-content\/uploads\/2021\/06\/20210602101840.jpeg\"  data-pk-srcset=\"https:\/\/radiosolaris.com.br\/beta\/wp-content\/uploads\/2021\/06\/20210602101840.jpeg 800w, https:\/\/radiosolaris.com.br\/beta\/wp-content\/uploads\/2021\/06\/20210602101840-300x205.jpeg 300w, https:\/\/radiosolaris.com.br\/beta\/wp-content\/uploads\/2021\/06\/20210602101840-768x524.jpeg 768w\" ><\/a><\/figure><\/li><li class=\"blocks-gallery-item\"><figure><a href=\"https:\/\/radiosolaris.com.br\/beta\/wp-content\/uploads\/2021\/06\/20210602101841.jpeg\"><img  loading=\"lazy\"  decoding=\"async\"  width=\"800\"  height=\"528\"  src=\"data:image\/png;base64,iVBORw0KGgoAAAANSUhEUgAAAAEAAAABAQMAAAAl21bKAAAAA1BMVEUAAP+KeNJXAAAAAXRSTlMAQObYZgAAAAlwSFlzAAAOxAAADsQBlSsOGwAAAApJREFUCNdjYAAAAAIAAeIhvDMAAAAASUVORK5CYII=\"  alt=\"\"  data-id=\"54677\"  data-full-url=\"https:\/\/radiosolaris.com.br\/beta\/wp-content\/uploads\/2021\/06\/20210602101841.jpeg\"  data-link=\"https:\/\/radiosolaris.com.br\/beta\/?attachment_id=54677\"  class=\"wp-image-54677 pk-lazyload\"  data-pk-sizes=\"auto\"  data-pk-src=\"https:\/\/radiosolaris.com.br\/beta\/wp-content\/uploads\/2021\/06\/20210602101841.jpeg\" ><\/a><\/figure><\/li><\/ul><\/figure>\n\n\n\n<p>Fotos: Assessoria Prefeitura de Flores da Cunha<\/p>\n","protected":false},"excerpt":{"rendered":"<p>Empreendimento contempla a constru\u00e7\u00e3o de um hotel e centro comercial com museu, restaurante, jardim e pra\u00e7a O Complexo Nova Alian\u00e7a, que ter\u00e1 futuras instala\u00e7\u00f5es na Avenida 25 de Julho, em&hellip;<\/p>\n","protected":false},"author":17,"featured_media":54678,"comment_status":"closed","ping_status":"closed","sticky":false,"template":"","format":"standard","meta":{"_lmt_disableupdate":"","_lmt_disable":"","footnotes":""},"categories":[83],"tags":[7219,4694,7220,4347,114,691,326,283],"powerkit_post_featured":[],"class_list":{"0":"post-54675","1":"post","2":"type-post","3":"status-publish","4":"format-standard","5":"has-post-thumbnail","7":"category-serra-gaucha","8":"tag-centro-comercial","9":"tag-cesar-ulian","10":"tag-complexo-nova-alianca","11":"tag-cooperativa-nova-alianca","12":"tag-flores-da-cunha","13":"tag-obras","14":"tag-projeto","15":"tag-serra-gaucha"},"modified_by":"Igor Panzenhagen","_links":{"self":[{"href":"https:\/\/radiosolaris.com.br\/beta\/wp-json\/wp\/v2\/posts\/54675","targetHints":{"allow":["GET"]}}],"collection":[{"href":"https:\/\/radiosolaris.com.br\/beta\/wp-json\/wp\/v2\/posts"}],"about":[{"href":"https:\/\/radiosolaris.com.br\/beta\/wp-json\/wp\/v2\/types\/post"}],"author":[{"embeddable":true,"href":"https:\/\/radiosolaris.com.br\/beta\/wp-json\/wp\/v2\/users\/17"}],"replies":[{"embeddable":true,"href":"https:\/\/radiosolaris.com.br\/beta\/wp-json\/wp\/v2\/comments?post=54675"}],"version-history":[{"count":0,"href":"https:\/\/radiosolaris.com.br\/beta\/wp-json\/wp\/v2\/posts\/54675\/revisions"}],"wp:featuredmedia":[{"embeddable":true,"href":"https:\/\/radiosolaris.com.br\/beta\/wp-json\/wp\/v2\/media\/54678"}],"wp:attachment":[{"href":"https:\/\/radiosolaris.com.br\/beta\/wp-json\/wp\/v2\/media?parent=54675"}],"wp:term":[{"taxonomy":"category","embeddable":true,"href":"https:\/\/radiosolaris.com.br\/beta\/wp-json\/wp\/v2\/categories?post=54675"},{"taxonomy":"post_tag","embeddable":true,"href":"https:\/\/radiosolaris.com.br\/beta\/wp-json\/wp\/v2\/tags?post=54675"},{"taxonomy":"powerkit_post_featured","embeddable":true,"href":"https:\/\/radiosolaris.com.br\/beta\/wp-json\/wp\/v2\/powerkit_post_featured?post=54675"}],"curies":[{"name":"wp","href":"https:\/\/api.w.org\/{rel}","templated":true}]}}