{"id":51450,"date":"2021-04-12T08:39:44","date_gmt":"2021-04-12T11:39:44","guid":{"rendered":"https:\/\/radiosolaris.com.br\/beta\/?p=51450"},"modified":"2021-04-12T08:39:49","modified_gmt":"2021-04-12T11:39:49","slug":"campanha-mascara-roxa-registra-88-denuncias-de-violencia-contra-mulheres-e-duas-prisoes-em-flagrante","status":"publish","type":"post","link":"https:\/\/radiosolaris.com.br\/beta\/campanha-mascara-roxa-registra-88-denuncias-de-violencia-contra-mulheres-e-duas-prisoes-em-flagrante\/","title":{"rendered":"Campanha M\u00e1scara Roxa registra 88 den\u00fancias de viol\u00eancia contra mulheres e duas pris\u00f5es em flagrante"},"content":{"rendered":"\n<h4 id=\"campanha-iniciou-em-junho-de-2020\" class=\"wp-block-heading\">Campanha iniciou em junho de 2020<\/h4>\n\n\n\n<p>Em funcionamento h\u00e1 9 meses no Rio Grande do Sul, a Campanha M\u00e1scara Roxa resultou em 88 den\u00fancias e duas pris\u00f5es em flagrante por viol\u00eancia contra mulheres. A m\u00e9dia foi de 11 den\u00fancias por m\u00eas, em registros feitos em farm\u00e1cias credenciadas como canais de socorro \u00e0s v\u00edtimas, e atendidos pelos \u00f3rg\u00e3os de seguran\u00e7a.<\/p>\n\n\n\n<p>As duas pris\u00f5es ocorreram em Porto Alegre e Rio Grande. J\u00e1 as den\u00fancias foram registradas em 33 munic\u00edpios: Porto Alegre, Canoas, Nova Santa Rita, Gravata\u00ed, Alvorada, Gua\u00edba, Viam\u00e3o, Novo Hamburgo, Sapiranga, Charqueadas, Triunfo, Capela de Santana, Pareci Novo, Cap\u00e3o da Canoa, Santo Ant\u00f4nio da Patrulha, Ant\u00f4nio Prado, Casca, Bento Gon\u00e7alves, Rio Grande, Pelotas, Cap\u00e3o do Le\u00e3o, Pinhal, Carazinho, Taquari, Ven\u00e2ncio Aires, Santa Maria, Panambi, Santana da Boa Vista, Dom Feliciano, Tr\u00eas Passos, Giru\u00e1, S\u00e3o Luiz Gonzaga e Palmeira das Miss\u00f5es. As informa\u00e7\u00f5es s\u00e3o da Divis\u00e3o de Prote\u00e7\u00e3o e Atendimento \u00e0 Mulher (Dipam) da Pol\u00edcia Civil.&nbsp;<\/p>\n\n\n\n<p>Lan\u00e7ada em junho de 2020, a campanha foi motivada para reduzir os casos de viol\u00eancia decorrentes do isolamento pela pandemia. As farm\u00e1cias foram escolhidas como canais facilitadores de den\u00fancia de viol\u00eancia contra as mulheres por serem servi\u00e7os essenciais e permanecerem abertas mesmo nos per\u00edodos de maior isolamento da popula\u00e7\u00e3o. A partir disso, foi criada uma rede volunt\u00e1ria com 1.500 farm\u00e1cias em todo o estado. Os estabelecimentos credenciados como Farm\u00e1cia Amiga das Mulheres s\u00e3o locais seguros e alternativos. A campanha segue em andamento e recebe den\u00fancias de mulheres v\u00edtimas de viol\u00eancia dom\u00e9stica.<\/p>\n\n\n\n<p>O trabalho coletivo foi constitu\u00eddo com apoio dos \u00f3rg\u00e3os de seguran\u00e7a, poderes do Estado e movimento de mulheres. A rede de farm\u00e1cias \u00e9 composta por: Associadas, Agafarma, Vida, Pre\u00e7o Mais Popular, Tch\u00ea Farm\u00e1cias e L\u00edder Farma. Todas as farm\u00e1cias participantes est\u00e3o com o selo \u201cFarm\u00e1cia Amiga das Mulheres\u201d em suas vitrines e portas, para que as v\u00edtimas as identifiquem.&nbsp;<\/p>\n\n\n\n<p>Os atendentes foram capacitados para o procedimento e para garantir a seguran\u00e7a da v\u00edtima. Ao chegar na farm\u00e1cia a mulher deve pedir a m\u00e1scara roxa, que \u00e9 o c\u00f3digo para que o atendente saiba que se trata de um pedido de ajuda. O profissional dir\u00e1 que o produto est\u00e1 em falta e pegar\u00e1 alguns dados para avis\u00e1-la quando chegar. Ap\u00f3s, o atendente da farm\u00e1cia passa \u00e0 Pol\u00edcia Civil as informa\u00e7\u00f5es coletadas, via WhatsApp, para que o \u00f3rg\u00e3o tome as medidas necess\u00e1rias.<\/p>\n\n\n\n<p>Edegar Pretto, coordenador do Comit\u00ea Ga\u00facho Eles Por Elas, diz que o mundo enfrenta duas graves pandemias: do coronav\u00edrus e da viol\u00eancia contra as mulheres. Ele avalia que a pandemia e o isolamento tornaram o dia a dia das mulheres ainda mais pesado, pois al\u00e9m de acumularem tarefas da casa e do trabalho, convivem mais tempo com seus agressores.\u00a0<\/p>\n\n\n\n<h4 id=\"lei-da-mascara-roxa\" class=\"wp-block-heading\"><strong>Lei da M\u00e1scara Roxa<\/strong><\/h4>\n\n\n\n<p>A partir da campanha, a M\u00e1scara Roxa virou lei no Rio Grande do Sul. O projeto, de autoria do deputado Edegar Pretto, foi aprovado na Assembleia Legislativa e sancionado pelo governo em agosto de 2020. A legisla\u00e7\u00e3o obteve o reconhecimento do governo ga\u00facho e oficializou a M\u00e1scara Roxa como pol\u00edtica p\u00fablica no estado, com possibilidade para que outros estabelecimentos tamb\u00e9m possam servir como canal de den\u00fancia.&nbsp;<\/p>\n\n\n\n<p>Interessados em participar da campanha no Rio Grande do Sul devem entrar em contato com o Comit\u00ea Ga\u00facho ElesPorElas: WhatsApp 51 991993641 ou email <a href=\"mailto:comite.gaucho.elesporelas@gmail.com\" target=\"_blank\" rel=\"noreferrer noopener\">comite.gaucho.elesporelas@gmail.com<\/a>.<\/p>\n\n\n\n<h4 id=\"numeros-da-violencia-contra-as-mulheres-no-rio-grande-do-sul\" class=\"wp-block-heading\"><strong>N\u00fameros da viol\u00eancia contra as mulheres no R<\/strong>io Grande do Sul<\/h4>\n\n\n\n<p>Somente nos tr\u00eas primeiros meses do ano passado, no per\u00edodo de isolamento da pandemia &#8211; mar\u00e7o, abril e maio &#8211; 28 mulheres foram assassinadas por quest\u00f5es de g\u00eanero. Em abril, o aumento foi de 66,7% em rela\u00e7\u00e3o ao mesmo m\u00eas do ano anterior. Ao todo, em 2020, de janeiro a dezembro, 78 mulheres morreram v\u00edtimas de feminic\u00eddio no estado, 323 registraram ocorr\u00eancia como v\u00edtima de tentativa de feminic\u00eddio, 1.908 foram estupradas e 18.944 registraram ocorr\u00eancia como v\u00edtima de agress\u00e3o com les\u00e3o corporal. Nos dois primeiros meses de 2021 foram 14 feminic\u00eddios consumados. Os dados s\u00e3o da Secretaria de Seguran\u00e7a P\u00fablica do Estado.<\/p>\n\n\n\n<h4 id=\"eles-por-elas\" class=\"wp-block-heading\"><strong>Eles Por Elas<\/strong><\/h4>\n\n\n\n<p>O Movimento mundial da ONU Mulheres, Eles por Elas \u00e9 um esfor\u00e7o global criado em 2014 para difundir a conscientiza\u00e7\u00e3o e promover a responsabilidade de homens e meninos para a elimina\u00e7\u00e3o de todas as formas de discrimina\u00e7\u00e3o e viol\u00eancia contra as mulheres e meninas. O Rio Grande do Sul foi o primeiro estado do pa\u00eds a aderir ao Eles Por Elas, em 2015. O Comit\u00ea Ga\u00facho \u00e9 composto por empresas, universidades, institui\u00e7\u00f5es p\u00fablicas, prefeituras, artistas e os clubes de futebol da dupla Grenal.<\/p>\n\n\n\n<div class=\"wp-block-image\"><figure class=\"aligncenter size-large is-resized\"><img  loading=\"lazy\"  decoding=\"async\"  src=\"data:image\/png;base64,iVBORw0KGgoAAAANSUhEUgAAAAEAAAABAQMAAAAl21bKAAAAA1BMVEUAAP+KeNJXAAAAAXRSTlMAQObYZgAAAAlwSFlzAAAOxAAADsQBlSsOGwAAAApJREFUCNdjYAAAAAIAAeIhvDMAAAAASUVORK5CYII=\"  alt=\"\"  class=\"wp-image-51451 pk-lazyload\"  width=\"410\"  height=\"273\"  data-pk-sizes=\"auto\"  data-pk-src=\"https:\/\/radiosolaris.com.br\/beta\/wp-content\/uploads\/2021\/04\/Foto-Leandro-Molina-1024x682.jpeg\" ><\/figure><\/div>\n\n\n\n<p>Fonte:<strong> <\/strong>Leandro Molina\u00a0Assessoria de Comunica\u00e7\u00e3o &#8211; Gabinete Deputado Estadual Edegar Pretto<\/p>\n","protected":false},"excerpt":{"rendered":"<p>Campanha iniciou em junho de 2020 Em funcionamento h\u00e1 9 meses no Rio Grande do Sul, a Campanha M\u00e1scara Roxa resultou em 88 den\u00fancias e duas pris\u00f5es em flagrante por&hellip;<\/p>\n","protected":false},"author":1,"featured_media":51451,"comment_status":"closed","ping_status":"closed","sticky":false,"template":"","format":"standard","meta":{"_lmt_disableupdate":"","_lmt_disable":"","footnotes":""},"categories":[93],"tags":[213,4276,332,3302],"powerkit_post_featured":[],"class_list":{"0":"post-51450","1":"post","2":"type-post","3":"status-publish","4":"format-standard","5":"has-post-thumbnail","7":"category-noticias-rs","8":"tag-campanha","9":"tag-mascara-roxa","10":"tag-mulher","11":"tag-violencia-2"},"modified_by":null,"_links":{"self":[{"href":"https:\/\/radiosolaris.com.br\/beta\/wp-json\/wp\/v2\/posts\/51450","targetHints":{"allow":["GET"]}}],"collection":[{"href":"https:\/\/radiosolaris.com.br\/beta\/wp-json\/wp\/v2\/posts"}],"about":[{"href":"https:\/\/radiosolaris.com.br\/beta\/wp-json\/wp\/v2\/types\/post"}],"author":[{"embeddable":true,"href":"https:\/\/radiosolaris.com.br\/beta\/wp-json\/wp\/v2\/users\/1"}],"replies":[{"embeddable":true,"href":"https:\/\/radiosolaris.com.br\/beta\/wp-json\/wp\/v2\/comments?post=51450"}],"version-history":[{"count":0,"href":"https:\/\/radiosolaris.com.br\/beta\/wp-json\/wp\/v2\/posts\/51450\/revisions"}],"wp:featuredmedia":[{"embeddable":true,"href":"https:\/\/radiosolaris.com.br\/beta\/wp-json\/wp\/v2\/media\/51451"}],"wp:attachment":[{"href":"https:\/\/radiosolaris.com.br\/beta\/wp-json\/wp\/v2\/media?parent=51450"}],"wp:term":[{"taxonomy":"category","embeddable":true,"href":"https:\/\/radiosolaris.com.br\/beta\/wp-json\/wp\/v2\/categories?post=51450"},{"taxonomy":"post_tag","embeddable":true,"href":"https:\/\/radiosolaris.com.br\/beta\/wp-json\/wp\/v2\/tags?post=51450"},{"taxonomy":"powerkit_post_featured","embeddable":true,"href":"https:\/\/radiosolaris.com.br\/beta\/wp-json\/wp\/v2\/powerkit_post_featured?post=51450"}],"curies":[{"name":"wp","href":"https:\/\/api.w.org\/{rel}","templated":true}]}}